{"id":98496,"date":"2020-12-05T10:04:00","date_gmt":"2020-12-05T09:04:00","guid":{"rendered":"https:\/\/mannschaft.com\/?p=98496"},"modified":"2020-12-05T10:20:53","modified_gmt":"2020-12-05T09:20:53","slug":"zu-schwul-zu-schwarz-afd-in-berlin-verhindert-amtsarzt-denis-hedeler","status":"publish","type":"post","link":"https:\/\/alte.mannschaft.lgbt\/bimber\/zu-schwul-zu-schwarz-afd-in-berlin-verhindert-amtsarzt-denis-hedeler\/","title":{"rendered":"\u00abZu schwul, zu schwarz\u00bb? AfD in Berlin verhindert Amtsarzt"},"content":{"rendered":"<h3>Denis Hedeler war bis vor kurzem Vize-Amtsarzt im Berliner Bezirk Treptow-K\u00f6penick. Er wirft dem AfD-Gesundheitsstadtrat Bernd Geschanowski vor, ihn aufgrund seiner Hautfarbe und sexuellen Identit\u00e4t zu diskriminieren. Eine<a href=\"https:\/\/action.allout.org\/de\/m\/60f177d3\/\" target=\"_blank\" rel=\"noopener noreferrer\"> Petition mit dem Titel \u00abZu schwul, zu schwarz\u00bb<\/a>fordert die sofortige strafrechtliche Untersuchung.<\/h3>\n<header class=\"entry-header\"><\/header>\n<div class=\"entry-summary\">\n<p>Das Grundgesetz garantiert den Schutz vor Diskriminierung, heisst es in der Petition, die an Michael M\u00fcller, den Regierenden B\u00fcrgermeister Berlins und an Oliver Igel, den Bezirksb\u00fcrgermeister von Treptow-K\u00f6penick, gerichtet ist. Tats\u00e4chlich aber werde Denis Hedeler aufgrund seiner Hautfarbe und sexuellen Identit\u00e4t von Gesundheitsstadtrat Bernd Geschanowski (AfD) diskriminiert. Der wiederum spricht bei Facebook von einer <a href=\"https:\/\/www.facebook.com\/Bezirksstadtrat\/posts\/2826553530948647\" target=\"_blank\" rel=\"noopener noreferrer\">\u00abDiffamierungskampagne\u00bb<\/a>.<\/p>\n<\/div>\n<p>Gefordert wird mit der Petition eine sofortige faire und unabh\u00e4ngige Bewertung der Bewerbung von Denis Hedeler auf die Stelle des leitenden Amtsarztes im Bezirk Treptow-K\u00f6penick. Die wurde ihm n\u00e4mlich verwehrt \u2013 zu Unrecht, wie der geb\u00fcrtige Kubaner sagt. Denn der AfD-Mann st\u00f6re sich an seiner Hautfarbe und der sexuellen Orientierung.<\/p>\n<blockquote class=\"twitter-tweet lazyload\" data-expand=\"600\" data-script=\"https:\/\/platform.twitter.com\/widgets.js\"  data-width=\"550\" data-dnt=\"true\">\n<p lang=\"de\" dir=\"ltr\">Rassismus? Der epidemieerfahrene Arzt Denis Hedeler bewirbt sich als Amtsarzt im Gesundheitsamt Treptow-K\u00f6penick und wird nicht genommen. <a href=\"https:\/\/t.co\/zCaDynuBUa\">https:\/\/t.co\/zCaDynuBUa<\/a> via <a href=\"https:\/\/twitter.com\/tazgezwitscher?ref_src=twsrc%5Etfw\">@tazgezwitscher<\/a><\/p>\n<p>&mdash; Petra Ricketts \ud83c\uddea\ud83c\uddfa (@Ginger149) <a href=\"https:\/\/twitter.com\/Ginger149\/status\/1334489065748623362?ref_src=twsrc%5Etfw\">December 3, 2020<\/a><\/p><\/blockquote>\n<p>Dabei hat Hedeler nach eigenem Bekunden die besten Voraussetzungen f\u00fcr den Job: Er lebt und arbeitet seit Ende der 90er Jahre in Deutschland, hier machte er seinen Master im Fach Gesundheitswissenschaften. Er engagierte sich bei \u00c4rzte ohne Grenzen und war u. a. bei der Eind\u00e4mmung der Ebola-Epidemie in Sierra Leone im Einsatz. Trotzdem bewarb er sich vergeblich und wirft nun AfD-Gesundheitsstadtrat Geschanowski vor, ihn aus pers\u00f6nlichen Gr\u00fcnden zu diskriminieren.<\/p>\n<p>Denis Hedeler war einer von zwei Bewerbern. Eine Auswahlkommission, der u. a. Geschanowski angeh\u00f6rte, gab Hedelers Mitbewerber den Vorzug. Hedeler zur <a href=\"https:\/\/taz.de\/Aerger-mit-AfD-Stadtrat\/!5729023\/\" target=\"_blank\" rel=\"noopener noreferrer\"><em>taz<\/em><\/a>: \u00abDas war ein sehr qualifizierter Bewerber und ich h\u00e4tte mich gefreut, wenn er Amtsarzt geworden w\u00e4re.\u00bb Doch der Mitbewerber entschied sich f\u00fcr ein anderes Jobangebot. Die Stelle blieb frei; andere Bewerber*innen als Hedeler gibt es offenbar nicht.<\/p>\n<p>Der AfD-Mann soll Denis Hedeler abgelehnt haben mit den Worten: \u00abSie passen hier nicht\u00bb. Dabei habe Geschanowski auf seine Haut gezeigt und ihm empfohlen, seine \u00abAussendarstellung zu \u00e4ndern\u00bb, so Hedeler.<\/p>\n<p>Inzwischen ist Hedeler auch vom Posten als Vize-Amtsarzt entbunden. Nun fehlt dem Gesundheitsamt nicht nur eine Leitung, sondern auch der Stellvertreter. SPD und Linke im Bezirk beantragen eine Sondersitzung zu den Rassismus-Vorw\u00fcrfen. Geschanowski wollte bisher keine Gr\u00fcnde f\u00fcr die Absetzung Hedelers nennen. Laut <em>Tagesspiegel<\/em> begr\u00fcndet die kommissarische Amtsleiterin die Absetzung mit der \u00abF\u00fcrsorgepflicht gegen\u00fcber allen Mitarbeiterinnen und Mitarbeitern im Gesundheitsamt und der Sicherung des ordnungsgem\u00e4ssen Betriebes\u00bb. Der Vize-Amtsarzt habe \u00fcber l\u00e4ngere Zeit an keiner Dienstberatung teilgenommen und fachliche Anfragen nicht mehr selbst beantwortet. Hedeler habe dies dementiert, heisst es.<\/p>\n<p>Die Vorw\u00fcrfe liessen ihn nicht unber\u00fchrt, erkl\u00e4rte SPD-Bezirksb\u00fcrgermeister Oliver Igel, meint aber auch: \u00abDies ist ein sehr starker Vorwurf, der mich pers\u00f6nlich ersch\u00fcttert. Wir nehmen diesen Vorwurf sehr ernst.\u00bb Die m\u00f6glichen Gr\u00fcnde w\u00fcrden selbstverst\u00e4ndlich in aller Tiefe ermittelt, so Igel.<\/p>\n<blockquote class=\"wp-embedded-content\" data-secret=\"GnR6dkBmwC\"><p><a href=\"https:\/\/mannschaft.com\/rassismus-der-platz-neben-mir-bleibt-bis-zuletzt-frei\/\">Rassismus: \u00abDer Platz neben mir bleibt bis zuletzt frei\u00bb<\/a><\/p><\/blockquote>\n<p><iframe class=\"wp-embedded-content\" sandbox=\"allow-scripts\" security=\"restricted\" style=\"position: absolute; clip: rect(1px, 1px, 1px, 1px);\" title=\"&#8222;Rassismus: \u00abDer Platz neben mir bleibt bis zuletzt frei\u00bb&#8220; &#8212; Mannschaft Magazin\" src=\"https:\/\/mannschaft.com\/rassismus-der-platz-neben-mir-bleibt-bis-zuletzt-frei\/embed\/#?secret=GnR6dkBmwC\" data-secret=\"GnR6dkBmwC\" width=\"600\" height=\"338\" frameborder=\"0\" marginwidth=\"0\" marginheight=\"0\" scrolling=\"no\"><\/iframe><\/p>\n<p>Das Auswahlverfahren f\u00fcr die neue Leitung des Gesundheitsamtes sei in einem transparenten Verfahren nach rechtsstaatlichen Gesichtspunkten und frei von Diskriminierungen durchgef\u00fchrt worden. Keine Einzelperson habe dabei die Auswahlentscheidung getroffen. \u00dcber einzelne Gr\u00fcnde in einem konkreten Auswahlverfahren werde man zum Schutz der Kandidat*innen selbstverst\u00e4ndlich keine Auskunft geben.<\/p>\n","protected":false},"excerpt":{"rendered":"<p>Denis Hedeler ist Vize-Amtsarzt in Berlin. Er wirft dem #AfD-Gesundheitsstadtrat vor, ihn aufgrund seiner Hautfarbe und sexuellen Identit\u00e4t zu diskriminieren. Eine Petition fordert die strafrechtliche Untersuchung <a class=\"g1-link g1-link-more\" href=\"https:\/\/alte.mannschaft.lgbt\/bimber\/zu-schwul-zu-schwarz-afd-in-berlin-verhindert-amtsarzt-denis-hedeler\/\">Weiterlesen<\/a><\/p>\n","protected":false},"author":1,"featured_media":98502,"comment_status":"closed","ping_status":"closed","sticky":false,"template":"","format":"standard","meta":[],"categories":[3],"tags":[128,5544,5461],"wps_subtitle":"Das erste Ziel einer Petition von 40.000 Unterschriften ist fast erreicht","_links":{"self":[{"href":"https:\/\/alte.mannschaft.lgbt\/bimber\/wp-json\/wp\/v2\/posts\/98496"}],"collection":[{"href":"https:\/\/alte.mannschaft.lgbt\/bimber\/wp-json\/wp\/v2\/posts"}],"about":[{"href":"https:\/\/alte.mannschaft.lgbt\/bimber\/wp-json\/wp\/v2\/types\/post"}],"author":[{"embeddable":true,"href":"https:\/\/alte.mannschaft.lgbt\/bimber\/wp-json\/wp\/v2\/users\/1"}],"replies":[{"embeddable":true,"href":"https:\/\/alte.mannschaft.lgbt\/bimber\/wp-json\/wp\/v2\/comments?post=98496"}],"version-history":[{"count":0,"href":"https:\/\/alte.mannschaft.lgbt\/bimber\/wp-json\/wp\/v2\/posts\/98496\/revisions"}],"wp:featuredmedia":[{"embeddable":true,"href":"https:\/\/alte.mannschaft.lgbt\/bimber\/wp-json\/wp\/v2\/media\/98502"}],"wp:attachment":[{"href":"https:\/\/alte.mannschaft.lgbt\/bimber\/wp-json\/wp\/v2\/media?parent=98496"}],"wp:term":[{"taxonomy":"category","embeddable":true,"href":"https:\/\/alte.mannschaft.lgbt\/bimber\/wp-json\/wp\/v2\/categories?post=98496"},{"taxonomy":"post_tag","embeddable":true,"href":"https:\/\/alte.mannschaft.lgbt\/bimber\/wp-json\/wp\/v2\/tags?post=98496"}],"curies":[{"name":"wp","href":"https:\/\/api.w.org\/{rel}","templated":true}]}}