{"id":98283,"date":"2020-12-05T09:05:40","date_gmt":"2020-12-05T08:05:40","guid":{"rendered":"https:\/\/mannschaft.com\/?p=98283"},"modified":"2021-04-20T09:27:10","modified_gmt":"2021-04-20T07:27:10","slug":"armin-laschet-eine-homophobe-mogelpackung-der-freundlichkeit","status":"publish","type":"post","link":"https:\/\/alte.mannschaft.lgbt\/bimber\/armin-laschet-eine-homophobe-mogelpackung-der-freundlichkeit\/","title":{"rendered":"Armin Laschet \u2013 eine homophobe \u00abMogelpackung der Freundlichkeit\u00bb"},"content":{"rendered":"<h3>F\u00fcr den CDU-Vorsitz kandidieren NRW-Ministerpr\u00e4sident Armin Laschet, der Wirtschaftspolitiker Friedrich Merz und der Aussenpolitiker Norbert R\u00f6ttgen. Entschieden wird 2021, das Delegiert*innentreffen zur Wahl war wegen der Corona-Pandemie mehrfach verschoben worden. Wer nun meint, der schlimmste und homophobste der drei sei Merz, den warnt unser Samstagskommentator* und erinnert an Laschets Positionen zur Lebenspartnerschaft und sp\u00e4ter zur Ehe f\u00fcr alle.<\/h3>\n<p>Im Januar geht es f\u00fcr viele Konservative vielleicht nicht um alles, aber um vieles. Gew\u00e4hlt werden muss dann ein neuer Parteichef. Es ist nicht so, dass von den drei Kandidaten \u2013 alles M\u00e4nner, alle heterosexuell-klassisch-famili\u00e4r orientiert \u2013 auch nur irgendeiner so diese gewisse H\u00e4rte (plus Jovialit\u00e4t) ausstrahlen, die Nachkriegs- und Wehrmachtspersonen so eigen war. Nein, die Anw\u00e4rter auf die <a href=\"https:\/\/mannschaft.com\/akk-ruecktritt-als-cdu-chefin\/\" target=\"_blank\" rel=\"noopener noreferrer\">Nachfolge Annegret Kramp-Karrenbauers<\/a> auf den Posten des CDU-Vorsitzenden verstr\u00f6men allesamt die gewisse dr\u00f6ge Modernit\u00e4t der Jetztzeit aus, der konservativen Art nat\u00fcrlich.<\/p>\n<p>Wer Kramp-Karrenbauer, die es als Verteidigungsministerin immerhin durchsetzte, dass homophob gedisste Soldaten entsch\u00e4digt werden, ja, dass die Bundeswehr sich bei ihnen f\u00fcr erlittene Schmach entschuldigt <a href=\"https:\/\/mannschaft.com\/kollektiventschaedigung-fuer-homosexuelle-soldaten-gefordert\/\" target=\"_blank\" rel=\"noopener noreferrer\">(MANNSCHAFT berichtete)<\/a>, wer dieser Politikerin anhing, hat Pech: Sie eignet sich offenbar nicht f\u00fcr das, was die eigentlich entscheidende Thronfolge ist: die der Kanzlerin Merkel. Nach 16 Jahren wird sie im kommenden Herbst ihren Job beenden.<\/p>\n<p>Wer aber wird es? Armin Laschet, Nordrhein-Westfalens Ministerpr\u00e4sident oder Friedrich Merz, einst von Merkel aus allen wichtigen \u00c4mtern gekegelt, was nicht schwer war, denn Merz, der ultrakonservative Sauerl\u00e4nder, verliess sich zu sehr auf die Kunst der Durchsetzung nach dem Modus alter Kameraden. Das ging schief, die ostdeutsche Merkel war bitchiger und machtbewusster. Oder doch Norbert R\u00f6ttgen, der aussenpolitische Experte, der noch nie Wahlen gewonnen hat, was ihn allerdings von Friedrich Merz weder im Guten noch im Schlechten unterscheidet.<\/p>\n<p>Aber wir m\u00fcssen fragen: Wie sehr steht ein kommender CDU-Vorsitzender eigentlich zu unseren Angelegenheiten, nicht allein im Hinblick auf die 2017 mit vielen (aber weitaus nicht allen) Unionsstimmen verabschiedeten Ehe f\u00fcr alle <a href=\"https:\/\/mannschaft.com\/bundestag-oeffnet-die-ehe\/\" target=\"_blank\" rel=\"noopener noreferrer\">(MANNSCHAFT berichtete)<\/a>? Sondern auf auch das Atmosph\u00e4rische hin gepr\u00fcft \u2013 also mit der Perspektive: Propagiert da einer das Modell der heterosexuellen Norm und findet unsere politisch-kulturellen Anliegen eher unappetitlich bis vernachl\u00e4ssigbar?<\/p>\n<p>Bei Norbert R\u00f6ttgen ist es einfach. Der momentan nur als Bundestagsabgeordneter profiliert sich als ausgleichende Natur, aber bei der Bundestagsabstimmung zur Ehe f\u00fcr alle war er bei den Nein-Stimmen. Der Mann \u2013 nun ja \u2013 hat wohl offenbar die Zeichen der Zeit nicht erkannt: Konservativen, wie CDU-Gesundheitsminister Jens Spahn sagen w\u00fcrde (und gesagt hat), muss an der Institution der Ehe besonders gelegen sein, denn sie unterst\u00fctzt diese Lebensform der verbindlichen Zweisamkeit. R\u00f6ttgen hat nicht die intellektuelle Tiefe, um das erkennen zu k\u00f6nnen. Insofern: No-go!<\/p>\n<p>Friedrich Merz hingegen \u00e4usserte neulich in einem Interview, Homosexualit\u00e4t sei okay, aber sie d\u00fcrfe nicht mit Strafgesetzen kollidieren \u2013 als ob unsereins p\u00e4do w\u00e4re <a href=\"https:\/\/mannschaft.com\/merz-erntet-shitstorm-schwul-und-paedophil-gleichgesetzt\/\" target=\"_blank\" rel=\"noopener noreferrer\">(MANNSCHAFT berichtete)<\/a>. F\u00fcr ihn gilt ein noch st\u00e4rkeres No-go.<\/p>\n<blockquote class=\"wp-embedded-content\" data-secret=\"eOvVw7QiVH\"><p><a href=\"https:\/\/mannschaft.com\/lgbtiq-gedenken-neue-helden-unterm-regenbogen\/\">LGBTIQ gedenken: Neue Helden unterm Regenbogen<\/a><\/p><\/blockquote>\n<p><iframe class=\"wp-embedded-content\" sandbox=\"allow-scripts\" security=\"restricted\" style=\"position: absolute; clip: rect(1px, 1px, 1px, 1px);\" title=\"&#8222;LGBTIQ gedenken: Neue Helden unterm Regenbogen&#8220; &#8212; Mannschaft\" src=\"https:\/\/mannschaft.com\/lgbtiq-gedenken-neue-helden-unterm-regenbogen\/embed\/#?secret=eOvVw7QiVH\" data-secret=\"eOvVw7QiVH\" width=\"600\" height=\"338\" frameborder=\"0\" marginwidth=\"0\" marginheight=\"0\" scrolling=\"no\"><\/iframe><\/p>\n<p>Bleibt der irgendwie immer gem\u00fctlich vor sich hin sesselnde und r\u00e4sonierende Armin Laschet. Niemand findet ihn grauslich oder h\u00e4lt ihn gar f\u00fcr reaktion\u00e4r. Und doch, so sehr er auf Landesvater macht und grossen Integrator \u2013 ist er genau das. Ein Reaktion\u00e4r, dass es nur so kracht. Er ist schlimmer als R\u00f6ttgen und Merz, weil er so tut, er k\u00f6nne er normativ keiner queeren Fliege etwas zuleide tun.<\/p>\n<p>2007 fiel er unangenehm auf, damals noch in einem CDU-gef\u00fchrten Kabinett in Nordrhein-Westfalen, als Integrationsminister, weil er alle m\u00f6glichen Minderheiten (Migrant*innen, Behinderte etc.) an einen Konferenztisch f\u00fcr eine EU-Richtlinien lud \u2013 aber die Initiativen der Schwulen und Lesben ausdr\u00fccklich nicht. Was wie ein planerischer Patzer aussah, war aber keiner. In der Unionsdebatte um Lebenspartnerschaft und sp\u00e4ter Ehe f\u00fcr alle bezog Laschet stets die ungef\u00e4hr r\u00fcckw\u00e4rtsgewandtesten Positionen. Ehegattensplitting f\u00fcr schwule und lesbische Paare? Nein! \u00d6ffnung der Ehe f\u00fcr Homosexuelle? Nein, das verbiete sogar das Grundgesetz, wie er sagte. Das war inhaltlich alles Bullshit, reaktion\u00e4rer Mist \u2013 und nichts weiter.<\/p>\n<p>Laschet versucht im Rennen um den Posten des Parteichefs wom\u00f6glich die queere Scharte auszuwetzen, weil er \u00f6ffentlich h\u00f6rbar und durchaus offiziell Jens Spahn, als schwuler Mann mit einem Mann verheiratet, zu seinem Co nominierte. Aber davon abgesehen, dass an Spahn vom couragierten Coming-out in eigener Sache nichts Modernes und Liberales \u2013 u.a. weigert sich sein Haus, das Urteil des Bundesverfassungsgericht zum assistierten Suizid umzusetzen, weil der konservative westf\u00e4lische Politiker nicht respektieren will, dass die Kirche bei ethischen Fragen wie der Selbstt\u00f6tung nicht das letzte Wort haben soll \u2013, verk\u00f6rpert, ist Laschet nichts als Mogelpackung der Freundlichkeit. Hinter der Maske der Menschenfreundlichkeit verbirgt sich ein Politiker von gestern, der versucht, mit seinen Sekund\u00e4rcharaktereigenschaften wie Jovialit\u00e4t und Verschmitztheit den reaktion\u00e4ren Kern seiner weltanschaulichen Grundlagen zu verh\u00fcllen.<\/p>\n<blockquote class=\"wp-embedded-content\" data-secret=\"MbkzepaYGY\"><p><a href=\"https:\/\/mannschaft.com\/wer-sind-die-queeros-2020-das-voting-beginnt\/\">Wer sind die Queeros 2020? Das Voting l\u00e4uft<\/a><\/p><\/blockquote>\n<p><iframe class=\"wp-embedded-content\" sandbox=\"allow-scripts\" security=\"restricted\" style=\"position: absolute; clip: rect(1px, 1px, 1px, 1px);\" title=\"&#8222;Wer sind die Queeros 2020? Das Voting l\u00e4uft&#8220; &#8212; Mannschaft Magazin\" src=\"https:\/\/mannschaft.com\/wer-sind-die-queeros-2020-das-voting-beginnt\/embed\/#?secret=MbkzepaYGY\" data-secret=\"MbkzepaYGY\" width=\"600\" height=\"338\" frameborder=\"0\" marginwidth=\"0\" marginheight=\"0\" scrolling=\"no\"><\/iframe><\/p>\n<p>Insofern: Muss den Gr\u00fcnen ein Schrecken in die Glieder fahren, weil sie gern mit der schwarzen Union koalieren m\u00f6chten, aber kein modernes Gegen\u00fcber finden werden? Nein, m\u00fcssen sie nicht. Es gibt ja einen Politiker, der angenehm wendig und kein christlicher Fundamentalist ist: Markus S\u00f6der. Der sprach neulich in puncto Queeres cool und interessiert, ohne dies nun gleich als Offenbarung kundzutun. Er fand, sagte der bayerische Ministerpr\u00e4sident in einem Podcast bei Ulrich Wickert, er \u00abes schon immer seltsam, dass der Staat den Menschen vorschreiben will, wie sie zu leben haben. [\u2026,]\u00a0 Ob sich jetzt Mann und Frau lieben oder Mann und Mann oder Frau und Frau \u2013 die Liebe ist per se segenswert. Da gibt&#8217;s ja keine Qualifikation dazu. Und das finde ich ehrlich nicht nur r\u00fcckst\u00e4ndig, sondern finde ich auch einfach falsch. Ich kann nicht jemand verurteilen, weil er jemand anders sehr mag oder liebt oder so\u00bb.<\/p>\n<p>Mit anderen Worten: Das wird ein spannendes Wahljahr, in jeder Hinsicht.<\/p>\n<p><em>*Die Meinung der Autor*innen von\u00a0<\/em><em>Kolumnen, Kommentaren oder Gastbeitr\u00e4gen\u00a0<\/em><em>spiegelt nicht zwangsl\u00e4ufig die Meinung der Redaktion wider.<\/em><\/p>\n","protected":false},"excerpt":{"rendered":"<p>F\u00fcr den #CDU-Vorsitz kandidieren NRW-Ministerpr\u00e4sident #ArminLaschet, #Merz und #R\u00f6ttgen. Wer meint, der schlimmste und homophobste sei Merz, den warnt unser Samstagskommentar. <a class=\"g1-link g1-link-more\" href=\"https:\/\/alte.mannschaft.lgbt\/bimber\/armin-laschet-eine-homophobe-mogelpackung-der-freundlichkeit\/\">Weiterlesen<\/a><\/p>\n","protected":false},"author":1871,"featured_media":98487,"comment_status":"closed","ping_status":"closed","sticky":false,"template":"","format":"standard","meta":[],"categories":[3,3270],"tags":[5449,65,5544],"wps_subtitle":"Unser Autor h\u00e4lt fest: Bei den Kandidaten zur AKK-Nachfolge lohnt sich das genaue Hinsehen","_links":{"self":[{"href":"https:\/\/alte.mannschaft.lgbt\/bimber\/wp-json\/wp\/v2\/posts\/98283"}],"collection":[{"href":"https:\/\/alte.mannschaft.lgbt\/bimber\/wp-json\/wp\/v2\/posts"}],"about":[{"href":"https:\/\/alte.mannschaft.lgbt\/bimber\/wp-json\/wp\/v2\/types\/post"}],"author":[{"embeddable":true,"href":"https:\/\/alte.mannschaft.lgbt\/bimber\/wp-json\/wp\/v2\/users\/1871"}],"replies":[{"embeddable":true,"href":"https:\/\/alte.mannschaft.lgbt\/bimber\/wp-json\/wp\/v2\/comments?post=98283"}],"version-history":[{"count":0,"href":"https:\/\/alte.mannschaft.lgbt\/bimber\/wp-json\/wp\/v2\/posts\/98283\/revisions"}],"wp:featuredmedia":[{"embeddable":true,"href":"https:\/\/alte.mannschaft.lgbt\/bimber\/wp-json\/wp\/v2\/media\/98487"}],"wp:attachment":[{"href":"https:\/\/alte.mannschaft.lgbt\/bimber\/wp-json\/wp\/v2\/media?parent=98283"}],"wp:term":[{"taxonomy":"category","embeddable":true,"href":"https:\/\/alte.mannschaft.lgbt\/bimber\/wp-json\/wp\/v2\/categories?post=98283"},{"taxonomy":"post_tag","embeddable":true,"href":"https:\/\/alte.mannschaft.lgbt\/bimber\/wp-json\/wp\/v2\/tags?post=98283"}],"curies":[{"name":"wp","href":"https:\/\/api.w.org\/{rel}","templated":true}]}}