{"id":98267,"date":"2020-12-04T09:21:05","date_gmt":"2020-12-04T08:21:05","guid":{"rendered":"https:\/\/mannschaft.com\/?p=98267"},"modified":"2020-12-04T09:53:31","modified_gmt":"2020-12-04T08:53:31","slug":"lgbtiq-gedenken-neue-helden-unterm-regenbogen","status":"publish","type":"post","link":"https:\/\/alte.mannschaft.lgbt\/bimber\/lgbtiq-gedenken-neue-helden-unterm-regenbogen\/","title":{"rendered":"LGBTIQ gedenken: Neue Helden unterm Regenbogen"},"content":{"rendered":"<h3>LGBTIQ gedenken, 75 Jahre nach Ende des Zweiten Weltkrieges: Derzeit entstehen gleich mehrere Denkm\u00e4ler, die an die Verfolgung durch die Nazis erinnern \u2013 in D\u00fcsseldorf, Darmstadt und Wien. Welche Ans\u00e4tze verfolgen die K\u00fcnstler mit ihren recht unterschiedlichen Werken und wie bereiten sie sich auf etwaige Besch\u00e4digungen vor?<\/h3>\n<p>Seit 1994 steht das erste Mahnmal in Deutschland, das der Verfolgung von Homosexuellen im Nationalsozialismus gewidmet ist. Es ist das Jahr, als endlich der \u00abSchwulen-Paragraf\u00bb 175 aus dem deutschen Strafrecht getilgt wurde. Der Frankfurter Engel von Rosemarie Trockel ist eine androgyne Figur, teilweise entstellt \u2013 Trockel schlug ihr nach der Fertigstellung den Kopf ab und setzte ihn etwas verschoben wieder auf, sodass eine Art Narbe sichtbar blieb; auch der Fl\u00fcgel ist besch\u00e4digt. Die Skulptur der aus dem Ruhrgebiet stammenden K\u00fcnstlerin ist ein Mahnmal f\u00fcr die im Dritten Reich verfolgten und ermordeten Homosexuellen.<\/p>\n<p>Ein weiteres findet sich im Berliner Tiergarten, 2008 wurde es eingeweiht: Das Denkmal f\u00fcr die im Nationalsozialismus verfolgten Homosexuellen des D\u00e4nen Michael Elmgreen und des Norwegers Ingar Dragset. Ihr Werk \u00fcbernimmt die formale Gestaltung des Holocaust-Mahnmals auf der gegen\u00fcberliegenden Strassenseite und wird erg\u00e4nzt durch ein kleines, quadratisches Fenster, hinter dem ein Film mit Kussszenen von gleichgeschlechtlichen Partner*innen l\u00e4uft.<\/p>\n<p>Derzeit entstehen konkret zwei weitere Gedenkorte in Deutschland, ein Denkmal ist zudem in Hamburg geplant. Dort hat die Beh\u00f6rde f\u00fcr Kultur und Medien und die Initiative \u00abDenkmal sexuelle Vielfalt\u00bb in einem Workshop Anfang September mit rund 70 Vertreter*innen aus Organisationen der LGBTIQ-Community erste Ideen zu m\u00f6glichen Standorten und Zielen des Denkmals erarbeitet. Es soll ein Ort entstehen, der gleichermassen f\u00fcr sexuelle und geschlechtliche Vielfalt steht \u2013 und zwar zentral in der Hamburger Innenstadt.<\/p>\n<blockquote class=\"wp-embedded-content\" data-secret=\"BWdpTbPtDh\"><p><a href=\"https:\/\/mannschaft.com\/dresden-soll-nach-homofeindlichem-anschlag-gedenkort-erhalten\/\">Dresden soll nach homofeindlichem Anschlag Gedenkort erhalten<\/a><\/p><\/blockquote>\n<p><iframe class=\"wp-embedded-content\" sandbox=\"allow-scripts\" security=\"restricted\" style=\"position: absolute; clip: rect(1px, 1px, 1px, 1px);\" title=\"&#8222;Dresden soll nach homofeindlichem Anschlag Gedenkort erhalten&#8220; &#8212; Mannschaft Magazin\" src=\"https:\/\/mannschaft.com\/dresden-soll-nach-homofeindlichem-anschlag-gedenkort-erhalten\/embed\/#?secret=BWdpTbPtDh\" data-secret=\"BWdpTbPtDh\" width=\"600\" height=\"338\" frameborder=\"0\" marginwidth=\"0\" marginheight=\"0\" scrolling=\"no\"><\/iframe><\/p>\n<p><strong>Skulpturen von trans Pornostars<\/strong><br \/>\nW\u00e4hrend auch in der Schweiz eine Arbeitsgruppe an einem Konzept arbeitet, mit dem zum ersten Mal queere NS-Opfer ausdr\u00fccklich in einem offiziellen Mahnmal Erw\u00e4hnung finden sollen <a href=\"https:\/\/mannschaft.com\/90819-schweizer_gedenkort-fure-alle-ns-opfer-sabina-bossert\/\" target=\"_blank\" rel=\"noopener noreferrer\">(MANNSCHAFT+)<\/a>, ist man \u00d6sterreich ist schon weiter: In Wien entschied Marc Quinn den Wettbewerb f\u00fcr sich <a href=\"https:\/\/mannschaft.com\/so-erinnert-wien-an-verfolgte-homosexuelle-in-der-ns-zeit\/\" target=\"_blank\" rel=\"noopener noreferrer\">(MANNSCHAFT berichtete)<\/a>. Der aus London stammende K\u00fcnstler hatte nach seinem Durchbruch mit \u00abself\u00bb \u2013 einer Skulptur seines Kopfes aus gefrorenem Blut, das er \u00fcber f\u00fcnf Monate aus dem eigenen K\u00f6rper gewonnen hat \u2013 unter an derem Skulpturen der trans Pornodarsteller*innen Allanah Starr und Buck Angel und des trans Aktivisten Tomas Beattie gefertigt.<\/p>\n<p>Nach Quinns Entwurf entsteht nun ein Kunstwerk, das aus zwei Paar gefalteten H\u00e4nden besteht, M\u00e4nner- und Frauenh\u00e4nde. Sie werden auf einen Meter vergr\u00f6\u00dfert und in Aluminiumbronze gegossen. An jedem Handgelenk befindet sich eine flache, verspiegelte Seite. Geht man auf das Kunstwerk zu, sieht man den Park, die Stadt Wien und sich selbst in den Spiegeln.<\/p>\n<p>Mit der Umsetzung wurde bereits begonnen, eingeweiht werden soll das Denkmal im kommenden Jahr; ein genauer Zeitpunkt l\u00e4sst sich wegen etwaiger Corona-Wellen nicht vorhersagen. Durch die Reisebeschr\u00e4nkungen musste im Sommer bereits ein Wien-Besuch des K\u00fcnstlers verschoben werden, bei dem n\u00f6tige kleinere Adaptierungen besprochen werden sollten.<\/p>\n<p>Das Reisen stellt Claus Richter vor keine gr\u00f6sseren Probleme. Der K\u00f6lner hat den Wettbewerb im 45 Kilometer entfernten D\u00fcsseldorf gewonnen, der im Auftrag des Kulturausschusses ausgelobt worden war. Richter gewann mit seinem \u00abseltsam klassischen Denkmal\u00bb, wie er es selber nennt: Vier Bronzefiguren, die auf einem Sockel stehen und ihre F\u00e4uste heldenhaft in den Himmel strecken.<\/p>\n<figure id=\"attachment_98276\" aria-describedby=\"caption-attachment-98276\" style=\"width: 1024px\" class=\"wp-caption alignnone\"><a href=\"https:\/\/mannschaft.com\/bimber\/wp-content\/uploads\/2020\/12\/claus-richter.jpg\"><img data-expand=\"600\" decoding=\"async\" loading=\"lazy\" class=\"lazyload wp-image-98276 size-full\" src=\"data:image\/svg+xml;charset=utf-8,%3Csvg xmlns%3D'http%3A%2F%2Fwww.w3.org%2F2000%2Fsvg' viewBox%3D'0 0 1024 1095'%2F%3E\" data-src=\"https:\/\/mannschaft.com\/bimber\/wp-content\/uploads\/2020\/12\/claus-richter.jpg\" alt=\"LGBTIQ gedenken\" width=\"1024\" height=\"1095\" data-srcset=\"https:\/\/alte.mannschaft.lgbt\/bimber\/wp-content\/uploads\/2020\/12\/claus-richter.jpg 1024w, https:\/\/alte.mannschaft.lgbt\/bimber\/wp-content\/uploads\/2020\/12\/claus-richter-281x300.jpg 281w, https:\/\/alte.mannschaft.lgbt\/bimber\/wp-content\/uploads\/2020\/12\/claus-richter-425x454.jpg 425w, https:\/\/alte.mannschaft.lgbt\/bimber\/wp-content\/uploads\/2020\/12\/claus-richter-768x821.jpg 768w, https:\/\/alte.mannschaft.lgbt\/bimber\/wp-content\/uploads\/2020\/12\/claus-richter-561x600.jpg 561w, https:\/\/alte.mannschaft.lgbt\/bimber\/wp-content\/uploads\/2020\/12\/claus-richter-364x389.jpg 364w, https:\/\/alte.mannschaft.lgbt\/bimber\/wp-content\/uploads\/2020\/12\/claus-richter-728x778.jpg 728w, https:\/\/alte.mannschaft.lgbt\/bimber\/wp-content\/uploads\/2020\/12\/claus-richter-608x650.jpg 608w, https:\/\/alte.mannschaft.lgbt\/bimber\/wp-content\/uploads\/2020\/12\/claus-richter-758x811.jpg 758w, https:\/\/alte.mannschaft.lgbt\/bimber\/wp-content\/uploads\/2020\/12\/claus-richter-45x48.jpg 45w, https:\/\/alte.mannschaft.lgbt\/bimber\/wp-content\/uploads\/2020\/12\/claus-richter-90x96.jpg 90w, https:\/\/alte.mannschaft.lgbt\/bimber\/wp-content\/uploads\/2020\/12\/claus-richter-313x335.jpg 313w, https:\/\/alte.mannschaft.lgbt\/bimber\/wp-content\/uploads\/2020\/12\/claus-richter-400x428.jpg 400w\" data-sizes=\"(max-width: 1024px) 100vw, 1024px\" \/><\/a><figcaption id=\"caption-attachment-98276\" class=\"wp-caption-text\">Claus Richter (Pressefoto)<\/figcaption><\/figure>\n<p>\u00abEs gibt in D\u00fcsseldorf schon unheimlich viele Bronzedenkm\u00e4ler zu vielen historischen Personen oder Gegebenheiten\u201c, sagt Richter, der selber schwul ist, \u00abund alles ist nat\u00fcrlich heteronormativ\u00bb.<br \/>\nDer Wettbewerb, zu dem man ihn eingeladen hatte, war offen, man h\u00e4tte alles machen k\u00f6nnen &#8211; von einer Tonarbeit \u00fcber eine Lichtinstallation bis zu einer Performance, erz\u00e4hlt Richter, der sonst f\u00fcrs Theater arbeitet, Kulissen baut, aber auch inszeniert und Lieder schreibt. \u00abMir war aber relativ schnell klar, dass ich den vielen vorhandenen Denkm\u00e4lern in D\u00fcsseldorf eins hinzuf\u00fcgen m\u00f6chte, auf Augenh\u00f6he. Eins das zeigt, es geht hier um Leute, die gek\u00e4mpft haben. Eine andere Art von Heldendenkmal, das aber unverkennbar eins ist.\u00bb<\/p>\n<p>Daf\u00fcr bedient er sich klassischer Zeichen des Widerstandes, nicht extremer Radikalit\u00e4t, sondern Menschen, die auf die Stra\u00dfe gehen, als Teil einer Bewegung. \u00abIch habe viele Fotos von Stonewall nochmal angeschaut, da sieht man die Gesten ganz oft, aber auch in historischen Gem\u00e4lden von 1800. Also das ist ein ganz klassisches Motiv.\u00bb<\/p>\n<p>Eine Freundin wies ihn bei Facebook daraufhin, dass der Entwurf sie an die Pet Shop Boys und ihr \u00abGo West\u00bb-Video erinnere. \u00abIch bin selber gar nicht drauf gekommen, aber nat\u00fcrlich hat es was davon, diese historische \u00c4sthetik, ein bisschen propagandistisch &#8211; das hatte ich v\u00f6llig vergessen. Als Jugendlicher war ich begeistert von dem Clip.\u00bb<\/p>\n<div id=\"g1-fluid-wrapper-counter-1\" class=\"g1-fluid-wrapper \" style=\"width:662px;\" data-g1-fluid-width=\"662\" data-g1-fluid-height=\"372\">\n<div class=\"g1-fluid-wrapper-inner\" style=\"padding-bottom:56.19335347432%;\">\n<div class=\"mace-youtube\" data-mace-video=\"https:\/\/www.youtube.com\/embed\/LNBjMRvOB5M?showinfo=0&#038;rel=1&#038;ytp-pause-overlay=1&#038;autoplay=1&#038;enablejsapi=1\" data-mace-video-thumb=\"https:\/\/img.youtube.com\/vi\/LNBjMRvOB5M\/hqdefault.jpg\">\n<div class=\"mace-play-button\"><\/div>\n<\/div><\/div>\n<\/p><\/div>\n<p>Er zeigt vier Figuren, die mehr oder weniger zuordbar sind, von denen zwei das Viktoryzeichen zeigen, die anderen beiden eine Faust. \u00abEine Figur k\u00f6nnte schwul, die andere lesbisch sein, sagt er. \u201cDie n\u00e4chste nonbin\u00e4r und die vierte trans. Vielleicht kann aIles auch anders sein, das m\u00f6chte ich gerne offen lassen. Im Endeffekt sind wir ja auch alle irgendwo ganz normale Leute.\u00bb<\/p>\n<p>Dabei wendet Richter, wie er sagt, einen Trick an. \u00abIch schleiche mich mit einer Art trojanischem Pferd ein mitten in die anderen Denkm\u00e4ler. Erst wenn man die Tafel liest, wird man feststellen, worum es \u00fcberhaupt geht. Und das hat mir gut gefallen. Ich wollte nichts Verr\u00fccktes oder Abstraktes oder Superoriginelles machen, das w\u00e4re zu sehr Klischee.\u00bb<\/p>\n<p>Dazu geh\u00f6rt f\u00fcr ihn auch der Regenbogen. \u00abF\u00fcr mich w\u00e4re das zu einfach, ein Symbol zu nehmen, das sowieso schon \u00fcberall vertreten ist. Jede Firma druckt sich einen Regenbogen auf die Packung, wenn sie ihr Produkt an unsere Community verkaufen will &#8211; das ist mir ein bisschen zu schwach.\u00bb<\/p>\n<p>Matthias Braun dagegen, der den Wettbewerb in Darmstadt gewonnen hat, hat sich ganz bewusst f\u00fcr den Regenbogen entschieden<a href=\"https:\/\/mannschaft.com\/schattenseite-des-regenbogens-ein-mahnmal-fuer-die-opfer-des-%c2%a7175\/\" target=\"_blank\" rel=\"noopener noreferrer\"> (MANNSCHAFT berichtete)<\/a>. \u00abIch finde es nach wie vor gut als Symbol. Auch wenn man es schon oft gesehen hat, ist es ein guter Einstieg ins Thema. Man kann sich dann eingehender damit besch\u00e4ftigen.\u00bb<\/p>\n<figure id=\"attachment_86340\" aria-describedby=\"caption-attachment-86340\" style=\"width: 1133px\" class=\"wp-caption alignnone\"><a href=\"https:\/\/mannschaft.com\/bimber\/wp-content\/uploads\/2020\/07\/Screenshot-415.png\"><img data-expand=\"600\" decoding=\"async\" loading=\"lazy\" class=\"lazyload wp-image-86340 size-full\" src=\"data:image\/svg+xml;charset=utf-8,%3Csvg xmlns%3D'http%3A%2F%2Fwww.w3.org%2F2000%2Fsvg' viewBox%3D'0 0 1133 722'%2F%3E\" data-src=\"https:\/\/mannschaft.com\/bimber\/wp-content\/uploads\/2020\/07\/Screenshot-415.png\" alt=\"LGBTIQ gedenken\" width=\"1133\" height=\"722\" data-srcset=\"https:\/\/alte.mannschaft.lgbt\/bimber\/wp-content\/uploads\/2020\/07\/Screenshot-415.png 1133w, https:\/\/alte.mannschaft.lgbt\/bimber\/wp-content\/uploads\/2020\/07\/Screenshot-415-300x191.png 300w, https:\/\/alte.mannschaft.lgbt\/bimber\/wp-content\/uploads\/2020\/07\/Screenshot-415-425x271.png 425w, https:\/\/alte.mannschaft.lgbt\/bimber\/wp-content\/uploads\/2020\/07\/Screenshot-415-768x489.png 768w, https:\/\/alte.mannschaft.lgbt\/bimber\/wp-content\/uploads\/2020\/07\/Screenshot-415-561x357.png 561w, https:\/\/alte.mannschaft.lgbt\/bimber\/wp-content\/uploads\/2020\/07\/Screenshot-415-1122x715.png 1122w, https:\/\/alte.mannschaft.lgbt\/bimber\/wp-content\/uploads\/2020\/07\/Screenshot-415-364x232.png 364w, https:\/\/alte.mannschaft.lgbt\/bimber\/wp-content\/uploads\/2020\/07\/Screenshot-415-728x464.png 728w, https:\/\/alte.mannschaft.lgbt\/bimber\/wp-content\/uploads\/2020\/07\/Screenshot-415-608x387.png 608w, https:\/\/alte.mannschaft.lgbt\/bimber\/wp-content\/uploads\/2020\/07\/Screenshot-415-758x483.png 758w, https:\/\/alte.mannschaft.lgbt\/bimber\/wp-content\/uploads\/2020\/07\/Screenshot-415-75x48.png 75w, https:\/\/alte.mannschaft.lgbt\/bimber\/wp-content\/uploads\/2020\/07\/Screenshot-415-151x96.png 151w, https:\/\/alte.mannschaft.lgbt\/bimber\/wp-content\/uploads\/2020\/07\/Screenshot-415-313x199.png 313w, https:\/\/alte.mannschaft.lgbt\/bimber\/wp-content\/uploads\/2020\/07\/Screenshot-415-400x255.png 400w\" data-sizes=\"(max-width: 1133px) 100vw, 1133px\" \/><\/a><figcaption id=\"caption-attachment-86340\" class=\"wp-caption-text\">Der Entwurf f\u00fcr \u00abDie Schattenseite des Regenbogens\u00bb von Matthias Braun (Foto: Matthias Braun)<\/figcaption><\/figure>\n<p>Sein Regenbogen ist abgewinkelt um 90 Grad, eine Seite farbig, die andere metallen. Sch\u00f6ner Nebeneffekt: Wirft der in der Mitte gebrochene Regenbogen einen Schatten, so entsteht am Boden ein Herz. \u00abSo hat das Mahnmal auch einen positiven Aspekt\u00bb, sagt der K\u00fcnstler. \u00abNicht nur das Mahnen an die dunkle Geschichte.\u00bb<\/p>\n<p>Der 46-j\u00e4hrige Braun, selber hetero, arbeitet als Architekt und K\u00fcnstler. Ein Schwerpunkt seiner Arbeit: Kunst im \u00f6ffentlichen Raum, Kunst am Bau \u2013 f\u00fcr Darmstadt. In W\u00fcrzburg hat er bereits einen Gedenkort f\u00fcr die Verfolgung von J\u00fcd*innen gestaltet.<\/p>\n<p>Braun arbeitet mit Metall, am Ende wird es Aluminium oder Stahl sein &#8211; das ist auch eine Frage der Statik. \u00abWas man bei Kunst im \u00f6ffentlichen Raum immer mitdenken, ist die Best\u00e4ndigkeit des Materials. Dazu kommt eine Beschichtung gegen Graffiti &#8211; die wird auch oft in der Ausschreibung der Wettbewerbe gefordert.\u00bb<\/p>\n<p>In W\u00fcrzburg gab es schon erste Besch\u00e4digungen, erz\u00e4hlt Braun. Aber die h\u00e4tten sich zum Gl\u00fcck in Grenzen gehalten. \u00abEs ist wichtig, den Schaden immer direkt zu beheben, damit die Leute nicht denken, man l\u00e4sst es verwahrlosen.\u00bb<\/p>\n<p>Das Denkmal f\u00fcr die im Nationalsozialismus verfolgten Homosexuellen ist unendlich oft besch\u00e4digt worden \u2013 mal wurde es mit Farbe bespr\u00fcht, mal die Sichtscheibe zerkratzt, hinter der der Film l\u00e4uft <a href=\"https:\/\/mannschaft.com\/er-beschmierte-denkmal-fuer-verfolgte-homosexuelle-ns-opfer\/\" target=\"_blank\" rel=\"noopener noreferrer\">(MANNSCHAFT berichtete)<\/a>. Braun ist sich bewusst, dass so etwas auch seinem Denkmal widerfahren kann. Aber das ist Teil seines Gesch\u00e4fts. \u00abKapitulieren ist nicht die passende Antwort. Kunst im \u00f6ffentlichen Raum ist wie ein 24-Stunden-Museum, es hat immer offen.\u00bb Darum versuche er auch immer, es niedrigschwellig zu halten, f\u00fcr den erleichterten Einstieg. Ins Museum gingen die Leute, weil sie etwas Konkretes sehen wollen. \u00abHier werden sie hier konfrontiert mit einer Thematik. Das hat eben auch zur Folge, dass es nicht jedem gef\u00e4llt.\u00bb<\/p>\n<blockquote class=\"wp-embedded-content\" data-secret=\"z0LARrZcqP\"><p><a href=\"https:\/\/mannschaft.com\/wer-sind-die-queeros-2020-das-voting-beginnt\/\">Wer sind die Queeros 2020? Das Voting l\u00e4uft<\/a><\/p><\/blockquote>\n<p><iframe class=\"wp-embedded-content\" sandbox=\"allow-scripts\" security=\"restricted\" style=\"position: absolute; clip: rect(1px, 1px, 1px, 1px);\" title=\"&#8222;Wer sind die Queeros 2020? Das Voting l\u00e4uft&#8220; &#8212; Mannschaft Magazin\" src=\"https:\/\/mannschaft.com\/wer-sind-die-queeros-2020-das-voting-beginnt\/embed\/#?secret=z0LARrZcqP\" data-secret=\"z0LARrZcqP\" width=\"600\" height=\"338\" frameborder=\"0\" marginwidth=\"0\" marginheight=\"0\" scrolling=\"no\"><\/iframe><\/p>\n<p>\u00c4hnlich sieht es auch Claus Richter in K\u00f6ln &#8211; als Berufsrisiko gewissermassen, das man mit jedem Objekt im \u00f6ffentlichen Raum hat. \u00abIch habe aber die Hoffnung, dass im Rheinland die Stimmung anders ist als in Berlin &#8211; die Rheinl\u00e4nder gelten ja als liberal und offen.\u00bb<\/p>\n<p>Jedenfalls habe der geb\u00fcrtige Westfale keine schlaflosen N\u00e4chten wegen m\u00f6glicher Vandalismus-Vorf\u00e4lle. Noch steht es ja auch nicht. Im sp\u00e4ten Herbst sollen seine vier Figuren gegossen werden, sp\u00e4testens zum CSD 2021 ist die Einweihung geplant.<\/p>\n<p>\u00abWenn es beschmiert wird, ist das \u00e4rgerlich, und man wird es reinigen m\u00fcssen. Aber dann steht es trotzdem noch da.\u00bb Mit einem Endgewicht von mehreren Tonnen, mit dem vor allem der Sockel zu Buche schl\u00e4gt, l\u00e4sst es sich nicht einfach wegtragen &#8211; auch Zerst\u00f6ren wird man es nicht so leicht k\u00f6nnen.\u00abWenn aber jemand so viel Aggression in sich hat\u201c, sagt Richter, \u00abdann muss er vielleicht mal zum Arzt geben.\u00bb<\/p>\n","protected":false},"excerpt":{"rendered":"<p>(MANNSCHAFT+) 75 Jahre nach Ende des Zweiten Weltkrieges entstehen gleich mehrere Denkm\u00e4ler, die an die Verfolgung von LGBTIQ durch die Nazis erinnern, u. a. in #D\u00fcsseldorf, #Darmstadt, #Wien <a class=\"g1-link g1-link-more\" href=\"https:\/\/alte.mannschaft.lgbt\/bimber\/lgbtiq-gedenken-neue-helden-unterm-regenbogen\/\">Weiterlesen<\/a><\/p>\n","protected":false},"author":3,"featured_media":78029,"comment_status":"closed","ping_status":"closed","sticky":false,"template":"","format":"standard","meta":[],"categories":[3,4371,2527,1340],"tags":[5464,5461,567],"wps_subtitle":"An vielen St\u00e4dten in Deutschland, \u00d6sterreich und in der Schweiz gibt es derzeit Pl\u00e4ne \u2013 einige sind schon sehr konkret","_links":{"self":[{"href":"https:\/\/alte.mannschaft.lgbt\/bimber\/wp-json\/wp\/v2\/posts\/98267"}],"collection":[{"href":"https:\/\/alte.mannschaft.lgbt\/bimber\/wp-json\/wp\/v2\/posts"}],"about":[{"href":"https:\/\/alte.mannschaft.lgbt\/bimber\/wp-json\/wp\/v2\/types\/post"}],"author":[{"embeddable":true,"href":"https:\/\/alte.mannschaft.lgbt\/bimber\/wp-json\/wp\/v2\/users\/3"}],"replies":[{"embeddable":true,"href":"https:\/\/alte.mannschaft.lgbt\/bimber\/wp-json\/wp\/v2\/comments?post=98267"}],"version-history":[{"count":0,"href":"https:\/\/alte.mannschaft.lgbt\/bimber\/wp-json\/wp\/v2\/posts\/98267\/revisions"}],"wp:featuredmedia":[{"embeddable":true,"href":"https:\/\/alte.mannschaft.lgbt\/bimber\/wp-json\/wp\/v2\/media\/78029"}],"wp:attachment":[{"href":"https:\/\/alte.mannschaft.lgbt\/bimber\/wp-json\/wp\/v2\/media?parent=98267"}],"wp:term":[{"taxonomy":"category","embeddable":true,"href":"https:\/\/alte.mannschaft.lgbt\/bimber\/wp-json\/wp\/v2\/categories?post=98267"},{"taxonomy":"post_tag","embeddable":true,"href":"https:\/\/alte.mannschaft.lgbt\/bimber\/wp-json\/wp\/v2\/tags?post=98267"}],"curies":[{"name":"wp","href":"https:\/\/api.w.org\/{rel}","templated":true}]}}