{"id":97629,"date":"2020-11-29T09:23:39","date_gmt":"2020-11-29T08:23:39","guid":{"rendered":"https:\/\/mannschaft.com\/?p=97629"},"modified":"2020-11-29T09:46:41","modified_gmt":"2020-11-29T08:46:41","slug":"welt-aids-tag-was-bei-hiv-geklappt-hat-sollte-auch-bei-corona-funktionieren","status":"publish","type":"post","link":"https:\/\/alte.mannschaft.lgbt\/bimber\/welt-aids-tag-was-bei-hiv-geklappt-hat-sollte-auch-bei-corona-funktionieren\/","title":{"rendered":"Was bei HIV geklappt hat, sollte auch bei Corona funktionieren"},"content":{"rendered":"<h3>HIV ist der Beweis daf\u00fcr, dass man eine Epidemie oder Pandemie erfolgreich bek\u00e4mpfen kann \u2013 auch wenn kein Heilmittel und kein Impfstoff zur Verf\u00fcgung steht. Aber es gibt eine erfolgreiche Therapie, den Zusammenhalt der Betroffenen und: Solidarit\u00e4t. Das sollte doch auch bei Covid-19 klappen. Bei HIV leben wir es vor. Ein Gastbeitrag* von <a href=\"https:\/\/www.matthias-gerschwitz.de\/\" target=\"_blank\" rel=\"noopener noreferrer\">Matthias Gerschwitz<\/a> zum bevorstehenden Welt-AIDS-Tag.<\/h3>\n<p>2020 ist das erste Jahr, in dem ich mir wegen HIV albern vorkomme. Nicht, weil ich HIV albern f\u00e4nde, sondern weil es derzeit andere Probleme zu l\u00f6sen gilt. Was HIV betrifft, werde ich nicht m\u00fcde, in Schulen und anderen Bildungseinrichtungen die Geschichte der Infektion und meinen mittlerweile mehr als 28-j\u00e4hrigen Umgang mit der Immunschw\u00e4che zu erz\u00e4hlen, um den Jugendlichen m\u00f6gliche Risiken und Nebenwirkungen der Sexualit\u00e4t, aber auch die ungemeinen Fortschritte in den letzten 25 Jahren begreiflich zu machen. Um ihnen die Freude an der Entdeckung der eigenen Sexualit\u00e4t nicht von der irrationalen Angst vor sexuell \u00fcbertragbaren Krankheiten nehmen zu lassen. Und \u2013 ganz eigenn\u00fctzig \u2013 um uns, den HIV-positiven Menschen, eine weitere Generation von nicht aufgekl\u00e4rten, unwissenden und vorurteilsbelasteten Mitmenschen zu ersparen.<\/p>\n<p>Denn wenn man aktuell in HIV-Foren schaut, finden sich dort 18- bis 30-j\u00e4hrige Menschen, die Fragen, Sorgen und \u00c4ngste haben, die ich aus den achtziger Jahren kenne und die Mitte der Neunziger eigentlich gekl\u00e4rt waren. Aber sie sind pl\u00f6tzlich wieder da, so als h\u00e4tte es die antiretrovirale Therapie (seit 1996), das EKAF-Statement (2008) oder die unz\u00e4hligen Aktivit\u00e4ten von AIDS-Hilfen und Einzelpersonen und ihre Bem\u00fchungen bei der Aufkl\u00e4rung, was HIV heute ist \u2013 und vor allem: was es nicht (mehr) ist \u2013 nie gegeben.<\/p>\n<p>Zur Erinnerung: Wir leben im Jahr 2020 und haben mittlerweile drei M\u00f6glichkeiten, HIV vorzubeugen: das Kondom, die antiretrovirale Therapie und die PrEP (Pr\u00e4expositionsprophylaxe). Bei diesen Wahlm\u00f6glichkeiten d\u00fcrfte f\u00fcr jeden etwas dabei sein. <em>Chacun \u00e0 son go\u00fbt.<\/em> Und: In Deutschland leben 0,12% der Bev\u00f6lkerung mit HIV oder sind an AIDS erkrankt. Davon nutzen mittlerweile fast 90% erfolgreich die antiretrovirale Therapie, um das Virus nicht mehr weitergeben zu k\u00f6nnen <a href=\"https:\/\/mannschaft.com\/hiv-unter-therapie-sich-beim-sex-endlich-wieder-fallen-lassen\/\" target=\"_blank\" rel=\"noopener noreferrer\">(wie gut das funktioniert, ist allerdings immer noch zu wenig bekannt \u2013 MANNSCHAFT berichtete)<\/a>. Um zu verhindern, dass das Virus im eigenen K\u00f6rper Schaden anrichtet.<\/p>\n<blockquote class=\"wp-embedded-content\" data-secret=\"o66F22TImb\"><p><a href=\"https:\/\/mannschaft.com\/mein-hiv-test-ist-positiv-was-jetzt\/\">Mein HIV-Test ist positiv \u2013 was jetzt?<\/a><\/p><\/blockquote>\n<p><iframe class=\"wp-embedded-content\" sandbox=\"allow-scripts\" security=\"restricted\" style=\"position: absolute; clip: rect(1px, 1px, 1px, 1px);\" title=\"&#8222;Mein HIV-Test ist positiv \u2013 was jetzt?&#8220; &#8212; Mannschaft Magazin\" src=\"https:\/\/mannschaft.com\/mein-hiv-test-ist-positiv-was-jetzt\/embed\/#?secret=o66F22TImb\" data-secret=\"o66F22TImb\" width=\"600\" height=\"338\" frameborder=\"0\" marginwidth=\"0\" marginheight=\"0\" scrolling=\"no\"><\/iframe><\/p>\n<p>Bei allen Errungenschaften: Der Welt-AIDS-Tag 2020 wird, so f\u00fcrchte ich, untergehen in einer Kakophonie aus Corona-Leugnung und Demokratieverachtung. Die gesellschaftliche Wahrnehmung von HIV, ohnehin auf diesen einen Tag beschr\u00e4nkt, wird wieder einmal leiden. Denn eine kleine Gruppe von Menschen, die sich auf die Fahne geschrieben hat, vollkommen empathiebefreit und stur-egoistisch die eigenen Ziele durchzusetzen, bestimmt derzeit den Diskurs oder glaubt das zumindest. Corona auf allen Kan\u00e4len. Die Mund-Nasen-Bedeckung sei ein \u00abMaulkorb\u00bb und w\u00fcrde die freie Meinungs\u00e4usserung verhindern, skandieren sie. Dabei widersprechen sie sich in jedem Satz selbst. Bewusst?<\/p>\n<p>Ich ertappe mich gelegentlich dabei, mir wirklich die Diktatur zu ersehnen, von der sie best\u00e4ndig faseln \u2013 nur, damit das aufh\u00f6rt. Dass ich den Gedanken sofort wieder verwerfe, muss ich wohl nicht extra betonen \u2013 zu viel liegt mir an der Demokratie. Ich kenne nichts anderes. Ich will nichts anderes. Denn nur die Demokratie bietet die Freiheit, die ich will.<\/p>\n<p>Beamen wir uns zur\u00fcck in die 80er Jahre: Man stelle sich vor, Menschen w\u00e4ren damals auf die Strasse gegangen, um gegen die Verwendung eines Kondoms zu demonstrieren. Es gab zwar keine Kondompflicht wie heute bei der Mund-Nasen-Bedeckung \u2013 aber ich bin sicher, dass dieselben Menschen, die sich heute durch die Maske (angeblich) ihrer Freiheit beraubt sehen, w\u00fctend gegen diese Demonstranten vorgegangen w\u00e4ren. Sie h\u00e4tten sich bedroht gef\u00fchlt, weil HIV im Raum stand und die Ablehnung des Kondoms ihre Freiheit gef\u00e4hrdet h\u00e4tte. Und das, obwohl die Wahrscheinlichkeit, mit den damaligen Kondomgegner*innen sexuell zu verkehren, stark gegen Null strebte. Aber h\u00e4tte man sie \u00fcberhaupt wahrgenommen? Die grosse Mehrheit ignorierte HIV \u00fcber lange Zeit, weil sie glaubte, von der Infektion nicht betroffen zu sein. Wen k\u00fcmmerte es also, wenn in irgendwelchen Randgruppen Todesf\u00e4lle auftraten?<\/p>\n<p>Wen k\u00fcmmern eigentlich die Todesf\u00e4lle bei Corona? \u00bbIch kenne keinen, der es hat\u00ab, heisst es, wenn man die Tatsache oder die Risiken anzweifeln will. Ich kenne leider (mindestens) einen, der an den Folgen verstorben ist. \u00bbAn den Folgen!\u00ab, h\u00f6hnen die Corona-Leugner*innen, weil es f\u00fcr sie wichtig ist, ob man an, mit oder durch das Virus stirbt. Als mache das einen Unterschied! Fragt man bei Verkehrstoten, mit welchem Fuss der Mensch die Strasse betreten hat, ob der Unfall in einem VW oder Renault passierte oder welche Farbe der Strassenbelag hatte? Auch HIV fordert immer noch Opfer. Pro Jahr versterben weltweit um die 700.000 Menschen an den Folgen. In einem Land mehr, in einem anderen Land weniger. Niemand stellt die Frage \u00bban, mit oder durch\u00ab, denn tats\u00e4chlich ist keiner der mittlerweile weit \u00fcber 30 Millionen Toten an HIV oder AIDS gestorben. Die Viren \u00f6ffnen die T\u00fcren f\u00fcr andere Krankheiten, die das Leben bedrohen. Eine davon k\u00f6nnte Corona sein. Da hat es 2020 weltweit bereits doppelt so viele Todesf\u00e4lle gegeben wie bei HIV. Und HIV macht Angst? <a href=\"https:\/\/mannschaft.com\/unaids-corona-pandemie-ist-rueckschlag-fuer-kampf-gegen-hiv\/\" target=\"_blank\" rel=\"noopener noreferrer\">(Die Corona-Pandemie k\u00f6nnte im Kampf gegen HIV einen R\u00fcckschlag und viele zus\u00e4tzliche Todesf\u00e4llen bedeuten, warnte jetzt UNAIDS \u2013 MANNSCHAFT berichtete)<\/a>.<\/p>\n<p>Dabei braucht es bei Covid-19 weder Sperma, Blut noch eine andere infekti\u00f6se K\u00f6rperfl\u00fcssigkeit, um Viren zu \u00fcbertragen. Es kommt auch nicht auf die sexuelle Orientierung oder einen anderen Diskriminierungsgrund an. Es gen\u00fcgt, zu atmen. Vor allem: einzuatmen. Egal, ob es eine Vorerkrankung gibt. Die Verantwortlichen in Bund und L\u00e4ndern versuchen, mit vielerlei Massnahmen die \u00dcbertragungsrisiken und \u00dcbertragungsraten zu minimieren. Man kann trefflich \u00fcber die Wirkung und die Auswirkungen dieser Massnahmen streiten. Man muss das sogar! Man kann die Mund-Nasen-Bedeckung schrecklich finden. Man soll das sogar! Man darf demonstrieren und alle Mittel des Rechtsstaates aussch\u00f6pfen. Aber was sind die konstruktiven Alternativen?<\/p>\n<p>Die Alternative bei den sogenannten \u00bbQuerdenkern\u00ab ist destruktiv und heisst grunds\u00e4tzlich: \u00bbNein! Wir wollen das nicht!\u00ab Was wollen sie dann? Die Art und Weise der Demonstrationen, die Wahl von Worten und Mitteln, die Heftigkeit in der Auseinandersetzung bis hin zur Missachtung demokratischer Institutionen, die steten ebenso unpassenden wir unglaublichen Vergleiche mit Pers\u00f6nlichkeiten der Geschichte lassen vermuten, dass \u00abdie Regierung\u00bb qua diktatorischem Dekret ein allgemeines Atemverbot ausgesprochen habe, gegen das es zu k\u00e4mpfen gelte. Ist das so?<\/p>\n<blockquote class=\"wp-embedded-content\" data-secret=\"4mChoJ7u7N\"><p><a href=\"https:\/\/mannschaft.com\/der-winter-ist-da-die-neue-mannschaft-auch\/\">Mit MANNSCHAFT \u00fcberwintern \u2013 Die neue Ausgabe ist da!<\/a><\/p><\/blockquote>\n<p><iframe class=\"wp-embedded-content\" sandbox=\"allow-scripts\" security=\"restricted\" style=\"position: absolute; clip: rect(1px, 1px, 1px, 1px);\" title=\"&#8222;Mit MANNSCHAFT \u00fcberwintern \u2013 Die neue Ausgabe ist da!&#8220; &#8212; Mannschaft Magazin\" src=\"https:\/\/mannschaft.com\/der-winter-ist-da-die-neue-mannschaft-auch\/embed\/#?secret=4mChoJ7u7N\" data-secret=\"4mChoJ7u7N\" width=\"600\" height=\"338\" frameborder=\"0\" marginwidth=\"0\" marginheight=\"0\" scrolling=\"no\"><\/iframe><\/p>\n<p>Es f\u00e4llt auf, wie wenig das Krakeelen mit der Sache selbst zu tun hat. Die Begr\u00fcndungen werden aus allen Ecken geholt \u2013 je weiter, je besser. Zum Beispiel mit dem Verweis auf die geringe Infektionsrate. Gerade mal ein Prozent der getesteten Bev\u00f6lkerung seien betroffen, heisst es. Warum also etwas dagegen unternehmen? \u00abEin bisschen Schwund ist immer\u00bb, schiesst es einem durch den Kopf. Ein Prozent? Das ist acht Mal mehr als bei HIV. Und HIV macht Angst?<\/p>\n<p>2020 ist das erste Jahr, in dem ich mir wegen HIV albern vorkomme. Nicht, weil ich HIV albern f\u00e4nde. Sondern, weil es andere Probleme zu l\u00f6sen gilt. Probleme, die mit einfachen Mitteln vermindert oder sogar verhindert werden k\u00f6nnen. Mit Intelligenz, mit R\u00fccksicht, mit Solidarit\u00e4t. Und mit einer Mund-Nasen-Bedeckung \u2013 so wie damals das Kondom als einziger Schutz galt, bevor die antiretrovirale Therapie ihren Siegeszug feiern konnte. HIV der Beweis daf\u00fcr, dass man eine Epidemie oder Pandemie erfolgreich bek\u00e4mpfen kann, auch wenn es kein Heilmittel und keinen Impfstoff gibt. Aber eine erfolgreiche Therapie. Und den Zusammenhalt der Betroffenen. Und Solidarit\u00e4t. Das sollte doch auch bei Covid-19 klappen. Bei HIV leben wir es vor.<\/p>\n<p>Mein pers\u00f6nliches WAT-Motto lautet daher \u2013 unabh\u00e4ngig von allen Viren dieser Welt: \u00abEs geht. In jeder Beziehung. Gemeinsam. Wenn man nur will.\u00bb<\/p>\n<p><em>*Die Meinung der Autor*innen von\u00a0<\/em><em>Kolumnen, Kommentaren oder Gastbeitr\u00e4gen\u00a0<\/em><em>spiegelt nicht zwangsl\u00e4ufig die Meinung der Redaktion wider.<\/em><\/p>\n","protected":false},"excerpt":{"rendered":"<p>HIV ist der Beweis, dass man eine Epidemie oder Pandemie erfolgreich bek\u00e4mpfen kann. Sollte auch bei #Corona klappen. Bei HIV leben wir es vor, schreibt Mathias Gerschwitz zum #WeltAIDSTag 2020 <a class=\"g1-link g1-link-more\" href=\"https:\/\/alte.mannschaft.lgbt\/bimber\/welt-aids-tag-was-bei-hiv-geklappt-hat-sollte-auch-bei-corona-funktionieren\/\">Weiterlesen<\/a><\/p>\n","protected":false},"author":1,"featured_media":97630,"comment_status":"closed","ping_status":"closed","sticky":false,"template":"","format":"standard","meta":[],"categories":[25,2],"tags":[5467,5468,5488],"wps_subtitle":"Der diesj\u00e4hrige Welt-AIDS-Tag wird in einer Kakophonie aus Corona-Leugnung und Demokratieverachtung untergehen, f\u00fcrchtet unser Autor","_links":{"self":[{"href":"https:\/\/alte.mannschaft.lgbt\/bimber\/wp-json\/wp\/v2\/posts\/97629"}],"collection":[{"href":"https:\/\/alte.mannschaft.lgbt\/bimber\/wp-json\/wp\/v2\/posts"}],"about":[{"href":"https:\/\/alte.mannschaft.lgbt\/bimber\/wp-json\/wp\/v2\/types\/post"}],"author":[{"embeddable":true,"href":"https:\/\/alte.mannschaft.lgbt\/bimber\/wp-json\/wp\/v2\/users\/1"}],"replies":[{"embeddable":true,"href":"https:\/\/alte.mannschaft.lgbt\/bimber\/wp-json\/wp\/v2\/comments?post=97629"}],"version-history":[{"count":0,"href":"https:\/\/alte.mannschaft.lgbt\/bimber\/wp-json\/wp\/v2\/posts\/97629\/revisions"}],"wp:featuredmedia":[{"embeddable":true,"href":"https:\/\/alte.mannschaft.lgbt\/bimber\/wp-json\/wp\/v2\/media\/97630"}],"wp:attachment":[{"href":"https:\/\/alte.mannschaft.lgbt\/bimber\/wp-json\/wp\/v2\/media?parent=97629"}],"wp:term":[{"taxonomy":"category","embeddable":true,"href":"https:\/\/alte.mannschaft.lgbt\/bimber\/wp-json\/wp\/v2\/categories?post=97629"},{"taxonomy":"post_tag","embeddable":true,"href":"https:\/\/alte.mannschaft.lgbt\/bimber\/wp-json\/wp\/v2\/tags?post=97629"}],"curies":[{"name":"wp","href":"https:\/\/api.w.org\/{rel}","templated":true}]}}