{"id":97296,"date":"2020-11-25T11:46:43","date_gmt":"2020-11-25T10:46:43","guid":{"rendered":"https:\/\/mannschaft.com\/?p=97296"},"modified":"2020-11-25T16:26:19","modified_gmt":"2020-11-25T15:26:19","slug":"olaf-latzel-wegen-volksverhetzung-verurteilt","status":"publish","type":"post","link":"https:\/\/alte.mannschaft.lgbt\/bimber\/olaf-latzel-wegen-volksverhetzung-verurteilt\/","title":{"rendered":"Olaf Latzel wegen Volksverhetzung verurteilt"},"content":{"rendered":"<h3>Der Pastor der evangelischen St.-Martini-Gemeinde in Bremen, Olaf Latzel, wurde am Mittwoch wegen Volksverhetzung verurteilt. Die Vorsitzende Richterin sagte, der 53-j\u00e4hrige Theologe habe in einem auf Youtube verbreiteten Seminar zum Hass gegen Homosexuelle angestachelt.<\/h3>\n<p>Die Richterin schloss sich der Forderung der Staatsanwaltschaft an und verh\u00e4ngte eine Freiheitsstrafe von vier Monaten, umgewandelt zu einer Geldstrafe von 8100 Euro. Die Verteidigung von Olaf Latzel hatte auf Freispruch pl\u00e4diert.<\/p>\n<p>Der Fall wurde Corona-bedingt aus Platzgr\u00fcnden nicht im Gericht, sondern in einem Konzertsaal verhandelt. Insgesamt waren drei Prozesstage angesetzt.<\/p>\n<p>Er sei \u00abzutiefst betroffen\u00bb, dass ein Pastor seiner Kirche wegen Volksverhetzung verurteilt worden ist, kommentierte der Schriftf\u00fchrer der Bremischen Evangelischen Kirche (BEK), Pastor Bernd Kuschnerus, laut <em><a href=\"https:\/\/www.weser-kurier.de\/bremen\/bremen-stadt_artikel,-gericht-verurteilt-bremer-pastor-zu-geldstrafe-_arid,1945985.html\" target=\"_blank\" rel=\"noopener noreferrer\">Weser-Kurier<\/a>.<\/em> \u00abDie \u00c4usserungen, die der Verurteilung zugrunde liegen, sind nicht hinnehmbar und schaden dem Ansehen der ganzen Kirche.\u00bb<\/p>\n<blockquote class=\"wp-embedded-content\" data-secret=\"rAwDZMxVHd\"><p><a href=\"https:\/\/mannschaft.com\/nl-gesetzgeber-wollen-erklaerungen-gegen-homosexuelle-an-konfessionellen-schulen-verbieten\/\">Niederlande wollen Schulpolitik gegen Homosexuelle verbieten<\/a><\/p><\/blockquote>\n<p><iframe class=\"wp-embedded-content\" sandbox=\"allow-scripts\" security=\"restricted\" style=\"position: absolute; clip: rect(1px, 1px, 1px, 1px);\" title=\"&#8222;Niederlande wollen Schulpolitik gegen Homosexuelle verbieten&#8220; &#8212; Mannschaft Magazin\" src=\"https:\/\/mannschaft.com\/nl-gesetzgeber-wollen-erklaerungen-gegen-homosexuelle-an-konfessionellen-schulen-verbieten\/embed\/#?secret=rAwDZMxVHd\" data-secret=\"rAwDZMxVHd\" width=\"600\" height=\"338\" frameborder=\"0\" marginwidth=\"0\" marginheight=\"0\" scrolling=\"no\"><\/iframe><\/p>\n<p>Der Verteidiger von Olaf Latzel nannte das Urteil eine Katastrophe und k\u00fcndigte an, Rechtsmittel einzulegen und notfalls bis vors Bundesverfassungsgericht zu ziehen. Die Landeskirche will im Dezember \u00fcber m\u00f6gliche Konsequenzen beraten.<\/p>\n<p>Nach einer Beurlaubung von sechs Wochen hatte der homophobe Prediger im August den Dienst wieder aufgenommen. Er habe M\u00e4ssigung versprochen, hiess es <a href=\"https:\/\/mannschaft.com\/2020\/08\/19\/olaf-latzel-wieder-da-zur-maessigung-verpflichtet\/\" target=\"_blank\" rel=\"noopener noreferrer\">(MANNSCHAFT berichtete)<\/a>. Als Kirchenbeamter hatte sich Olaf Latzel verpflichtet, seine Amtsgesch\u00e4fte bis Anfang Dezember ruhen zu lassen. Obwohl er sich homofeindlich ge\u00e4ussert hatte, hatten seine Anh\u00e4nger*innen eine erfolgreiche Petition f\u00fcr ihn gestartet <a href=\"https:\/\/mannschaft.com\/2020\/05\/13\/olaf-latzel-petition-stellt-sich-hinter-bremens-homophoben-pastor\/\" target=\"_blank\" rel=\"noopener noreferrer\">(MANNSCHAFT berichtete)<\/a>.<\/p>\n<p>Die Bremer Staatsanwaltschaft hatte ihn Anfang Juli wegen Volksverhetzung angeklagt. Der Vorwurf: Er soll am 19. Oktober 2019 in einem Eheseminar volksverhetzende \u00c4usserungen von sich gegeben haben. Einzelne Passagen des als Audiodatei online ver\u00f6ffentlichten Vortrags wertete die Staatsanwaltschaft als volksverhetzend. Latzel gab an, missverstanden worden zu sein.<\/p>\n<p>Der Prediger soll damals erkl\u00e4rt haben: \u00ab\u00dcberall laufen diese Verbrecher rum von diesem Christopher Street Day, feiern ihre Partys, bringen Dinger raus, auf unserem Rathaus wird die Regenbogenfahne gehisst halt. Das sind bewusst anti-christliche, anti-biblische Dinger halt, die ganz klar gesetzt werden, mit denen die Ehe torpediert wird.\u00bb<\/p>\n","protected":false},"excerpt":{"rendered":"<p>Der Pastor Olaf Latzel wurde am Mittwoch wegen Volksverhetzung verurteilt. Die Vorsitzende Richterin sagte, der 53-j\u00e4hrige Theologe habe in einem auf Youtube verbreiteten Seminar zum Hass gegen Homosexuelle angestachelt. <a class=\"g1-link g1-link-more\" href=\"https:\/\/alte.mannschaft.lgbt\/bimber\/olaf-latzel-wegen-volksverhetzung-verurteilt\/\">Weiterlesen<\/a><\/p>\n","protected":false},"author":1,"featured_media":97345,"comment_status":"closed","ping_status":"closed","sticky":false,"template":"","format":"standard","meta":[],"categories":[3,10],"tags":[5463,5461,5512],"wps_subtitle":"F\u00fcr den Prediger ist gelebte Homosexualit\u00e4t ein \u00abtodesw\u00fcrdiges Verbrechen\u00bb","_links":{"self":[{"href":"https:\/\/alte.mannschaft.lgbt\/bimber\/wp-json\/wp\/v2\/posts\/97296"}],"collection":[{"href":"https:\/\/alte.mannschaft.lgbt\/bimber\/wp-json\/wp\/v2\/posts"}],"about":[{"href":"https:\/\/alte.mannschaft.lgbt\/bimber\/wp-json\/wp\/v2\/types\/post"}],"author":[{"embeddable":true,"href":"https:\/\/alte.mannschaft.lgbt\/bimber\/wp-json\/wp\/v2\/users\/1"}],"replies":[{"embeddable":true,"href":"https:\/\/alte.mannschaft.lgbt\/bimber\/wp-json\/wp\/v2\/comments?post=97296"}],"version-history":[{"count":0,"href":"https:\/\/alte.mannschaft.lgbt\/bimber\/wp-json\/wp\/v2\/posts\/97296\/revisions"}],"wp:featuredmedia":[{"embeddable":true,"href":"https:\/\/alte.mannschaft.lgbt\/bimber\/wp-json\/wp\/v2\/media\/97345"}],"wp:attachment":[{"href":"https:\/\/alte.mannschaft.lgbt\/bimber\/wp-json\/wp\/v2\/media?parent=97296"}],"wp:term":[{"taxonomy":"category","embeddable":true,"href":"https:\/\/alte.mannschaft.lgbt\/bimber\/wp-json\/wp\/v2\/categories?post=97296"},{"taxonomy":"post_tag","embeddable":true,"href":"https:\/\/alte.mannschaft.lgbt\/bimber\/wp-json\/wp\/v2\/tags?post=97296"}],"curies":[{"name":"wp","href":"https:\/\/api.w.org\/{rel}","templated":true}]}}