{"id":97288,"date":"2020-11-25T14:25:17","date_gmt":"2020-11-25T13:25:17","guid":{"rendered":"https:\/\/mannschaft.com\/?p=97288"},"modified":"2020-11-25T17:11:25","modified_gmt":"2020-11-25T16:11:25","slug":"gewalt-an-frauen-in-der-pandemie-frauen-und-lgbtiq-besser-schuetzen","status":"publish","type":"post","link":"https:\/\/alte.mannschaft.lgbt\/bimber\/gewalt-an-frauen-in-der-pandemie-frauen-und-lgbtiq-besser-schuetzen\/","title":{"rendered":"In der Pandemie: Frauen und LGBTIQ besser sch\u00fctzen!"},"content":{"rendered":"<h3>Zum internationalen Tag gegen die Gewalt an Frauen haben die Gr\u00fcnen im Europaparlament einen verbesserten Schutz gefordert. Das Parlament debattiert zudem \u00fcber die neue LGBTIQ-Strategie der Kommission.<\/h3>\n<p>\u00abWir diskutieren heute \u00fcber fundamentale Aspekte unserer europ\u00e4ischen Werte und Menschenrechte\u00bb, sagt Monika Vana. Die Tatsache, dass w\u00e4hrend einer Krise wie Covid-19 viele Frauen- und LGBTIQ-Rechte wieder verst\u00e4rkt unter Beschuss st\u00fcnden, f\u00fchre uns verst\u00f6rend klar vor Augen, dass wir noch einen langen Weg zur Gleichstellung vor uns h\u00e4tten, so die Delegationsleiterin der Gr\u00fcnen im Europaparlament.<\/p>\n<p>Es zeige, dass erk\u00e4mpfte Rechte nie sicher sind, sondern immer weiter verteidigt werden m\u00fcssen. Gewalt gegen Frauen sei ein globales Problem, von dem jede zweite Frau in der EU betroffen sei. Um es entschlossen zu bek\u00e4mpfen, gelte es auf allen Ebenen partei\u00fcbergreifend zusammenzuarbeiten und von bekennenden Worten zu rechtsverbindlichen Taten zu schreiten.<\/p>\n<p>\u00abWir Gr\u00fcne fordern seit Jahren eine Richtlinie zu Gender Based Violence, die EU weite Standards vorgibt und somit einen h\u00f6heren Schutz von Frauen erm\u00f6glicht sowie mehr EU-Mittel f\u00fcr den Gewaltschutz, insbesondere die St\u00e4rkung des Daphne-Programms\u00bb, so Vana.<\/p>\n<p>Weiter w\u00fcrden sie an Kommissionspr\u00e4sidentin von der Leyen appellieren, die Istanbul-Konvention endlich zu ratifizieren und Gender Based Violence in die Liste der EU Crimes aufzunehmen.\u00a0Das Europaparlament debattiert heute Mittwoch \u00fcber das Recht auf Schwangerschaftsabbruch in Polen sowie die neue LGBTIQ-Strategie der Kommission. Vergangene Woche fand zudem eine Konferenz zur Situation von Lesben und Regenbogenfamilien in der EU statt (<a href=\"https:\/\/mannschaft.com\/mehr-sichtbarkeit-und-schutz-fuer-lesben-in-europa\/\">MANNSCHAFT berichtete<\/a>).<\/p>\n<p>\u00abAuch das de facto Verbot von Schwangerschaftsabbr\u00fcchen in Polen ist Gewalt an Frauen und ein Eingriff in das Recht auf Selbstbestimmung \u00fcber den eigenen K\u00f6rper. Hier schaut das Europaparlament nicht weg und wird heute \u00fcber eine starke Resolution abstimmen\u00bb, gibt die Gr\u00fcne weiter bekannt.<\/p>\n<blockquote class=\"wp-embedded-content\" data-secret=\"hoccDNtWwn\"><p><a href=\"https:\/\/mannschaft.com\/wer-sind-die-queeros-2020-das-voting-beginnt\/\">Wer sind die Queeros 2020? Das Voting beginnt!<\/a><\/p><\/blockquote>\n<p><iframe class=\"wp-embedded-content\" sandbox=\"allow-scripts\" security=\"restricted\" style=\"position: absolute; clip: rect(1px, 1px, 1px, 1px);\" title=\"&#8222;Wer sind die Queeros 2020? Das Voting beginnt!&#8220; &#8212; Mannschaft Magazin\" src=\"https:\/\/mannschaft.com\/wer-sind-die-queeros-2020-das-voting-beginnt\/embed\/#?secret=hoccDNtWwn\" data-secret=\"hoccDNtWwn\" width=\"600\" height=\"338\" frameborder=\"0\" marginwidth=\"0\" marginheight=\"0\" scrolling=\"no\"><\/iframe><\/p>\n<p>Zur k\u00fcrzlich vorgestellten LGBTIQ-Strategie der EU-Kommission (<a href=\"https:\/\/mannschaft.com\/eu-kommission-dringt-auf-mehr-sicherheit-und-schutz-fuer-lgbtiq\/\" target=\"_blank\" rel=\"noopener noreferrer\">MANNSCHAFT berichtete<\/a>), fordert Vana: \u00abNach diesem ersten Schritt, braucht es EU-weite Gesetzgebungen zum Schutz von LGBTIQ Personen.\u00bb Die grenz\u00fcbergreifende Anerkennung von Regenbogenfamilien, ein Durchgreifen gegen Hassverbrechen und Equality Mainstreaming m\u00fcsse nun durchgesetzt werden.<\/p>\n","protected":false},"excerpt":{"rendered":"<p>Zum internationalen Tag gegen die Gewalt an Frauen: Es brauche mehr Schutz f\u00fcr Frauen und LGBTIQ-Personen, fordert die Gr\u00fcnen-Fraktion von der EU. <a class=\"g1-link g1-link-more\" href=\"https:\/\/alte.mannschaft.lgbt\/bimber\/gewalt-an-frauen-in-der-pandemie-frauen-und-lgbtiq-besser-schuetzen\/\">Weiterlesen<\/a><\/p>\n","protected":false},"author":1,"featured_media":97301,"comment_status":"closed","ping_status":"closed","sticky":false,"template":"","format":"standard","meta":[],"categories":[2],"tags":[5544,5461],"wps_subtitle":"U.a. wird die grenz\u00fcbergreifende Anerkennung von Regenbogenfamilien gefordert","_links":{"self":[{"href":"https:\/\/alte.mannschaft.lgbt\/bimber\/wp-json\/wp\/v2\/posts\/97288"}],"collection":[{"href":"https:\/\/alte.mannschaft.lgbt\/bimber\/wp-json\/wp\/v2\/posts"}],"about":[{"href":"https:\/\/alte.mannschaft.lgbt\/bimber\/wp-json\/wp\/v2\/types\/post"}],"author":[{"embeddable":true,"href":"https:\/\/alte.mannschaft.lgbt\/bimber\/wp-json\/wp\/v2\/users\/1"}],"replies":[{"embeddable":true,"href":"https:\/\/alte.mannschaft.lgbt\/bimber\/wp-json\/wp\/v2\/comments?post=97288"}],"version-history":[{"count":0,"href":"https:\/\/alte.mannschaft.lgbt\/bimber\/wp-json\/wp\/v2\/posts\/97288\/revisions"}],"wp:featuredmedia":[{"embeddable":true,"href":"https:\/\/alte.mannschaft.lgbt\/bimber\/wp-json\/wp\/v2\/media\/97301"}],"wp:attachment":[{"href":"https:\/\/alte.mannschaft.lgbt\/bimber\/wp-json\/wp\/v2\/media?parent=97288"}],"wp:term":[{"taxonomy":"category","embeddable":true,"href":"https:\/\/alte.mannschaft.lgbt\/bimber\/wp-json\/wp\/v2\/categories?post=97288"},{"taxonomy":"post_tag","embeddable":true,"href":"https:\/\/alte.mannschaft.lgbt\/bimber\/wp-json\/wp\/v2\/tags?post=97288"}],"curies":[{"name":"wp","href":"https:\/\/api.w.org\/{rel}","templated":true}]}}