{"id":97123,"date":"2020-11-24T08:17:07","date_gmt":"2020-11-24T07:17:07","guid":{"rendered":"https:\/\/mannschaft.com\/?p=97123"},"modified":"2020-11-26T13:38:39","modified_gmt":"2020-11-26T12:38:39","slug":"gegen-die-verfassungsaenderung-fuer-die-ehe-fuer-alle","status":"publish","type":"post","link":"https:\/\/alte.mannschaft.lgbt\/bimber\/gegen-die-verfassungsaenderung-fuer-die-ehe-fuer-alle\/","title":{"rendered":"Gegen die Verfassungs\u00e4nderung, f\u00fcr die Ehe f\u00fcr alle!"},"content":{"rendered":"<h3>Das nationale Komitee \u00abEhe f\u00fcr alle\u00bb lanciert eine <a href=\"https:\/\/actionsprout.io\/6064F9\" target=\"_blank\" rel=\"noopener noreferrer\">Petition<\/a> an den St\u00e4nderat, um die Parlamentarier*innen aufzufordern, die Ehe f\u00fcr alle entsprechend der Empfehlung seiner Rechtskommission auf gesetzlicher Ebene anzunehmen. Jede Verz\u00f6gerung w\u00e4re ein politisches Man\u00f6ver.<\/h3>\n<p>Die \u00d6ffnung der Ehe weiter aufzuschieben w\u00fcrde auch weder den Bed\u00fcrfnissen der LGBTIQ-Community Rechnung tragen, noch der Bev\u00f6lkerung, die die Ehe f\u00fcr alle mit 82% massiv unterst\u00fctzt <a href=\"https:\/\/mannschaft.com\/schweizer-bevoelkerung-ist-deutlich-fuer-die-ehe-fuer-alle\/\" target=\"_blank\" rel=\"noopener noreferrer\">(MANNSCHAFT berichtete)<\/a>, erkl\u00e4rte das Komitee.<\/p>\n<blockquote class=\"wp-embedded-content\" data-secret=\"knp1M2ZylY\"><p><a href=\"https:\/\/mannschaft.com\/from-the-bottom-to-the-top-fallt-nicht-auf-die-hetero-norm-rein\/\">From the bottom to the top: Fallt nicht auf die Hetero-Norm rein!<\/a><\/p><\/blockquote>\n<p><iframe class=\"wp-embedded-content\" sandbox=\"allow-scripts\" security=\"restricted\" style=\"position: absolute; clip: rect(1px, 1px, 1px, 1px);\" title=\"&#8222;From the bottom to the top: Fallt nicht auf die Hetero-Norm rein!&#8220; &#8212; Mannschaft Magazin\" src=\"https:\/\/mannschaft.com\/from-the-bottom-to-the-top-fallt-nicht-auf-die-hetero-norm-rein\/embed\/#?secret=knp1M2ZylY\" data-secret=\"knp1M2ZylY\" width=\"600\" height=\"338\" frameborder=\"0\" marginwidth=\"0\" marginheight=\"0\" scrolling=\"no\"><\/iframe><\/p>\n<p>Sieben Jahre nach dem Einreichen der parlamentarischen Initiative und drei Mehrheiten f\u00fcr die \u00d6ffnung der Ehe auf gesetzlicher Ebene \u2013 in den Rechtskommissionen des National- und St\u00e4nderats sowie im Nationalrat \u2013 haben die St\u00e4nder\u00e4t*innen nun die historische Chance, die Vorlage ohne Umwege anzunehmen. Das nationale Komitee \u00abEhe f\u00fcr alle\u00bb appelliert an den St\u00e4nderat, f\u00fcr die \u00d6ffnung der Ehe auf gesetzlicher Ebene zu stimmen. Um seiner \u00dcberzeugung Nachdruck zu verleihen, lanciert das nationale Komitee \u00abEhe f\u00fcr alle\u00bb eine Petition. Unterst\u00fctzt wird diese von wichtigen zivilgesellschaftlichen Organisationen Alliance F, Campax, Jugendsession und Operation Libero.<\/p>\n<p>Im November kam die Rechtskommission des St\u00e4nderats zum Schluss, dass f\u00fcr die \u00d6ffnung der Ehe f\u00fcr gleichgeschlechtliche Paare keine Verfassungs\u00e4nderung erforderlich ist. Damit folgt sie dem Nationalrat und ihrer Schwesterkommission<a href=\"https:\/\/mannschaft.com\/die-ehe-fuer-alle-braucht-keine-verfassungsaenderung\/\" target=\"_blank\" rel=\"noopener noreferrer\"> (MANNSCHAFT berichtete)<\/a>.<\/p>\n<blockquote class=\"wp-embedded-content\" data-secret=\"fkAG9cXfWX\"><p><a href=\"https:\/\/mannschaft.com\/wer-sind-die-queeros-2020-das-voting-beginnt\/\">Wer sind die Queeros 2020? Das Voting beginnt!<\/a><\/p><\/blockquote>\n<p><iframe class=\"wp-embedded-content\" sandbox=\"allow-scripts\" security=\"restricted\" style=\"position: absolute; clip: rect(1px, 1px, 1px, 1px);\" title=\"&#8222;Wer sind die Queeros 2020? Das Voting beginnt!&#8220; &#8212; Mannschaft Magazin\" src=\"https:\/\/mannschaft.com\/wer-sind-die-queeros-2020-das-voting-beginnt\/embed\/#?secret=fkAG9cXfWX\" data-secret=\"fkAG9cXfWX\" width=\"600\" height=\"338\" frameborder=\"0\" marginwidth=\"0\" marginheight=\"0\" scrolling=\"no\"><\/iframe><\/p>\n<p>Am 1. Dezember ist die Ehe f\u00fcr alle im St\u00e4nderat traktandiert und das nationale Komitee \u00abEhe f\u00fcr alle\u00bb hofft, dass die St\u00e4nder\u00e4t*innen endlich den LGBTIQ-Personen die Anerkennung und den Schutz zuteil werden lassen, die sie verdienen \u2013 ohne langj\u00e4hrige Verz\u00f6gerungen.<\/p>\n<p>Natascha und Fabiola sind seit 2014 zusammen und wollen heiraten, schauen aber mit wachsender Entt\u00e4uschung nach Bern und fragen sich: \u00abWo genau ist das Problem?\u00bb <a href=\"https:\/\/mannschaft.com\/natascha-und-fabiola-wollen-heiraten-wo-ist-das-problem-ehe-fuer-alle\/\" target=\"_blank\" rel=\"noopener noreferrer\">(MANNSCHAFT+)<\/a><\/p>\n<p>Auch Patric und Adrian wollen gerne heiraten. Doch vorerst m\u00fcssen sie zuschauen, wie sich die Ehe f\u00fcr alle langsam den Weg durch die Ebenen der Schweizer Politik bahnt. Erst dann k\u00f6nnen auch sie ihre Liebe durch eine Hochzeit besiegeln <a href=\"https:\/\/mannschaft.com\/ehe-fuer-alle-einfach-ein-gefuehl-der-zusammengehoerigkeit\/\" target=\"_blank\" rel=\"noopener noreferrer\">(MANNSCHAFT+)<\/a>.<\/p>\n","protected":false},"excerpt":{"rendered":"<p>Das Komitee \u00abEhe f\u00fcr alle\u00bb lanciert eine #Petition an den St\u00e4nderat, um die Parlamentarier*innen aufzufordern, die Ehe f\u00fcr alle entsprechend der Empfehlung seiner Rechtskommission auf gesetzlicher Ebene anzunehmen. <a class=\"g1-link g1-link-more\" href=\"https:\/\/alte.mannschaft.lgbt\/bimber\/gegen-die-verfassungsaenderung-fuer-die-ehe-fuer-alle\/\">Weiterlesen<\/a><\/p>\n","protected":false},"author":1,"featured_media":97135,"comment_status":"closed","ping_status":"closed","sticky":false,"template":"","format":"standard","meta":[],"categories":[1340],"tags":[5449,5544],"wps_subtitle":"Mit einer Petition wird der Druck auf die Politik erh\u00f6ht","_links":{"self":[{"href":"https:\/\/alte.mannschaft.lgbt\/bimber\/wp-json\/wp\/v2\/posts\/97123"}],"collection":[{"href":"https:\/\/alte.mannschaft.lgbt\/bimber\/wp-json\/wp\/v2\/posts"}],"about":[{"href":"https:\/\/alte.mannschaft.lgbt\/bimber\/wp-json\/wp\/v2\/types\/post"}],"author":[{"embeddable":true,"href":"https:\/\/alte.mannschaft.lgbt\/bimber\/wp-json\/wp\/v2\/users\/1"}],"replies":[{"embeddable":true,"href":"https:\/\/alte.mannschaft.lgbt\/bimber\/wp-json\/wp\/v2\/comments?post=97123"}],"version-history":[{"count":0,"href":"https:\/\/alte.mannschaft.lgbt\/bimber\/wp-json\/wp\/v2\/posts\/97123\/revisions"}],"wp:featuredmedia":[{"embeddable":true,"href":"https:\/\/alte.mannschaft.lgbt\/bimber\/wp-json\/wp\/v2\/media\/97135"}],"wp:attachment":[{"href":"https:\/\/alte.mannschaft.lgbt\/bimber\/wp-json\/wp\/v2\/media?parent=97123"}],"wp:term":[{"taxonomy":"category","embeddable":true,"href":"https:\/\/alte.mannschaft.lgbt\/bimber\/wp-json\/wp\/v2\/categories?post=97123"},{"taxonomy":"post_tag","embeddable":true,"href":"https:\/\/alte.mannschaft.lgbt\/bimber\/wp-json\/wp\/v2\/tags?post=97123"}],"curies":[{"name":"wp","href":"https:\/\/api.w.org\/{rel}","templated":true}]}}