{"id":96778,"date":"2020-11-20T08:51:30","date_gmt":"2020-11-20T07:51:30","guid":{"rendered":"https:\/\/mannschaft.com\/?p=96778"},"modified":"2020-11-22T09:26:59","modified_gmt":"2020-11-22T08:26:59","slug":"wegen-volksverhetzung-prozess-gegen-olaf-latzel-beginnt","status":"publish","type":"post","link":"https:\/\/alte.mannschaft.lgbt\/bimber\/wegen-volksverhetzung-prozess-gegen-olaf-latzel-beginnt\/","title":{"rendered":"Wegen Volksverhetzung \u2013 Prozess gegen Olaf Latzel beginnt"},"content":{"rendered":"<h3>An diesem Freitag beginnt der Prozess gegen den als streng konservativ geltenden Theologen Olaf Latzel vor dem Amtsgericht Bremen. Er muss sich wegen Volksverhetzung verantworten. F\u00fcr den Prediger ist gelebte Homosexualit\u00e4t ein \u00abtodesw\u00fcrdiges Verbrechen\u00bb.<\/h3>\n<p>F\u00fcr den ersten Verhandlungstag am Freitag sind keine Zeug*innen geladen. Es wird zun\u00e4chst die Anklage verlesen. Dann bleibt abzuwarten, ob Olaf Latzel zu den Vorw\u00fcrfen Stellung nehmen will. Der Fall wird Corona-bedingt aus Platzgr\u00fcnden nicht im Gericht, sondern in einem Konzertsaal verhandelt. Insgesamt sind drei Prozesstage angesetzt.<\/p>\n<blockquote class=\"wp-embedded-content\" data-secret=\"u85qSAW60P\"><p><a href=\"https:\/\/mannschaft.com\/nl-gesetzgeber-wollen-erklaerungen-gegen-homosexuelle-an-konfessionellen-schulen-verbieten\/\">Niederlande wollen Schulpolitik gegen Homosexuelle verbieten<\/a><\/p><\/blockquote>\n<p><iframe class=\"wp-embedded-content\" sandbox=\"allow-scripts\" security=\"restricted\" style=\"position: absolute; clip: rect(1px, 1px, 1px, 1px);\" title=\"&#8222;Niederlande wollen Schulpolitik gegen Homosexuelle verbieten&#8220; &#8212; Mannschaft Magazin\" src=\"https:\/\/mannschaft.com\/nl-gesetzgeber-wollen-erklaerungen-gegen-homosexuelle-an-konfessionellen-schulen-verbieten\/embed\/#?secret=u85qSAW60P\" data-secret=\"u85qSAW60P\" width=\"600\" height=\"338\" frameborder=\"0\" marginwidth=\"0\" marginheight=\"0\" scrolling=\"no\"><\/iframe><\/p>\n<p>Nach einer Beurlaubung von sechs Wochen hatte der Prediger aus Bremen im August den Dienst wieder aufgenommen.\u00a0Er habe M\u00e4ssigung versprochen, hiess es <a href=\"https:\/\/mannschaft.com\/2020\/08\/19\/olaf-latzel-wieder-da-zur-maessigung-verpflichtet\/\" target=\"_blank\" rel=\"noopener noreferrer\">(MANNSCHAFT berichtete)<\/a>. Als Kirchenbeamter hat sich Latzel jetzt verpflichtet, seine Amtsgesch\u00e4fte vom 9. November bis zum 6. Dezember ruhen zu lassen. Obwohl er sich homofeindlich ge\u00e4ussert hatte, hatten seine Anh\u00e4nger*innen eine erfolgreiche Petition f\u00fcr ihn gestartet <a href=\"https:\/\/mannschaft.com\/2020\/05\/13\/olaf-latzel-petition-stellt-sich-hinter-bremens-homophoben-pastor\/\" target=\"_blank\" rel=\"noopener noreferrer\">(MANNSCHAFT berichtete)<\/a>.<\/p>\n<p>Die Bremer Staatsanwaltschaft hatte Latzel Anfang Juli wegen Volksverhetzung angeklagt. Der Vorwurf: Er soll am 19. Oktober 2019 in einem Eheseminar volksverhetzende \u00c4usserungen von sich gegeben haben. Einzelne Passagen des als Audiodatei online ver\u00f6ffentlichten Vortrags wertete die Staatsanwaltschaft als volksverhetzend. Latzel gab an, missverstanden worden zu sein.<\/p>\n<blockquote class=\"wp-embedded-content\" data-secret=\"Jfq3VMEJMB\"><p><a href=\"https:\/\/mannschaft.com\/friedrich-heinrich-klein-die-evangelische-kirche-ist-ihnen-liebe-schuldig-geblieben\/\">\u00abDie Evangelische Kirche ist ihnen Liebe schuldig geblieben\u00bb<\/a><\/p><\/blockquote>\n<p><iframe class=\"wp-embedded-content\" sandbox=\"allow-scripts\" security=\"restricted\" style=\"position: absolute; clip: rect(1px, 1px, 1px, 1px);\" title=\"&#8222;\u00abDie Evangelische Kirche ist ihnen Liebe schuldig geblieben\u00bb&#8220; &#8212; Mannschaft Magazin\" src=\"https:\/\/mannschaft.com\/friedrich-heinrich-klein-die-evangelische-kirche-ist-ihnen-liebe-schuldig-geblieben\/embed\/#?secret=Jfq3VMEJMB\" data-secret=\"Jfq3VMEJMB\" width=\"600\" height=\"338\" frameborder=\"0\" marginwidth=\"0\" marginheight=\"0\" scrolling=\"no\"><\/iframe><\/p>\n<p>Der Prediger soll damals erkl\u00e4rt haben: \u00ab\u00dcberall laufen diese Verbrecher rum von diesem Christopher Street Day, feiern ihre Partys, bringen Dinger raus, auf unserem Rathaus wird die Regenbogenfahne gehisst halt. Das sind bewusst anti-christliche, anti-biblische Dinger halt, die ganz klar gesetzt werden, mit denen die Ehe torpediert wird.\u00bb<\/p>\n<p>In einem offenen Brief wurden unterdessen weitere Vorw\u00fcrfe erhoben. Nicht zum ersten Mal ist die Bremer Kirche wegen Latzel in den Schlagzeilen. Eigentlich wollte der urspr\u00fcnglich ja gar nicht Pastor werden, sondern Soldat. \u00abDas fand ich gut, die Orden, die Uniformen\u00bb, sagte er 2015 gegen\u00fcber dem <em><a href=\"https:\/\/www.weser-kurier.de\/bremen\/bremen-stadt_artikel,-Um-Gottes-Willen-_arid,1062815.html\" target=\"_blank\" rel=\"noopener noreferrer\">Weser-Kurier<\/a>.<\/em><\/p>\n<p>Anlass war damals eine Predigt, in der er Buddha als \u00abkleinen, fetten Herrn\u00bb bezeichnete und das islamische Zuckerfest als \u00abBl\u00f6dsinn\u00bb. In demselben Artikel ist auch eine Geschichte von Latzels Hund nachzulesen. Latzel hat ihn erschossen. Ein Richter verurteilte ihn zu einem Bussgeld von 1000 Euro. Denn: Er h\u00e4tte das Tier nicht gleich t\u00f6ten m\u00fcssen, sondern ins Tierheim bringen k\u00f6nnen. U.a. auf diese Vorgeschichte bezieht sich Silke Groos. Gerichtet an die BEK und die Christ*innen in Bremen schrieb sie einen offenen Brief <a href=\"https:\/\/mannschaft.com\/2020\/07\/08\/olaf-latzel-ist-unbelehrbarer-hetzprediger-und-tierquaeler\/\" target=\"_blank\" rel=\"noopener noreferrer\">(MANNSCHAFT berichtete)<\/a>.<\/p>\n","protected":false},"excerpt":{"rendered":"<p>Pastor Olaf Latzel muss sich ab diesem Freitag wegen Volksverhetzung vor Gericht verantworten.  <a class=\"g1-link g1-link-more\" href=\"https:\/\/alte.mannschaft.lgbt\/bimber\/wegen-volksverhetzung-prozess-gegen-olaf-latzel-beginnt\/\">Weiterlesen<\/a><\/p>\n","protected":false},"author":1,"featured_media":85818,"comment_status":"closed","ping_status":"closed","sticky":false,"template":"","format":"standard","meta":[],"categories":[3,10],"tags":[5463,5461,5512],"wps_subtitle":"Der Bremer Pastor hat gegen Homosexuelle gehetzt","_links":{"self":[{"href":"https:\/\/alte.mannschaft.lgbt\/bimber\/wp-json\/wp\/v2\/posts\/96778"}],"collection":[{"href":"https:\/\/alte.mannschaft.lgbt\/bimber\/wp-json\/wp\/v2\/posts"}],"about":[{"href":"https:\/\/alte.mannschaft.lgbt\/bimber\/wp-json\/wp\/v2\/types\/post"}],"author":[{"embeddable":true,"href":"https:\/\/alte.mannschaft.lgbt\/bimber\/wp-json\/wp\/v2\/users\/1"}],"replies":[{"embeddable":true,"href":"https:\/\/alte.mannschaft.lgbt\/bimber\/wp-json\/wp\/v2\/comments?post=96778"}],"version-history":[{"count":0,"href":"https:\/\/alte.mannschaft.lgbt\/bimber\/wp-json\/wp\/v2\/posts\/96778\/revisions"}],"wp:featuredmedia":[{"embeddable":true,"href":"https:\/\/alte.mannschaft.lgbt\/bimber\/wp-json\/wp\/v2\/media\/85818"}],"wp:attachment":[{"href":"https:\/\/alte.mannschaft.lgbt\/bimber\/wp-json\/wp\/v2\/media?parent=96778"}],"wp:term":[{"taxonomy":"category","embeddable":true,"href":"https:\/\/alte.mannschaft.lgbt\/bimber\/wp-json\/wp\/v2\/categories?post=96778"},{"taxonomy":"post_tag","embeddable":true,"href":"https:\/\/alte.mannschaft.lgbt\/bimber\/wp-json\/wp\/v2\/tags?post=96778"}],"curies":[{"name":"wp","href":"https:\/\/api.w.org\/{rel}","templated":true}]}}