{"id":96446,"date":"2020-11-17T08:23:38","date_gmt":"2020-11-17T07:23:38","guid":{"rendered":"https:\/\/mannschaft.com\/?p=96446"},"modified":"2020-11-17T08:40:37","modified_gmt":"2020-11-17T07:40:37","slug":"polen-feiert-den-tag-der-toleranz-mit-dem-regenbogen","status":"publish","type":"post","link":"https:\/\/alte.mannschaft.lgbt\/bimber\/polen-feiert-den-tag-der-toleranz-mit-dem-regenbogen\/","title":{"rendered":"Polen feiert den Tag der Toleranz mit dem Regenbogen"},"content":{"rendered":"<h3>Am 16. November findet allj\u00e4hrlich der internationale Tag der Toleranz statt. Dieser wurde am Montag auch in Polen begangen Vor 25 Jahren unterzeichneten 185 Mitgliedsstaaten der UNESCO feierlich die Erkl\u00e4rung der Prinzipien zur Toleranz.<\/h3>\n<p>Die Prinzipien wurden am 16. November 1995 unterzeichnet. Seitdem erinnert die UNESCO mit dem Tag f\u00fcr Toleranz j\u00e4hrlich an jene Regeln, die ein menschenw\u00fcrdiges Zusammenleben der unterschiedlichen Kulturen und Religionen auf dieser Welt erm\u00f6glichen. Auch in Polen wurde am Montag ein deutliches Zeichen gesetzt, etwa in der Hauptstadt Warschau.<\/p>\n<blockquote class=\"twitter-tweet lazyload\" data-expand=\"600\" data-script=\"https:\/\/platform.twitter.com\/widgets.js\"  data-width=\"550\" data-dnt=\"true\">\n<p lang=\"en\" dir=\"ltr\">I applaud <a href=\"https:\/\/twitter.com\/warszawa?ref_src=twsrc%5Etfw\">@warszawa<\/a>\u2019s efforts to make Warsaw an LGBTIQ-welcoming zone this <a href=\"https:\/\/twitter.com\/hashtag\/InternationalDayforTolerance?src=hash&amp;ref_src=twsrc%5Etfw\">#InternationalDayforTolerance<\/a>. <a href=\"https:\/\/twitter.com\/hashtag\/EU4LGBTIQ?src=hash&amp;ref_src=twsrc%5Etfw\">#EU4LGBTIQ<\/a> <a href=\"https:\/\/twitter.com\/hashtag\/UnionOfEquality?src=hash&amp;ref_src=twsrc%5Etfw\">#UnionOfEquality<\/a> <a href=\"https:\/\/twitter.com\/trzaskowski_?ref_src=twsrc%5Etfw\">@trzaskowski_<\/a> <a href=\"https:\/\/t.co\/sLArx12Ndh\">pic.twitter.com\/sLArx12Ndh<\/a><\/p>\n<p>&mdash; Helena Dalli (@helenadalli) <a href=\"https:\/\/twitter.com\/helenadalli\/status\/1328404429247275008?ref_src=twsrc%5Etfw\">November 16, 2020<\/a><\/p><\/blockquote>\n<p>Die EU-Kommissarin f\u00fcr Gleichstellung, Helena Dalli, begr\u00fcsste dieses Zeichen ausdr\u00fccklich. Dalli hatte im Sommer angek\u00fcndigt, dass sechs polnische Gemeinden, die Resolutionen zu \u00abLGBT-freien Zonen\u00bb verabschiedet haben, keine europ\u00e4ischen Mittel f\u00fcr St\u00e4dtepartnerschaften erhalten. F\u00fcr Homophobie und Verst\u00f6sse gegen EU-Werte soll es kein Geld geben <a href=\"https:\/\/mannschaft.com\/eu-lehnt-zuschuesse-fuer-lgbt-freie-zonen-ab\/\" target=\"_blank\" rel=\"noopener noreferrer\">(MANNSCHAFT berichtete).<\/a><\/p>\n<p>Anl\u00e4sslich des internationalen Toleranztages wurden in Dutzenden St\u00e4dten und Gemeinden Polens repr\u00e4sentative Geb\u00e4ude hervor gehoben. In Warschau erstrahlte der Kulturpalast und die \u015al\u0105sko-D\u0105browski-Br\u00fccke in Regenbogenfarben. Auch St\u00e4dte wie Danzig beteiligten sich an der Aktion.<\/p>\n<p>https:\/\/www.facebook.com\/gdansk\/posts\/10164348655145424<\/p>\n<p>Die LGBTIQ-Community in Polen hat diesen Beistand bitter n\u00f6tig. Erst k\u00fcrzlich hat eine Beobachtungsdelegation des Europarats Polen virtuell besucht und f\u00fchrte Gespr\u00e4che mit Organisationen. Danach zeigte sich die Delegation \u00abbesorgt\u00bb und \u00abbeunruhigt\u00bb. Gut ein Drittel des Landers hat sich inzwischen zur \u00abLGBT-freien-Zone\u00bb erkl\u00e4rt.<\/p>\n<p>Am Donnerstag stellte die Europ\u00e4ische Kommission ausserdem ihre erste EU-Strategie f\u00fcr die Gleichstellung von LGBTIQ Personen vor, die es EU-Gremien erm\u00f6glichen soll, ein gemeinsames Minimum festzulegen Definition von Straftaten und Sanktionen in bestimmten definierten Bereichen <a href=\"https:\/\/mannschaft.com\/eu-kommission-dringt-auf-mehr-sicherheit-und-schutz-fuer-lgbtiq\/\" target=\"_blank\" rel=\"noopener noreferrer\">(MANNSCHAFT berichtete).<\/a> Auch Belgien bereitet einen Plan vor <a href=\"https:\/\/mannschaft.com\/reaktion-auf-polen-auch-belgien-bereitet-lgbt-plan-vor\/\" target=\"_blank\" rel=\"noopener noreferrer\">(MANNSCHAFT berichtete)<\/a>.<\/p>\n<p>Aus vielen Meinungsumfragen geht \u00fcbrigens hervor, dass sich die Polen f\u00fcr eine tolerante Nation halten. Doch in der Praxis sei an dieser vermeintlichen Toleranz einiges auszusetzen, meint Ewa Piechota vom Amt f\u00fcr Ausl\u00e4nderangelegenheiten, wie <a href=\"www.polskieradio.pl\" target=\"_blank\" rel=\"noopener noreferrer\">polskieradio.pl <\/a>berichtet.<\/p>\n<blockquote class=\"wp-embedded-content\" data-secret=\"8Zv4yKqK26\"><p><a href=\"https:\/\/mannschaft.com\/umfrage-der-woche-hund-katze-oder\/\">UMFRAGE DER WOCHE: Hund, Katze oder &#8230;?<\/a><\/p><\/blockquote>\n<p><iframe class=\"wp-embedded-content\" sandbox=\"allow-scripts\" security=\"restricted\" style=\"position: absolute; clip: rect(1px, 1px, 1px, 1px);\" title=\"&#8222;UMFRAGE DER WOCHE: Hund, Katze oder &#8230;?&#8220; &#8212; Mannschaft Magazin\" src=\"https:\/\/mannschaft.com\/umfrage-der-woche-hund-katze-oder\/embed\/#?secret=8Zv4yKqK26\" data-secret=\"8Zv4yKqK26\" width=\"600\" height=\"338\" frameborder=\"0\" marginwidth=\"0\" marginheight=\"0\" scrolling=\"no\"><\/iframe><\/p>\n<p>&nbsp;<\/p>\n<p>\u00abDie Polen erz\u00e4hlen gerne wie offen und gastfreundlich sie sind.\u00bb Die Offenheit habe aber ihre Grenzen. \u00abHelfen \u2013 ja, aber auf Distanz\u00bb, meint Piechota.<\/p>\n","protected":false},"excerpt":{"rendered":"<p>Am 16. November findet allj\u00e4hrlich der internationale #TagderToleranz statt. Dieser wurde am Montag auch in #Polen begangen. Viele \u00f6ffentliche Geb\u00e4ude erstrahlten in Regenbogenfarben. <a class=\"g1-link g1-link-more\" href=\"https:\/\/alte.mannschaft.lgbt\/bimber\/polen-feiert-den-tag-der-toleranz-mit-dem-regenbogen\/\">Weiterlesen<\/a><\/p>\n","protected":false},"author":1,"featured_media":96453,"comment_status":"closed","ping_status":"closed","sticky":false,"template":"","format":"standard","meta":[],"categories":[2],"tags":[5531,106,5544],"wps_subtitle":"Die LGBTIQ-Community hat diesen Beistand bitter n\u00f6tig","_links":{"self":[{"href":"https:\/\/alte.mannschaft.lgbt\/bimber\/wp-json\/wp\/v2\/posts\/96446"}],"collection":[{"href":"https:\/\/alte.mannschaft.lgbt\/bimber\/wp-json\/wp\/v2\/posts"}],"about":[{"href":"https:\/\/alte.mannschaft.lgbt\/bimber\/wp-json\/wp\/v2\/types\/post"}],"author":[{"embeddable":true,"href":"https:\/\/alte.mannschaft.lgbt\/bimber\/wp-json\/wp\/v2\/users\/1"}],"replies":[{"embeddable":true,"href":"https:\/\/alte.mannschaft.lgbt\/bimber\/wp-json\/wp\/v2\/comments?post=96446"}],"version-history":[{"count":0,"href":"https:\/\/alte.mannschaft.lgbt\/bimber\/wp-json\/wp\/v2\/posts\/96446\/revisions"}],"wp:featuredmedia":[{"embeddable":true,"href":"https:\/\/alte.mannschaft.lgbt\/bimber\/wp-json\/wp\/v2\/media\/96453"}],"wp:attachment":[{"href":"https:\/\/alte.mannschaft.lgbt\/bimber\/wp-json\/wp\/v2\/media?parent=96446"}],"wp:term":[{"taxonomy":"category","embeddable":true,"href":"https:\/\/alte.mannschaft.lgbt\/bimber\/wp-json\/wp\/v2\/categories?post=96446"},{"taxonomy":"post_tag","embeddable":true,"href":"https:\/\/alte.mannschaft.lgbt\/bimber\/wp-json\/wp\/v2\/tags?post=96446"}],"curies":[{"name":"wp","href":"https:\/\/api.w.org\/{rel}","templated":true}]}}