{"id":96407,"date":"2020-11-16T19:51:58","date_gmt":"2020-11-16T18:51:58","guid":{"rendered":"https:\/\/mannschaft.com\/?p=96407"},"modified":"2021-03-25T10:12:57","modified_gmt":"2021-03-25T09:12:57","slug":"lgbtiq-feindliche-hassgewalt-in-frankfurt-polizei-sucht-zeuginnen","status":"publish","type":"post","link":"https:\/\/alte.mannschaft.lgbt\/bimber\/lgbtiq-feindliche-hassgewalt-in-frankfurt-polizei-sucht-zeuginnen\/","title":{"rendered":"LGBTIQ-feindliche Hassgewalt in Frankfurt \u2013 Polizei sucht Zeug*innen"},"content":{"rendered":"<h3>Am Samstagabend nahm die Polizei auf der Zeil mehrere Personen fest, die im Verdacht stehen, einen queeren 20-J\u00e4hrigen angegriffen zu haben.<\/h3>\n<p>\u00abDer 20-j\u00e4hrige Gesch\u00e4digte aus Offenbach befand sich gegen 20:15 Uhr auf der Zeil in H\u00f6he eines Einkaufszentrums, als ihn einer der sp\u00e4teren Beschuldigten beleidigte. Weitere Personen kamen hinzu und setzten die Beleidigungen fort. Nach kurzer Zeit begann einer der Personen den Gesch\u00e4digten zu treten. Als sich dieser zur Wehr setzte, griffen ihn daraufhin die \u00fcberwiegend jugendlichen Personen mit Schl\u00e4gen und Tritten an.\u00bb<\/p>\n<blockquote class=\"wp-embedded-content\" data-secret=\"1quqoBC7Vy\"><p><a href=\"https:\/\/mannschaft.com\/reaktion-auf-polen-auch-belgien-bereitet-lgbt-plan-vor\/\">Reaktion auf Polen: Auch Belgien bereitet \u00abLGBT-Plan\u00bb vor<\/a><\/p><\/blockquote>\n<p><iframe class=\"wp-embedded-content\" sandbox=\"allow-scripts\" security=\"restricted\" style=\"position: absolute; clip: rect(1px, 1px, 1px, 1px);\" title=\"&#8222;Reaktion auf Polen: Auch Belgien bereitet \u00abLGBT-Plan\u00bb vor&#8220; &#8212; Mannschaft\" src=\"https:\/\/mannschaft.com\/reaktion-auf-polen-auch-belgien-bereitet-lgbt-plan-vor\/embed\/#?secret=1quqoBC7Vy\" data-secret=\"1quqoBC7Vy\" width=\"600\" height=\"338\" frameborder=\"0\" marginwidth=\"0\" marginheight=\"0\" scrolling=\"no\"><\/iframe><\/p>\n<p>So las sich die Polizeimeldung zun\u00e4chst. Kein Hinweis auf ein queerfeindliches Hassverbrechen. Nach <a href=\"https:\/\/www.queer.de\/detail.php?article_id=37528&amp;fbclid=IwAR2s9z8CQOTX9bAI93QwGHP4_bOOsiqh7V4FesSHdMWJ5nXI-tb2aUOhYlE\" target=\"_blank\" rel=\"noopener noreferrer\">Medienberichten<\/a>, die auf ein LGBTIQ-feindliches Motiv hinweisen, nachdem das als \u00abKweenDrama\u00bb bekannte Opfer in den sozialen Netzwerken von Homophobie als Tatmotiv sprach, hat MANNSCHAFT bei der Polizei nachgefragt.<\/p>\n<p>Dort heisst es nun: \u00abZu dem Vorfall auf der Zeil existieren Videoaufnahmen im Internet, die sich aktuell in der Auswertung befinden. Nach erster Bewertung dieser Aufnahmen ergeben sich Hinweise, dass die Tat transphobe bzw. transfeindliche Beweggr\u00fcnde haben k\u00f6nnte. Diese m\u00f6glicherweise geschlechterdiffamierende Motivation der T\u00e4ter wird nun intensiv in die umfangreichen Ermittlungen miteinbezogen.\u00bb<\/p>\n<blockquote class=\"wp-embedded-content\" data-secret=\"bMUpCIC09k\"><p><a href=\"https:\/\/mannschaft.com\/die-stadt-zuerich-erfasst-ab-2021-hassverbrechen\/\">Die Stadt Z\u00fcrich erfasst ab 2021 Hassverbrechen<\/a><\/p><\/blockquote>\n<p><iframe class=\"wp-embedded-content\" sandbox=\"allow-scripts\" security=\"restricted\" style=\"position: absolute; clip: rect(1px, 1px, 1px, 1px);\" title=\"&#8222;Die Stadt Z\u00fcrich erfasst ab 2021 Hassverbrechen&#8220; &#8212; Mannschaft\" src=\"https:\/\/mannschaft.com\/die-stadt-zuerich-erfasst-ab-2021-hassverbrechen\/embed\/#?secret=bMUpCIC09k\" data-secret=\"bMUpCIC09k\" width=\"600\" height=\"338\" frameborder=\"0\" marginwidth=\"0\" marginheight=\"0\" scrolling=\"no\"><\/iframe><\/p>\n<p>Vor Ort konnten insgesamt zehn Personen im Alter zwischen 14 und 30 Jahren vorl\u00e4ufig festgenommen werden. F\u00fcr die Ermittlungen zu der Tat wurde eine Arbeitsgruppe beim Haus des Jugendrechts in Frankfurt-H\u00f6chst eingerichtet.<\/p>\n<p>Die Polizei bittet um Mithilfe. Zeug*innen oder Personen, die Hinweise zur Aufkl\u00e4rung der Tat geben k\u00f6nnen, werden gebeten, sich mit der Polizei in Verbindung zu setzen. Sie erreichen die Ermittler*innen des Haus des Jugendrechts in H\u00f6chst unter der Rufnummer 069\/755-35108 oder per E-Mail unter: e-jugend-hdjr-hoechst.ppffm@polizei.hessen.de.<\/p>\n<p>Hassgewalt ist nicht nur in Deutschland ein Problem: In Frankreich ist die Zahl der Straftaten, die sich gegen LGBTIQ richten, im vergangenen Jahr um 36 Prozent gestiegen. Opfer der Taten waren haupts\u00e4chlich M\u00e4nner <a href=\"https:\/\/mannschaft.com\/hassgewalt-in-frankreich-verzeichnet-anstieg-homo-und-transphober-straftaten\/\" target=\"_blank\" rel=\"noopener noreferrer\">(MANNSCHAFT berichtete)<\/a>.<\/p>\n","protected":false},"excerpt":{"rendered":"<p>Gef\u00e4hrliche K\u00f6rperverletzung: Am Samstag nahm die Polizei in Frankfurt\/Main mehrere Personen fest, die im Verdacht stehen, einen queeren 20-J\u00e4hrigen angegriffen zu haben. <a class=\"g1-link g1-link-more\" href=\"https:\/\/alte.mannschaft.lgbt\/bimber\/lgbtiq-feindliche-hassgewalt-in-frankfurt-polizei-sucht-zeuginnen\/\">Weiterlesen<\/a><\/p>\n","protected":false},"author":1,"featured_media":96421,"comment_status":"closed","ping_status":"closed","sticky":false,"template":"","format":"standard","meta":[],"categories":[3],"tags":[5501,5461],"wps_subtitle":"Am Samstag kam es in der Innenstadt zu einem Fall von gef\u00e4hrlicher K\u00f6rperverletzung","_links":{"self":[{"href":"https:\/\/alte.mannschaft.lgbt\/bimber\/wp-json\/wp\/v2\/posts\/96407"}],"collection":[{"href":"https:\/\/alte.mannschaft.lgbt\/bimber\/wp-json\/wp\/v2\/posts"}],"about":[{"href":"https:\/\/alte.mannschaft.lgbt\/bimber\/wp-json\/wp\/v2\/types\/post"}],"author":[{"embeddable":true,"href":"https:\/\/alte.mannschaft.lgbt\/bimber\/wp-json\/wp\/v2\/users\/1"}],"replies":[{"embeddable":true,"href":"https:\/\/alte.mannschaft.lgbt\/bimber\/wp-json\/wp\/v2\/comments?post=96407"}],"version-history":[{"count":0,"href":"https:\/\/alte.mannschaft.lgbt\/bimber\/wp-json\/wp\/v2\/posts\/96407\/revisions"}],"wp:featuredmedia":[{"embeddable":true,"href":"https:\/\/alte.mannschaft.lgbt\/bimber\/wp-json\/wp\/v2\/media\/96421"}],"wp:attachment":[{"href":"https:\/\/alte.mannschaft.lgbt\/bimber\/wp-json\/wp\/v2\/media?parent=96407"}],"wp:term":[{"taxonomy":"category","embeddable":true,"href":"https:\/\/alte.mannschaft.lgbt\/bimber\/wp-json\/wp\/v2\/categories?post=96407"},{"taxonomy":"post_tag","embeddable":true,"href":"https:\/\/alte.mannschaft.lgbt\/bimber\/wp-json\/wp\/v2\/tags?post=96407"}],"curies":[{"name":"wp","href":"https:\/\/api.w.org\/{rel}","templated":true}]}}