{"id":96114,"date":"2020-11-12T06:03:00","date_gmt":"2020-11-12T05:03:00","guid":{"rendered":"https:\/\/mannschaft.com\/?p=96114"},"modified":"2020-11-13T09:40:33","modified_gmt":"2020-11-13T08:40:33","slug":"homofeindlicher-ex-afdler-kay-nerstheimer-ist-jetzt-bei-der-npd","status":"publish","type":"post","link":"https:\/\/alte.mannschaft.lgbt\/bimber\/homofeindlicher-ex-afdler-kay-nerstheimer-ist-jetzt-bei-der-npd\/","title":{"rendered":"Homofeindlicher Ex-AfDler Kay Nerstheimer ist jetzt bei der NPD"},"content":{"rendered":"<h3>2016 zog Kay Nerstheimer per Direktmandat in Lichtenberg f\u00fcr die AfD ins Berliner Abgeordnetenhaus ein und machte haupts\u00e4chlich mit homo- und ausl\u00e4nderfeindlichen \u00c4usserungen Schlagzeilen. Anfang Januar flog er aus der Partei und ist jetzt NPD-Mitglied.<\/h3>\n<p>Kay Nerstheimer war 2012 Mitglied der \u00abGerman Defence League\u00bb, die als rechtsextrem und islamfeindlich gilt. Darum flog der Politiker aus der AfD-Fraktion, noch bevor sie sich konstituierte, und wurde im Januar 2020 auch aus der Partei ausgeschlossen. Nun hat er sich der NPD angeschlossen, die damit erstmals seit 2016 wieder einen Vertreter in einem deutschen L\u00e4nderparlament hat. In Sachsen hatte sie im Jahr 2004 12 Mandate im Landtag errungen und schaffte es 2014 nicht mehr ins Parlament.<\/p>\n<blockquote class=\"wp-embedded-content\" data-secret=\"U8V1MXucvg\"><p><a href=\"https:\/\/mannschaft.com\/vor-20-jahren-bundestag-beschliesst-lebenspartnerschaft-fuer-homosexuelle\/\">Vor 20 Jahren: Bundestag beschliesst Lebenspartnerschaft f\u00fcr Homosexuelle<\/a><\/p><\/blockquote>\n<p><iframe class=\"wp-embedded-content\" sandbox=\"allow-scripts\" security=\"restricted\" style=\"position: absolute; clip: rect(1px, 1px, 1px, 1px);\" title=\"&#8222;Vor 20 Jahren: Bundestag beschliesst Lebenspartnerschaft f\u00fcr Homosexuelle&#8220; &#8212; Mannschaft Magazin\" src=\"https:\/\/mannschaft.com\/vor-20-jahren-bundestag-beschliesst-lebenspartnerschaft-fuer-homosexuelle\/embed\/#?secret=U8V1MXucvg\" data-secret=\"U8V1MXucvg\" width=\"600\" height=\"338\" frameborder=\"0\" marginwidth=\"0\" marginheight=\"0\" scrolling=\"no\"><\/iframe><\/p>\n<p>Den Parteiwechsel gab er pers\u00f6nlich gemeinsam mit dem wegen Volksverhetzung vorbestraften NPD-Urgestein Udo Vogt auf dem Facebook-Profil der Partei bekannt. Er habe sich politisch nicht ver\u00e4ndert, erkl\u00e4rte Nerstheimer dort. Seine ehemalige Partei, die AfD, aber schon. Also sei er zum \u00abOriginal\u00bb gewechselt: der NPD.<\/p>\n<p>2003 scheiterte ein Verbotsverfahren gegen die verfassungsfeindliche Partei, ein weiteres endete im Januar 2017: Die Richter*inne bescheinigten der NPD, verfassungsfeindliche Ziele zu verfolgen, doch ein Verbot sei nicht verh\u00e4ltnism\u00e4ssig. Denn die Partei habe mangels Mitgliedern, W\u00e4hler*innen und Einfluss nicht das Potenzial, der Demokratie ausreichend gef\u00e4hrlich zu werden, wie bei der <a href=\"https:\/\/www.bpb.de\/politik\/extremismus\/rechtsextremismus\/41462\/npd-verbot-und-parteienfinanzierung\" target=\"_blank\" rel=\"noopener noreferrer\">Bundeszentrale f\u00fcr politische Bildung<\/a> nachgelesen werden kann.\u00a0Immerhin: Der Bundestag beschloss 2017 mit einer Zwei-Drittel-Mehrheit, dass verfassungsfeindliche Parteien k\u00fcnftig von der staatlichen Parteienfinanzierung ausgeschlossen werden k\u00f6nnen.<\/p>\n<blockquote class=\"wp-embedded-content\" data-secret=\"3Nyv9vfGrz\"><p><a href=\"https:\/\/mannschaft.com\/2020\/01\/20\/konservative-zeitung-hass-ist-in-lgbtiq-community-omnipraesent-schweizerzeit\/\">Konservative Zeitung beklagt \u00abHass\u00bb von LGBTIQ auf Christen<\/a><\/p><\/blockquote>\n<p><iframe title=\"&#8222;Konservative Zeitung beklagt \u00abHass\u00bb von LGBTIQ auf Christen&#8220; &#8212; Mannschaft Magazin\" class=\"wp-embedded-content\" sandbox=\"allow-scripts\" security=\"restricted\" style=\"position: absolute; clip: rect(1px, 1px, 1px, 1px);\" src=\"https:\/\/mannschaft.com\/2020\/01\/20\/konservative-zeitung-hass-ist-in-lgbtiq-community-omnipraesent-schweizerzeit\/embed\/#?secret=3Nyv9vfGrz\" data-secret=\"3Nyv9vfGrz\" width=\"600\" height=\"338\" frameborder=\"0\" marginwidth=\"0\" marginheight=\"0\" scrolling=\"no\"><\/iframe><\/p>\n<p>In Bezug auf den\u00a0<a href=\"http:\/\/www.mannschaft.com\/2017\/06\/volker-beck-haelt-seine-letzte-rede\/\" target=\"_blank\" rel=\"noopener noreferrer\">Gr\u00fcnen-Politiker Volker Beck<\/a> nannte Nerstheimer dessen Homosexualit\u00e4t einen \u00abGendefekt\u00bb. Im Rahmen einer Diskussion auf Facebook sprach Nerstheimer von Homosexuellen als \u00abdegenerierte Spezies\u00bb. Schwule und Lesben forderte er auf, sich in der \u00d6ffentlichkeit zur\u00fcckzuhalten: \u00abAlso etwas leiser und die normalen Menschen nicht immer mit eurem Mist bel\u00e4stigen, dann klappt auch das Zusammenleben!\u00bb Auch Parteikolleg*innen sprachen von LGBTIQ als \u00absexuelle Abnormit\u00e4ten\u00bb <a href=\"https:\/\/mannschaft.com\/2019\/09\/03\/afd-mann-laestert-ueber-lgbtiq-als-sexuelle-abnormitaeten\/\" target=\"_blank\" rel=\"noopener noreferrer\">(MANNSCHAFT berichtete)<\/a>.<\/p>\n<p>2018 war Nerstheimer wegen Volksverhetzung zu einer Geldstrafe von 7.000 Euro verurteilt worden <a href=\"https:\/\/mannschaft.com\/2018\/02\/13\/hetze-gegen-schwule-afd-mann-kay-nerstheimer-muss-7000-euro-strafe-zahlen\/\" target=\"_blank\" rel=\"noopener noreferrer\">(MANNSCHAFT berichtete)<\/a>. Zuvor hatte er eine E-Mail an das LKA geschrieben und beantragt, die Klage abzuweisen: Er habe f\u00fcr \u00abzart besaitete Seelen vielleicht etwas grob geantwortet\u00bb.<\/p>\n<p>Umstritten ist er parteiintern aber auch wegen seiner fr\u00fcheren Mitgliedschaft in einer Organisation, die der Verfassungsschutz in Bremen als rechtsextrem und islamfeindlich eingestuft hat.<\/p>\n<blockquote class=\"wp-embedded-content\" data-secret=\"pgIM7S7OO2\"><p><a href=\"https:\/\/mannschaft.com\/2017\/09\/23\/afd-schwul-15-gute-gruende-sie-nicht-zu-waehlen\/\">15 gute Gr\u00fcnde, nicht die AfD zu w\u00e4hlen<\/a><\/p><\/blockquote>\n<p><iframe title=\"&#8222;15 gute Gr\u00fcnde, nicht die AfD zu w\u00e4hlen&#8220; &#8212; Mannschaft Magazin\" class=\"wp-embedded-content\" sandbox=\"allow-scripts\" security=\"restricted\" style=\"position: absolute; clip: rect(1px, 1px, 1px, 1px);\" src=\"https:\/\/mannschaft.com\/2017\/09\/23\/afd-schwul-15-gute-gruende-sie-nicht-zu-waehlen\/embed\/#?secret=pgIM7S7OO2\" data-secret=\"pgIM7S7OO2\" width=\"600\" height=\"338\" frameborder=\"0\" marginwidth=\"0\" marginheight=\"0\" scrolling=\"no\"><\/iframe><\/p>\n<p>Das Parteiordnungsverfahren gegen Nerstheimer lief schon ein paar Jahre. Seit 2016 hatte die Berliner AfD versucht, den Abgeordneten aus der Partei auszuschliessen &#8211; die sch\u00e4rfste Sanktionsmassnahme einer Partei, wenn sich ein Mitglied parteisch\u00e4digend verh\u00e4lt. Zuvor hatte die <a href=\"https:\/\/www.berliner-zeitung.de\/politik-gesellschaft\/berliner-afd-schliesst-kay-nerstheimer-von-partei-aus-li.5318\" target=\"_blank\" rel=\"noopener noreferrer\"><em>Berliner Zeitung<\/em><\/a>\u00a0\u00fcber das Urteil des Schiedsgerichtes berichtet.<\/p>\n","protected":false},"excerpt":{"rendered":"<p>2016 zog Kay Nerstheimer per Direktmandat f\u00fcr die #AfD ins Berliner Abgeordnetenhaus ein und machte haupts\u00e4chlich mit homo- und ausl\u00e4nderfeindlichen \u00c4usserungen Schlagzeilen. Anfang Januar flog er aus der Partei und ist jetzt #NPD-Mitglied. <a class=\"g1-link g1-link-more\" href=\"https:\/\/alte.mannschaft.lgbt\/bimber\/homofeindlicher-ex-afdler-kay-nerstheimer-ist-jetzt-bei-der-npd\/\">Weiterlesen<\/a><\/p>\n","protected":false},"author":1,"featured_media":52916,"comment_status":"closed","ping_status":"closed","sticky":false,"template":"","format":"standard","meta":[],"categories":[3],"tags":[128,5544,5461],"wps_subtitle":"Auf Facebook nannte er Schwule und Lesben eine \u00abdegenerierte Spezies\u00bb","_links":{"self":[{"href":"https:\/\/alte.mannschaft.lgbt\/bimber\/wp-json\/wp\/v2\/posts\/96114"}],"collection":[{"href":"https:\/\/alte.mannschaft.lgbt\/bimber\/wp-json\/wp\/v2\/posts"}],"about":[{"href":"https:\/\/alte.mannschaft.lgbt\/bimber\/wp-json\/wp\/v2\/types\/post"}],"author":[{"embeddable":true,"href":"https:\/\/alte.mannschaft.lgbt\/bimber\/wp-json\/wp\/v2\/users\/1"}],"replies":[{"embeddable":true,"href":"https:\/\/alte.mannschaft.lgbt\/bimber\/wp-json\/wp\/v2\/comments?post=96114"}],"version-history":[{"count":0,"href":"https:\/\/alte.mannschaft.lgbt\/bimber\/wp-json\/wp\/v2\/posts\/96114\/revisions"}],"wp:featuredmedia":[{"embeddable":true,"href":"https:\/\/alte.mannschaft.lgbt\/bimber\/wp-json\/wp\/v2\/media\/52916"}],"wp:attachment":[{"href":"https:\/\/alte.mannschaft.lgbt\/bimber\/wp-json\/wp\/v2\/media?parent=96114"}],"wp:term":[{"taxonomy":"category","embeddable":true,"href":"https:\/\/alte.mannschaft.lgbt\/bimber\/wp-json\/wp\/v2\/categories?post=96114"},{"taxonomy":"post_tag","embeddable":true,"href":"https:\/\/alte.mannschaft.lgbt\/bimber\/wp-json\/wp\/v2\/tags?post=96114"}],"curies":[{"name":"wp","href":"https:\/\/api.w.org\/{rel}","templated":true}]}}