{"id":95184,"date":"2020-10-30T10:00:13","date_gmt":"2020-10-30T09:00:13","guid":{"rendered":"https:\/\/mannschaft.com\/?p=95184"},"modified":"2020-10-30T16:19:46","modified_gmt":"2020-10-30T15:19:46","slug":"bundespraesident-steinmeier-dank-lsvd-fuer-engagement","status":"publish","type":"post","link":"https:\/\/alte.mannschaft.lgbt\/bimber\/bundespraesident-steinmeier-dank-lsvd-fuer-engagement\/","title":{"rendered":"Bundespr\u00e4sident Steinmeier dankt LSVD f\u00fcr Engagement"},"content":{"rendered":"<h3>Bundespr\u00e4sident Frank-Walter Steinmeier hat den LSVD-Bundesvorstand am Freitag im Schloss Bellevue empfangen. Grund: Das 30. Jubil\u00e4um des Lesben- und Schwulenverbands in Deutschland. Der urspr\u00fcngliche Termin sollte im April und zudem gr\u00f6sser, mit 200 G\u00e4sten stattfinden, wurde aber wegen der Corona-Pandemie verschoben. Hier dokumentieren wir Steinmeiers Worte.<\/h3>\n<p>\u00abHerzlich willkommen, liebe G\u00e4ste! Schwule und Lesben im Schloss Bellevue, Gespr\u00e4che \u00fcber die Erfahrungen von queeren, von bi-, trans- und intersexuellen Menschen beim Bundespr\u00e4sidenten \u2013 noch vor wenigen Jahrzehnten w\u00e4re wohl so mancher Sittenw\u00e4chter rot angelaufen und die Meldung h\u00e4tte einen handfesten Skandal ausgel\u00f6st.<\/p>\n<blockquote class=\"wp-embedded-content\" data-secret=\"ua6ORwQC2K\"><p><a href=\"https:\/\/mannschaft.com\/lgbtiq-ehrenamt-aktivist-mannschaft-sucht-die-queeros-2020\/\">MANNSCHAFT sucht die Queeros 2020<\/a><\/p><\/blockquote>\n<p><iframe class=\"wp-embedded-content\" sandbox=\"allow-scripts\" security=\"restricted\" style=\"position: absolute; clip: rect(1px, 1px, 1px, 1px);\" title=\"&#8222;MANNSCHAFT sucht die Queeros 2020&#8220; &#8212; Mannschaft Magazin\" src=\"https:\/\/mannschaft.com\/lgbtiq-ehrenamt-aktivist-mannschaft-sucht-die-queeros-2020\/embed\/#?secret=ua6ORwQC2K\" data-secret=\"ua6ORwQC2K\" width=\"600\" height=\"338\" frameborder=\"0\" marginwidth=\"0\" marginheight=\"0\" scrolling=\"no\"><\/iframe><\/p>\n<p>Heute ist es umgekehrt: Ein Skandal liegt dann vor, wenn Menschen aufgrund ihrer sexuellen Identit\u00e4t ver\u00e4chtlich gemacht oder benachteiligt werden. Was f\u00fcr eine zivilisatorische Wendung! Welch ein Fortschritt! Ich habe es in meiner Rede im Tiergarten am 3. Juni 2018 gesagt, und ich sage es noch einmal: Die W\u00fcrde der LSBTI-Community, die W\u00fcrde jedes einzelnen Menschen, steht selbstverst\u00e4ndlich unter dem Schutz unseres Staates \u2013 und sie ist so selbstverst\u00e4ndlich unantastbar, wie sie es schon immer h\u00e4tte sein sollen <a href=\"https:\/\/mannschaft.com\/denkmal-fuer-homosexuelle-ns-opfer\/\" target=\"_blank\" rel=\"noopener noreferrer\">(MANNSCHAFT berichete)<\/a>.<\/p>\n<p>Dass unsere Gesellschaft heute reifer und aufgekl\u00e4rter dasteht, ist auch ein Verdienst von Politik und Parteien. Vor allem aber haben wir diesen Erfolg Generationen von Aktivistinnen und Aktivisten zu verdanken. Von Karl Heinrich Ulrichs \u00fcber Johanna Elberskirchen und <a href=\"https:\/\/mannschaft.com\/magnus-hirschfeld-100-jahre-queere-befreiung\/\" target=\"_blank\" rel=\"noopener noreferrer\">Magnus Hirschfeld<\/a> bis zu Stonewall und der immer gr\u00f6sser gewordenen globalen Bewegung der letzten f\u00fcnfzig Jahre: Zehntausende mutige Menschen haben sich gewehrt, sind auf die Strasse gegangen, haben viel riskiert, um f\u00fcr sich und nachfolgende Generationen das Recht auf Liebe zu erk\u00e4mpfen.<\/p>\n<blockquote class=\"wp-embedded-content\" data-secret=\"WKZuxLGlZE\"><p><a href=\"https:\/\/mannschaft.com\/sexuelle-identitaet-es-geht-um-akzeptanz-so-sein-zu-duerfen-wie-man-ist\/\">\u00abAlle Menschen d\u00fcrfen so sein, wie sie sind\u00bb<\/a><\/p><\/blockquote>\n<p><iframe class=\"wp-embedded-content\" sandbox=\"allow-scripts\" security=\"restricted\" style=\"position: absolute; clip: rect(1px, 1px, 1px, 1px);\" title=\"&#8222;\u00abAlle Menschen d\u00fcrfen so sein, wie sie sind\u00bb&#8220; &#8212; Mannschaft Magazin\" src=\"https:\/\/mannschaft.com\/sexuelle-identitaet-es-geht-um-akzeptanz-so-sein-zu-duerfen-wie-man-ist\/embed\/#?secret=WKZuxLGlZE\" data-secret=\"WKZuxLGlZE\" width=\"600\" height=\"338\" frameborder=\"0\" marginwidth=\"0\" marginheight=\"0\" scrolling=\"no\"><\/iframe><\/p>\n<p>Deshalb freue ich mich, heute dem Lesben- und Schwulenverband in Deutschland ganz herzlich zu seinem 30. Jubil\u00e4um zu gratulieren. Ihr Verband hat viel dazu beigetragen, dass unsere Gesellschaft bunter und toleranter geworden ist. Und der LSVD k\u00e4mpft weiter gegen so manche immer noch bestehende Ungerechtigkeiten. Von der Abschaffung des Strafrechtsparagraphen 175 <a href=\"https:\/\/mannschaft.com\/rehabilitierung-fuer-verurteilte-nach-%c2%a7-175-ein-lange-ueberfaelliges-signal\/\" target=\"_blank\" rel=\"noopener noreferrer\">(MANNSCHAFT berichtete)<\/a> \u00fcber die Ehe f\u00fcr alle<a href=\"https:\/\/mannschaft.com\/tschuess-lebenspartnerschaft-hallo-ehe-fuer-alle\/\" target=\"_blank\" rel=\"noopener noreferrer\"> (MANNSCHAFT berichtete)<\/a> bis zur Reform des Transsexuellenrechts und der Debatte um die explizite Erweiterung unseres verfassungsrechtlichen Diskriminierungsverbots um das Merkmal der sexuellen Identit\u00e4t <a href=\"https:\/\/mannschaft.com\/mehrheit-der-deutschen-will-lgbtiq-schutz-im-grundgesetz\/\" target=\"_blank\" rel=\"noopener noreferrer\">(MANNSCHAFT berichtete)<\/a> \u2013 der LSVD war und ist immer an vorderster Front dabei.<\/p>\n<p>Nach wie vor m\u00fcssen viele Schwule, Lesben, bi-, trans- und intersexuelle Menschen in unserem Land Nachteile erleiden, werden ihre Menschenrechte verletzt \u2013 im Alltagsleben, am Arbeitsplatz, durch nicht gerechtfertigte medizinische Behandlungen. An vielen Orten weltweit, auch in Europa, werden anders liebende Menschen immer noch verfolgt und herabgew\u00fcrdigt. Autorit\u00e4res Denken, Populismus und Fundamentalismus sch\u00fcren neuen Hass und neue Gewalt gegen\u00fcber der LSBTI-Community.<\/p>\n<p>Die Mitglieder und Unterst\u00fctzer des LSVD geh\u00f6ren oft zu den ersten in Deutschland, die ihre Stimme gegen Diskriminierung und Verfolgung erheben \u2013 ob hierzulande, bei unseren Nachbarn oder auf anderen Kontinenten. F\u00fcr all dieses b\u00fcrgerschaftliche, meist ehrenamtliche Engagement m\u00f6chte ich Ihnen hier und allen aktiven und ehemaligen Engagierten ganz herzlich danken.<\/p>\n<blockquote class=\"twitter-tweet lazyload\" data-expand=\"600\" data-script=\"https:\/\/platform.twitter.com\/widgets.js\"  data-width=\"550\" data-dnt=\"true\">\n<p lang=\"de\" dir=\"ltr\">Austausch \u00fcber Hasskriminalit\u00e4t, Auswirkungen von Corona auf LSBTI, Regenbogenfamilien, queere Gefl\u00fcchtete und Menschenrechtspolitik &#8211; heute empfing Bundespr\u00e4sident Steinmeier Mitglieder des Vorstands zum Austausch &amp; gratulierte zu 30 Jahren LSVD. Danke!<a href=\"https:\/\/t.co\/btkZD4307T\">https:\/\/t.co\/btkZD4307T<\/a> <a href=\"https:\/\/t.co\/E5yOEOsAXE\">pic.twitter.com\/E5yOEOsAXE<\/a><\/p>\n<p>&mdash; LSVD-Bundesverband (@lsvd) <a href=\"https:\/\/twitter.com\/lsvd\/status\/1322187003396587522?ref_src=twsrc%5Etfw\">October 30, 2020<\/a><\/p><\/blockquote>\n<p>Noch einmal: Herzlich willkommen! Ich bin mir sicher, Sie haben eine Menge Themen mitgebracht. Ich freue mich auf unser Gespr\u00e4ch!\u00bb<\/p>\n","protected":false},"excerpt":{"rendered":"<p>Bundespr\u00e4sident Frank-Walter #Steinmeier hat den #LSVD-Bundesvorstand am Freitag im Schloss Bellevue empfangen und den Aktivist*innen f\u00fcr ihr Engagement gedankt. <a class=\"g1-link g1-link-more\" href=\"https:\/\/alte.mannschaft.lgbt\/bimber\/bundespraesident-steinmeier-dank-lsvd-fuer-engagement\/\">Weiterlesen<\/a><\/p>\n","protected":false},"author":1,"featured_media":41424,"comment_status":"closed","ping_status":"closed","sticky":false,"template":"","format":"standard","meta":[],"categories":[3],"tags":[5449,5538,5544],"wps_subtitle":"Dass die deutsche Gesellschaft heute reifer und aufgekl\u00e4rter dastehe, sei vor allem Generationen von LGBTIQ-Aktivist*innen zu verdanken","_links":{"self":[{"href":"https:\/\/alte.mannschaft.lgbt\/bimber\/wp-json\/wp\/v2\/posts\/95184"}],"collection":[{"href":"https:\/\/alte.mannschaft.lgbt\/bimber\/wp-json\/wp\/v2\/posts"}],"about":[{"href":"https:\/\/alte.mannschaft.lgbt\/bimber\/wp-json\/wp\/v2\/types\/post"}],"author":[{"embeddable":true,"href":"https:\/\/alte.mannschaft.lgbt\/bimber\/wp-json\/wp\/v2\/users\/1"}],"replies":[{"embeddable":true,"href":"https:\/\/alte.mannschaft.lgbt\/bimber\/wp-json\/wp\/v2\/comments?post=95184"}],"version-history":[{"count":0,"href":"https:\/\/alte.mannschaft.lgbt\/bimber\/wp-json\/wp\/v2\/posts\/95184\/revisions"}],"wp:featuredmedia":[{"embeddable":true,"href":"https:\/\/alte.mannschaft.lgbt\/bimber\/wp-json\/wp\/v2\/media\/41424"}],"wp:attachment":[{"href":"https:\/\/alte.mannschaft.lgbt\/bimber\/wp-json\/wp\/v2\/media?parent=95184"}],"wp:term":[{"taxonomy":"category","embeddable":true,"href":"https:\/\/alte.mannschaft.lgbt\/bimber\/wp-json\/wp\/v2\/categories?post=95184"},{"taxonomy":"post_tag","embeddable":true,"href":"https:\/\/alte.mannschaft.lgbt\/bimber\/wp-json\/wp\/v2\/tags?post=95184"}],"curies":[{"name":"wp","href":"https:\/\/api.w.org\/{rel}","templated":true}]}}