{"id":95136,"date":"2020-10-29T15:32:39","date_gmt":"2020-10-29T14:32:39","guid":{"rendered":"https:\/\/mannschaft.com\/?p=95136"},"modified":"2020-10-29T15:46:09","modified_gmt":"2020-10-29T14:46:09","slug":"die-tat-von-dresden-trifft-nicht-nur-eine-person-sie-trifft-uns-alle","status":"publish","type":"post","link":"https:\/\/alte.mannschaft.lgbt\/bimber\/die-tat-von-dresden-trifft-nicht-nur-eine-person-sie-trifft-uns-alle\/","title":{"rendered":"\u00abDie Tat von Dresden trifft nicht nur eine Person \u2013 sie trifft uns alle!\u00bb"},"content":{"rendered":"<h3>Am Sonntag gedenkt Dresden des Opfers der Messerattacke durch einen islamistischen Gef\u00e4hrder. Oberb\u00fcrgermeister Dirk Hilbert (FDP) wird aufgefordert, f\u00fcr Trauerbeflaggung der Fahnenmasten an der Goldenen Pforte mit der Flagge der Landeshauptstadt Dresden und der Regenbogenflagge zu sorgen.<\/h3>\n<p>Nach der Messerattacke in Dresden am 4. Oktober 2020 war zun\u00e4chst von \u00abzwei Touristen aus Nordrhein-Westfalen\u00bb die Rede. Dass es sich um ein Paar handelte, das offenbar aus Homosexuellenfeindlichkeit attackiert worden war, wurde erst nach \u00fcber zwei Wochen bekannt. Ein Mann starb, sein Lebenspartner wurde schwer verletzt <a href=\"https:\/\/mannschaft.com\/wo-bleibt-der-aufschrei-nach-dem-dresdner-anschlag\/\" target=\"_blank\" rel=\"noopener noreferrer\">(MANNSCHAFT berichtete)<\/a>.<\/p>\n<blockquote class=\"wp-embedded-content\" data-secret=\"mP8dTtdJcy\"><p><a href=\"https:\/\/mannschaft.com\/lgbtiq-ehrenamt-aktivist-mannschaft-sucht-die-queeros-2020\/\">MANNSCHAFT sucht die Queeros 2020<\/a><\/p><\/blockquote>\n<p><iframe class=\"wp-embedded-content\" sandbox=\"allow-scripts\" security=\"restricted\" style=\"position: absolute; clip: rect(1px, 1px, 1px, 1px);\" title=\"&#8222;MANNSCHAFT sucht die Queeros 2020&#8220; &#8212; Mannschaft Magazin\" src=\"https:\/\/mannschaft.com\/lgbtiq-ehrenamt-aktivist-mannschaft-sucht-die-queeros-2020\/embed\/#?secret=mP8dTtdJcy\" data-secret=\"mP8dTtdJcy\" width=\"600\" height=\"338\" frameborder=\"0\" marginwidth=\"0\" marginheight=\"0\" scrolling=\"no\"><\/iframe><\/p>\n<p>Der Vorstand des CSD Dresden, neben der Bundesstiftung Magnus Hirschfeld und anderen Organisationen einer der Gastgeber der <a href=\"https:\/\/www.facebook.com\/events\/2754728091475301\" target=\"_blank\" rel=\"noopener noreferrer\">Mahnwache am Sonntag<\/a>, hat einen offenen Brief samt Einladung an Bundespr\u00e4sident Frank-Walter Steinmeier und die Bundesregierung sowie an die Staatsregierung des Freistaates Sachsen und die Landeshauptstadt Dresden ver\u00f6ffentlicht, den wir hier dokumentieren.<\/p>\n<p>\u00abMit grosser Trauer und Best\u00fcrzung schaut die queere Community der Landeshauptstadt Dresden auf das sinnlose und brutale Attentat eines islamistischen Fanatikers und IS-Sympathisanten, das einen Menschen aus wahrscheinlich homofeindlichen Gr\u00fcnden das Leben gekostet und seinen Lebenspartner schwer verletzt hat.<\/p>\n<blockquote class=\"wp-embedded-content\" data-secret=\"eNn5LS1NuH\"><p><a href=\"https:\/\/mannschaft.com\/islamische-glaubensgemeinschaft-in-oesterreich-kritisiert-homophobes-video\/\">Islamisches Zentrum stellt homophobes Video ins Netz<\/a><\/p><\/blockquote>\n<p><iframe class=\"wp-embedded-content\" sandbox=\"allow-scripts\" security=\"restricted\" style=\"position: absolute; clip: rect(1px, 1px, 1px, 1px);\" title=\"&#8222;Islamisches Zentrum stellt homophobes Video ins Netz&#8220; &#8212; Mannschaft Magazin\" src=\"https:\/\/mannschaft.com\/islamische-glaubensgemeinschaft-in-oesterreich-kritisiert-homophobes-video\/embed\/#?secret=eNn5LS1NuH\" data-secret=\"eNn5LS1NuH\" width=\"600\" height=\"338\" frameborder=\"0\" marginwidth=\"0\" marginheight=\"0\" scrolling=\"no\"><\/iframe><\/p>\n<p>Es ist kaum m\u00f6glich, Worte f\u00fcr die Menschenfeindlichkeit, Verachtung und Brutalit\u00e4t dieser Tat zu finden. Zu gross ist das Entsetzen, zu gross ist die Trauer \u00fcber die Gewalt, die unschuldige und wehrlose Menschen getroffen hat und wir werden nicht zulassen, dass diese Tat f\u00fcr rassistische und rechte Hetze missbraucht wird.<\/p>\n<p>Diese Tat trifft nicht nur eine Person &#8211; sie trifft uns alle! Sie trifft alle Menschen, die aus rassistischen, antisemitischen, homo- und transfeindlichen oder anderen menschenverachtenden Haltungen von Gewalt betroffen sind. Dieser Gewalt k\u00f6nnen wir nur gemeinsam und vereint entgegentreten. Als Landeshauptstadt, als Freistaat, als Bundesrepublik, als Gemeinschaft, als Menschen.<\/p>\n<p>Terror kennt keine Grenzen \u2013 weder r\u00e4umlich noch in seinem verbrecherischen Vorgehen. Das haben wir in den letzten Monaten und Jahren schmerzvoll erfahren m\u00fcssen. Die Anh\u00e4nger*innen des sogenannten Islamischen Staates wollen unsere offene und vielf\u00e4ltige Gesellschaft treffen. Daf\u00fcr ist ihnen jedes Anschlagsziel und jedes Mittel recht.<\/p>\n<p>Trotzdem war das Ziel dieses Anschlages sicher nicht zuf\u00e4llig. Auch wenn wir noch zu wenig \u00fcber die Hintergr\u00fcnde dieser Tat wissen, so zeigt sie eines doch auf schmerzhafte Weise sehr deutlich: Homo- und Trans*feindlichkeit t\u00f6tet! Denn die Frage ist nicht, ob es ein islamistisch oder ein homofeindlich motivierter Anschlag war. Jeder Gewaltakt des sogenannten Islamischen Staates oder derer, die sich auf ihn berufen, verachten und bek\u00e4mpfen vieles wof\u00fcr die Regenbogen Community steht: die Akzeptanz der Vielfalt von sexueller Orientierung und Geschlecht sowie eine offene und geschlechtergerechte Gesellschaft, die ein Zusammenleben in Vielfalt wertsch\u00e4tzt und ja, manchmal auch aush\u00e4lt. So wie wir alle es auch leider aushalten m\u00fcssen &#8211; jedoch zum Gl\u00fcck nicht stillschweigend! &#8211; wenn sich montags in Dresden die Menschenfeindlichkeit breitmacht.<\/p>\n<blockquote><p>Wer schweigt, der stimmt zu!<\/p><\/blockquote>\n<p>Wer in seinen Reden gegen Menschen hetzt, wer sich auf \u00f6ffentlichen Pl\u00e4tzen oder in den Parlamenten ans Mikrofon stellt und sich \u00fcber sexuelle Orientierung und Geschlecht lustig macht, wer in Zwischenrufen fordert, dass Homosexuelle ins Gef\u00e4ngnis geh\u00f6ren, der legt die Grundlage f\u00fcr Hassverbrechen. Es ist nur ein kleiner Schritt vom Wort zur Tat. Wer schweigt, wer sich von dieser Hetze nicht klar und glaubhaft distanziert, der stimmt zu!<\/p>\n<p>Deswegen richten wir den Appell an Sie alle: Lassen Sie dieses Hassverbrechen nicht unkommentiert und zeigen mit uns gemeinsam am 01. November 2020 in Dresden Haltung.\u00bb<\/p>\n","protected":false},"excerpt":{"rendered":"<p>Am Sonntag gedenkt #Dresden des Opfers der Messerattacke durch einen islamistischen Gef\u00e4hrder. Oberb\u00fcrgermeister Dirk Hilbert wird aufgefordert, f\u00fcr Trauerbeflaggung zu sorgen. <a class=\"g1-link g1-link-more\" href=\"https:\/\/alte.mannschaft.lgbt\/bimber\/die-tat-von-dresden-trifft-nicht-nur-eine-person-sie-trifft-uns-alle\/\">Weiterlesen<\/a><\/p>\n","protected":false},"author":1,"featured_media":95139,"comment_status":"closed","ping_status":"closed","sticky":false,"template":"","format":"standard","meta":[],"categories":[3],"tags":[5521,5544],"wps_subtitle":"Die Bundes- und Landesregierung aus Sachsen wird ausdr\u00fccklich zur Mahnwache eingeladen","_links":{"self":[{"href":"https:\/\/alte.mannschaft.lgbt\/bimber\/wp-json\/wp\/v2\/posts\/95136"}],"collection":[{"href":"https:\/\/alte.mannschaft.lgbt\/bimber\/wp-json\/wp\/v2\/posts"}],"about":[{"href":"https:\/\/alte.mannschaft.lgbt\/bimber\/wp-json\/wp\/v2\/types\/post"}],"author":[{"embeddable":true,"href":"https:\/\/alte.mannschaft.lgbt\/bimber\/wp-json\/wp\/v2\/users\/1"}],"replies":[{"embeddable":true,"href":"https:\/\/alte.mannschaft.lgbt\/bimber\/wp-json\/wp\/v2\/comments?post=95136"}],"version-history":[{"count":0,"href":"https:\/\/alte.mannschaft.lgbt\/bimber\/wp-json\/wp\/v2\/posts\/95136\/revisions"}],"wp:featuredmedia":[{"embeddable":true,"href":"https:\/\/alte.mannschaft.lgbt\/bimber\/wp-json\/wp\/v2\/media\/95139"}],"wp:attachment":[{"href":"https:\/\/alte.mannschaft.lgbt\/bimber\/wp-json\/wp\/v2\/media?parent=95136"}],"wp:term":[{"taxonomy":"category","embeddable":true,"href":"https:\/\/alte.mannschaft.lgbt\/bimber\/wp-json\/wp\/v2\/categories?post=95136"},{"taxonomy":"post_tag","embeddable":true,"href":"https:\/\/alte.mannschaft.lgbt\/bimber\/wp-json\/wp\/v2\/tags?post=95136"}],"curies":[{"name":"wp","href":"https:\/\/api.w.org\/{rel}","templated":true}]}}