{"id":95125,"date":"2020-10-29T14:17:34","date_gmt":"2020-10-29T13:17:34","guid":{"rendered":"https:\/\/mannschaft.com\/?p=95125"},"modified":"2020-11-10T14:23:20","modified_gmt":"2020-11-10T13:23:20","slug":"gesucht-personal-oder-ems-training-fuer-thomas-in-zuerich","status":"publish","type":"post","link":"https:\/\/alte.mannschaft.lgbt\/bimber\/gesucht-personal-oder-ems-training-fuer-thomas-in-zuerich\/","title":{"rendered":"\u00abIch wollte nicht, dass mich jemand sah\u00bb"},"content":{"rendered":"<h3>Thomas f\u00fchlt sich nach einer misslungenen Operation in seinem K\u00f6rper unwohl. Mit Personal Training oder EMS-Training m\u00f6chte er sein Selbstbewusstsein st\u00e4rken und wieder die Kontrolle \u00fcber seinen K\u00f6rper gewinnen. Wir suchen eine Fachperson, die Thomas begleitet und motiviert.<\/h3>\n<p>Mannschaft Magazin feiert 2020 sein zehnj\u00e4hriges Bestehen. Im Rahmen unserer <a href=\"https:\/\/mannschaft.com\/2020\/08\/26\/mannschaft-feiert-geburtstag-und-erfuellt-drei-wuensche\/\">Jubil\u00e4umsaktion<\/a> m\u00f6chten wir unseren Leser*innen drei W\u00fcnsche erf\u00fcllen. Der erste Wunsch ging an Katha und Anni, die mit einem Interview mehr Sichtbarkeit f\u00fcr Aromantik und Asexualit\u00e4t schaffen wollten <a href=\"https:\/\/mannschaft.com\/asexualitaet-aromantik-katha-anni\/\">(MANNSCHAFT berichtete)<\/a>. Nun m\u00f6chten wir den Wunsch von Thomas Wirklichkeit werden lassen. Der 42-J\u00e4hrige wohnt in der Zentralschweiz und m\u00f6chte EMS-Training ausprobieren.<\/p>\n<p>\u00abIch habe vor allem mit der Brust zu k\u00e4mpfen, da sie verunstaltet aussieht und asymmetrisch ist\u00bb, sagt Thomas. Er w\u00fcnscht sich ein Personal Training, um sein Selbstbewusstsein zu st\u00e4rken und die Muskeln in seinem Oberk\u00f6rper aufzubauen, verf\u00fcgt aber \u00fcber beschr\u00e4nkte finanzielle Mittel.<\/p>\n<p>Thomas, der seinen Nachnamen lieber nicht verraten m\u00f6chte, leidet schon fast 30 Jahre unter seinem K\u00f6rper. In der Pubert\u00e4t vergr\u00f6sserten sich seine Brustdr\u00fcsen \u2013 eine bei M\u00e4nnern nicht selten auftretende Entwicklung, die in der Fachsprache als Gyn\u00e4komastie bezeichnet wird. In vielen F\u00e4llen bildet sich die Vergr\u00f6sserung wieder zur\u00fcck, nicht aber bei Thomas. Er liess das \u00fcbersch\u00fcssige Dr\u00fcsengewebe operativ entfernen, die Kosten \u00fcbernahm die Krankenkasse.<\/p>\n<blockquote class=\"wp-embedded-content\" data-secret=\"iDKQyaG1nh\"><p><a href=\"https:\/\/mannschaft.com\/stars-und-influencerinnen-feiern-bodypositivity-auf-instagram\/\">Stars und Influencer*innen feiern Bodypositivity auf Instagram<\/a><\/p><\/blockquote>\n<p><iframe class=\"wp-embedded-content\" sandbox=\"allow-scripts\" security=\"restricted\" style=\"position: absolute; clip: rect(1px, 1px, 1px, 1px);\" title=\"&#8222;Stars und Influencer*innen feiern Bodypositivity auf Instagram&#8220; &#8212; Mannschaft Magazin\" src=\"https:\/\/mannschaft.com\/stars-und-influencerinnen-feiern-bodypositivity-auf-instagram\/embed\/#?secret=iDKQyaG1nh\" data-secret=\"iDKQyaG1nh\" width=\"600\" height=\"338\" frameborder=\"0\" marginwidth=\"0\" marginheight=\"0\" scrolling=\"no\"><\/iframe><\/p>\n<p>Doch die \u00c4rzte entfernten zuviel Gewebe: Thomas\u2019 Brust wirkt eingefallen, die eine Seite sieht anders aus als die andere. \u00abBei der zweiten Operation haben sie das, was sie konnten, noch verbessert\u00bb, sagt er. \u00abEs hat aber nichts gebracht. Wenn ich gewusst h\u00e4tte, wie es rauskommt, h\u00e4tte ich das nicht gemacht.\u00bb<\/p>\n<p>Eine Kosten\u00fcbernahme einer weiteren Operation lehnte die Krankenkasse ab und so holte sich Thomas eine Zweitmeinung in Deutschland. \u00abDer Arzt dort hat mir gesagt, dass die Brust nicht korrekt operiert und vern\u00e4ht worden sei und es nicht mehr viel gibt, was er tun k\u00f6nne\u00bb, sagt er. \u00abEr hat die Brust wieder aufgemacht und neu vern\u00e4ht.\u00bb<\/p>\n<p>Mit seinem K\u00f6rper f\u00fchlt sich Thomas heute noch unwohler als zuvor, zudem leidet er aufgrund seiner K\u00f6rperwahrnehmung an Depressionen. Er hofft, dass er mit Krafttraining seine Brustmuskulatur aufbauen und dadurch mehr Selbstbewusstsein gewinnen kann. Gerne m\u00f6chte er Elektrostimulationstraining (EMS) ausprobieren. Dabei sorgen Reizstromimpulse f\u00fcr ein Muskelwachstum.<\/p>\n<blockquote class=\"wp-embedded-content\" data-secret=\"J5cOcckdrb\"><p><a href=\"https:\/\/mannschaft.com\/super-koerper-super-kampagne\/\">Super Typ. Super Kampagne.<\/a><\/p><\/blockquote>\n<p><iframe class=\"wp-embedded-content\" sandbox=\"allow-scripts\" security=\"restricted\" style=\"position: absolute; clip: rect(1px, 1px, 1px, 1px);\" title=\"&#8222;Super Typ. Super Kampagne.&#8220; &#8212; Mannschaft Magazin\" src=\"https:\/\/mannschaft.com\/super-koerper-super-kampagne\/embed\/#?secret=J5cOcckdrb\" data-secret=\"J5cOcckdrb\" width=\"600\" height=\"338\" frameborder=\"0\" marginwidth=\"0\" marginheight=\"0\" scrolling=\"no\"><\/iframe><\/p>\n<p>Bisherige Erfahrungen mit konventionellem Personaltraining scheiterten einerseits an den finanziellen Kosten \u2013 Thomas war einige Zeit arbeitslos \u2013, andererseits an seiner fehlenden Selbstsicherheit. \u00abIch wollte nicht, dass mich jemand sah\u00bb, sagt er. \u00abIch habe mich auch stets mit anderen verglichen, die einen besseren K\u00f6rper hatten.\u00bb<\/p>\n<p>Um den zweiten Wunsch unserer Jubil\u00e4umsaktion zu erf\u00fcllen, suchen wir einen Personal Trainer oder einen Anbieter von EMS-Training im Raum Z\u00fcrich oder in der Zentralschweiz, der Thomas eine Behandlung sponsert. Thomas ist bereit, an sich zu arbeiten. \u00abEs ist sch\u00f6n, wenn man motiviert und gepusht wird und nicht unter Zeitdruck steht\u00bb, sagt er. Feste Erwartungen hat er keine. \u00abAm besten ist es, ohne Gedanken hinzugehen und das Beste daraus machen.\u00bb<\/p>\n<p><strong>M\u00f6chtest du Thomas helfen? Nimm mit unserer Redaktion Kontakt auf: <\/strong><br \/>\n<strong>redaktion (at) mannschaft.com<\/strong><\/p>\n","protected":false},"excerpt":{"rendered":"<p>F\u00fcr unser 10-Jahre-Jubil\u00e4um erf\u00fcllen wir W\u00fcnsche unserer Leserschaft. Thomas leidet nach einer misslungenen Operation an mangelndem Selbstbewusstsein. Wir suchen eine Fachperson im Raum Z\u00fcrich, die Thomas begleitet und motiviert. <a class=\"g1-link g1-link-more\" href=\"https:\/\/alte.mannschaft.lgbt\/bimber\/gesucht-personal-oder-ems-training-fuer-thomas-in-zuerich\/\">Weiterlesen<\/a><\/p>\n","protected":false},"author":2,"featured_media":95127,"comment_status":"closed","ping_status":"closed","sticky":false,"template":"","format":"standard","meta":[],"categories":[1340],"tags":[5466,56,39],"wps_subtitle":"Teil 2 unserer \u00abW\u00fcnsch dir was\u00bb\u2013Aktion","_links":{"self":[{"href":"https:\/\/alte.mannschaft.lgbt\/bimber\/wp-json\/wp\/v2\/posts\/95125"}],"collection":[{"href":"https:\/\/alte.mannschaft.lgbt\/bimber\/wp-json\/wp\/v2\/posts"}],"about":[{"href":"https:\/\/alte.mannschaft.lgbt\/bimber\/wp-json\/wp\/v2\/types\/post"}],"author":[{"embeddable":true,"href":"https:\/\/alte.mannschaft.lgbt\/bimber\/wp-json\/wp\/v2\/users\/2"}],"replies":[{"embeddable":true,"href":"https:\/\/alte.mannschaft.lgbt\/bimber\/wp-json\/wp\/v2\/comments?post=95125"}],"version-history":[{"count":0,"href":"https:\/\/alte.mannschaft.lgbt\/bimber\/wp-json\/wp\/v2\/posts\/95125\/revisions"}],"wp:featuredmedia":[{"embeddable":true,"href":"https:\/\/alte.mannschaft.lgbt\/bimber\/wp-json\/wp\/v2\/media\/95127"}],"wp:attachment":[{"href":"https:\/\/alte.mannschaft.lgbt\/bimber\/wp-json\/wp\/v2\/media?parent=95125"}],"wp:term":[{"taxonomy":"category","embeddable":true,"href":"https:\/\/alte.mannschaft.lgbt\/bimber\/wp-json\/wp\/v2\/categories?post=95125"},{"taxonomy":"post_tag","embeddable":true,"href":"https:\/\/alte.mannschaft.lgbt\/bimber\/wp-json\/wp\/v2\/tags?post=95125"}],"curies":[{"name":"wp","href":"https:\/\/api.w.org\/{rel}","templated":true}]}}