{"id":94279,"date":"2020-10-17T10:09:48","date_gmt":"2020-10-17T08:09:48","guid":{"rendered":"https:\/\/mannschaft.com\/?p=94279"},"modified":"2022-02-17T09:56:23","modified_gmt":"2022-02-17T08:56:23","slug":"schwuler-winzer-es-war-ein-sprung-ins-kalte-wasser","status":"publish","type":"post","link":"https:\/\/alte.mannschaft.lgbt\/bimber\/schwuler-winzer-es-war-ein-sprung-ins-kalte-wasser\/","title":{"rendered":"Schwuler Winzer: \u00abEs war ein Sprung ins kalte Wasser\u00bb"},"content":{"rendered":"<h3>Von M\u00fcnchen in die Steiermark: Winzer Holger Hagen \u00fcbernahm frisch ab Studium ein Weingut in \u00d6sterreich. Heute f\u00fchrt er den Betrieb gemeinsam mit Ehemann Ren\u00e9.<\/h3>\n<p><strong>Holger, du bist geb\u00fcrtiger M\u00fcnchner und hast mit 27 Jahren als Winzer in der Steiermark angefangen. Kommst du aus einer Winzerfamilie?<\/strong><br \/>\nNein, gar nicht. Das ganze Berufsbild rund um den Wein hat mich fasziniert. Da sind einerseits das Handwerkliche und die Arbeit mit der Natur, andererseits der Kontakt zu den Menschen und der Wein als Kulturgut. Also habe ich in Deutschland \u00d6nologie und Weinbau studiert und in 2006 hier einen Betrieb in der Steiermark \u00fcbernommen.<\/p>\n<p><strong>Das muss alles andere als einfach gewesen sein.<\/strong><br \/>\nDas stimmt. Meine Jugend war pl\u00f6tzlich schnell vorbei und es gab Momente, in denen ich meine Entscheidung bereut habe. Mit meinen Weinen schien ich jedoch von Anfang an einen Nerv getroffen zu haben. Sie kamen gut an und gaben mir in den erst f\u00fcnf Jahren viel Kraft, als es wirtschaftlich noch nicht so lief. Ich muss nat\u00fcrlich auch sagen, dass ich es mir mit der Biozertifizierung noch ein bisschen schwieriger gemacht habe. Der Bioanbau erfordert mehr Aufwand, bedeutet aber nicht mehr Einkommen. Er geh\u00f6rt aber zu meiner Philosophie.<\/p>\n<p><strong>Was w\u00fcrdest du dem damaligen Holger mit auf den Weg geben?<\/strong><br \/>\nDass es im jungen Unternehmertum ganz normal ist, einen Zickzackkurs zu fahren. Von Anfang an gleich alles fehlerfrei zu machen w\u00e4re auch nicht richtig gewesen. Ich w\u00fcrde meinem j\u00fcngeren Ich raten, kleiner und \u00fcbersichtlicher einzusteigen und vielleicht einen kleinen Winzerbetrieb zu gr\u00fcnden \u2013 so wie ich es f\u00fcr meinen Ruhestand plane. Ein paar F\u00e4sser im Keller. Bekannte und gute Freund*innen, die vorbeikommen, um eine Kiste abzuholen. Das kann ebenso reizvoll sein wie das F\u00fchren eines grossen Unternehmens.<\/p>\n<figure id=\"attachment_94293\" aria-describedby=\"caption-attachment-94293\" style=\"width: 1200px\" class=\"wp-caption alignnone\"><a href=\"https:\/\/mannschaft.com\/bimber\/wp-content\/uploads\/2020\/10\/holger-hagen-leben-reben.jpg\"><img data-expand=\"600\" decoding=\"async\" loading=\"lazy\" class=\"lazyload size-full wp-image-94293\" src=\"data:image\/svg+xml;charset=utf-8,%3Csvg xmlns%3D'http%3A%2F%2Fwww.w3.org%2F2000%2Fsvg' viewBox%3D'0 0 1200 800'%2F%3E\" data-src=\"https:\/\/mannschaft.com\/bimber\/wp-content\/uploads\/2020\/10\/holger-hagen-leben-reben.jpg\" alt=\"winzer\" width=\"1200\" height=\"800\" data-srcset=\"https:\/\/alte.mannschaft.lgbt\/bimber\/wp-content\/uploads\/2020\/10\/holger-hagen-leben-reben.jpg 1200w, https:\/\/alte.mannschaft.lgbt\/bimber\/wp-content\/uploads\/2020\/10\/holger-hagen-leben-reben-300x200.jpg 300w, https:\/\/alte.mannschaft.lgbt\/bimber\/wp-content\/uploads\/2020\/10\/holger-hagen-leben-reben-425x283.jpg 425w, https:\/\/alte.mannschaft.lgbt\/bimber\/wp-content\/uploads\/2020\/10\/holger-hagen-leben-reben-768x512.jpg 768w, https:\/\/alte.mannschaft.lgbt\/bimber\/wp-content\/uploads\/2020\/10\/holger-hagen-leben-reben-180x120.jpg 180w, https:\/\/alte.mannschaft.lgbt\/bimber\/wp-content\/uploads\/2020\/10\/holger-hagen-leben-reben-561x374.jpg 561w, https:\/\/alte.mannschaft.lgbt\/bimber\/wp-content\/uploads\/2020\/10\/holger-hagen-leben-reben-1122x748.jpg 1122w, https:\/\/alte.mannschaft.lgbt\/bimber\/wp-content\/uploads\/2020\/10\/holger-hagen-leben-reben-364x243.jpg 364w, https:\/\/alte.mannschaft.lgbt\/bimber\/wp-content\/uploads\/2020\/10\/holger-hagen-leben-reben-728x485.jpg 728w, https:\/\/alte.mannschaft.lgbt\/bimber\/wp-content\/uploads\/2020\/10\/holger-hagen-leben-reben-608x405.jpg 608w, https:\/\/alte.mannschaft.lgbt\/bimber\/wp-content\/uploads\/2020\/10\/holger-hagen-leben-reben-758x505.jpg 758w, https:\/\/alte.mannschaft.lgbt\/bimber\/wp-content\/uploads\/2020\/10\/holger-hagen-leben-reben-1152x768.jpg 1152w, https:\/\/alte.mannschaft.lgbt\/bimber\/wp-content\/uploads\/2020\/10\/holger-hagen-leben-reben-72x48.jpg 72w, https:\/\/alte.mannschaft.lgbt\/bimber\/wp-content\/uploads\/2020\/10\/holger-hagen-leben-reben-144x96.jpg 144w, https:\/\/alte.mannschaft.lgbt\/bimber\/wp-content\/uploads\/2020\/10\/holger-hagen-leben-reben-313x209.jpg 313w, https:\/\/alte.mannschaft.lgbt\/bimber\/wp-content\/uploads\/2020\/10\/holger-hagen-leben-reben-400x267.jpg 400w\" data-sizes=\"(max-width: 1200px) 100vw, 1200px\" \/><\/a><figcaption id=\"caption-attachment-94293\" class=\"wp-caption-text\">Der 41-j\u00e4hrige Holger Hagen (links) bewirtschaftet mit seinem Ehemann Ren\u00e9 Weinberge in \u00d6sterreich und Slowenien. (Bild: Stephan Friesinger)<\/figcaption><\/figure>\n<p><strong>F\u00fchrst du deinen Betrieb Vollzeit?<\/strong><br \/>\nJa, mehr als hauptberuflich. Es ist ein doppelter Vollzeitjob <em>(lacht)<\/em>. Ich habe das Gl\u00fcck, dass mich mein Mann Ren\u00e9 seit diesem Jahr unterst\u00fctzt. Er hat seinen Beruf als Friseur an den Nagel geh\u00e4ngt und hilft mir jetzt bei der Verwaltung und beim Marketing.<\/p>\n<p><strong>War dein Vollzeitjob eine Herausforderung f\u00fcr ihn?<\/strong><br \/>\nLange hielt er sich bewusst raus, bis es ihn auch richtig gepackt hat. Unsere beiden Jobs haben mehr gemeinsam, als man auf den ersten Blick meinen k\u00f6nnte. Wir haben viel mit Menschen zu tun und gehen auf sie ein. Wenn ich kann, liefere ich den Kund*innen den Wein pers\u00f6nlich. Sie wollen von mir die Geschichte der Flasche h\u00f6ren, die sie in den H\u00e4nden halten.<\/p>\n<h3><u>++ \u00d6sterreich \u00f6ffnete die Ehe f\u00fcr gleichgeschlechtliche binationale Paare erst im Sommer 2019, ein halbes Jahr nach der allgemeinen Ehe\u00f6ffnung <a href=\"https:\/\/mannschaft.com\/2019\/06\/15\/oesterreich-oeffnet-ehe-auch-fuer-binationale-paare\/\">(MANNSCHAFT berichtete)<\/a> ++<\/u><\/h3>\n<p><strong>Wie ist es, wenn der Ehemann auch Kollege ist?<\/strong><br \/>\nDa wir unsere Arbeit automatisch mit ins Privatleben nehmen, ist es immer eine Herausforderung. Zum Beispiel m\u00f6chte ich morgens meinen ersten Kaffee noch ohne Gedanken an das Gesch\u00e4ft trinken, Ren\u00e9 sitzt dann bereits am Computer. Die gemeinsame Arbeit hat auch viele sch\u00f6ne Seiten, denn wir leben f\u00fcr unseren Weinbau. Dass es manchmal Reibereien gibt, ist normal. Wir sind aber alt genug und ein eingespieltes Team. Mit der Zeit hat man den Dreh raus <em>(lacht)<\/em>.<\/p>\n<figure id=\"attachment_94297\" aria-describedby=\"caption-attachment-94297\" class=\"wp-caption aligncenter\"><a href=\"https:\/\/mannschaft.com\/bimber\/wp-content\/uploads\/2020\/10\/holger-hagen-leben-reben-4.jpg\"><img data-expand=\"600\" decoding=\"async\" loading=\"lazy\" class=\"lazyload size-full wp-image-94297\" src=\"data:image\/svg+xml;charset=utf-8,%3Csvg xmlns%3D'http%3A%2F%2Fwww.w3.org%2F2000%2Fsvg' viewBox%3D'0 0 800 1199'%2F%3E\" data-src=\"https:\/\/mannschaft.com\/bimber\/wp-content\/uploads\/2020\/10\/holger-hagen-leben-reben-4.jpg\" alt=\"holger hagen\" width=\"800\" height=\"1199\" data-srcset=\"https:\/\/alte.mannschaft.lgbt\/bimber\/wp-content\/uploads\/2020\/10\/holger-hagen-leben-reben-4.jpg 800w, https:\/\/alte.mannschaft.lgbt\/bimber\/wp-content\/uploads\/2020\/10\/holger-hagen-leben-reben-4-200x300.jpg 200w, https:\/\/alte.mannschaft.lgbt\/bimber\/wp-content\/uploads\/2020\/10\/holger-hagen-leben-reben-4-400x600.jpg 400w, https:\/\/alte.mannschaft.lgbt\/bimber\/wp-content\/uploads\/2020\/10\/holger-hagen-leben-reben-4-768x1151.jpg 768w, https:\/\/alte.mannschaft.lgbt\/bimber\/wp-content\/uploads\/2020\/10\/holger-hagen-leben-reben-4-561x841.jpg 561w, https:\/\/alte.mannschaft.lgbt\/bimber\/wp-content\/uploads\/2020\/10\/holger-hagen-leben-reben-4-364x546.jpg 364w, https:\/\/alte.mannschaft.lgbt\/bimber\/wp-content\/uploads\/2020\/10\/holger-hagen-leben-reben-4-728x1091.jpg 728w, https:\/\/alte.mannschaft.lgbt\/bimber\/wp-content\/uploads\/2020\/10\/holger-hagen-leben-reben-4-608x911.jpg 608w, https:\/\/alte.mannschaft.lgbt\/bimber\/wp-content\/uploads\/2020\/10\/holger-hagen-leben-reben-4-758x1136.jpg 758w, https:\/\/alte.mannschaft.lgbt\/bimber\/wp-content\/uploads\/2020\/10\/holger-hagen-leben-reben-4-32x48.jpg 32w, https:\/\/alte.mannschaft.lgbt\/bimber\/wp-content\/uploads\/2020\/10\/holger-hagen-leben-reben-4-64x96.jpg 64w, https:\/\/alte.mannschaft.lgbt\/bimber\/wp-content\/uploads\/2020\/10\/holger-hagen-leben-reben-4-313x469.jpg 313w\" data-sizes=\"(max-width: 800px) 100vw, 800px\" \/><\/a><figcaption id=\"caption-attachment-94297\" class=\"wp-caption-text\">(Bild: Stephan Friesinger)<\/figcaption><\/figure>\n<p><strong>Dir geh\u00f6ren drei Hektar in \u00d6sterreich, zweieinhalb in Slowenien. Wann kam der Blick \u00fcber die Grenze?<\/strong><br \/>\nAls Zugezogener der Steiermark habe ich schon von Anfang an \u00fcber die Grenze geschaut. Bereits in meinem ersten Jahr kaufte und bewirtschaftete ich meinen ersten Weinberg in Slowenien. Der staaten\u00fcbergreifende, europ\u00e4ische Gedanke sagt mir zu \u2013 vor allem in einer Zeit, in der sich Staaten wegen der Fl\u00fcchtlingskrise und der Pandemie abschotten. Die Staatsgrenze verl\u00e4uft mitten durch zwei Regionen, die sich durch ihre Weinkultur eigentlich sehr nahestehen. Mit meinem Wein versuche ich diese beiden Regionen miteinander zu verbinden.<\/p>\n<p><strong>War die Grenze auch w\u00e4hrend Corona offen?<\/strong><br \/>\nJa, Gott sei Dank. Seitens der Beh\u00f6rden war gegen\u00fcber Pendler*innen und Landwirt*innen eine grosse Offenheit da. Sie liessen uns immer durch. Ich hoffe, dass es so bleibt.<\/p>\n<figure id=\"attachment_94295\" aria-describedby=\"caption-attachment-94295\" class=\"wp-caption aligncenter\"><a href=\"https:\/\/mannschaft.com\/bimber\/wp-content\/uploads\/2020\/10\/holger-hagen-leben-reben-2.jpg\"><img data-expand=\"600\" decoding=\"async\" loading=\"lazy\" class=\"lazyload size-full wp-image-94295\" src=\"data:image\/svg+xml;charset=utf-8,%3Csvg xmlns%3D'http%3A%2F%2Fwww.w3.org%2F2000%2Fsvg' viewBox%3D'0 0 1199 800'%2F%3E\" data-src=\"https:\/\/mannschaft.com\/bimber\/wp-content\/uploads\/2020\/10\/holger-hagen-leben-reben-2.jpg\" alt=\"\" width=\"1199\" height=\"800\" \/><\/a><figcaption id=\"caption-attachment-94295\" class=\"wp-caption-text\">Holger Hagens Weinberge sind biozertifiziert. Gespritzt wird nur mit nat\u00fcrlichen, traditionellen Mittel.(Bild: Stephan Friesinger)<\/figcaption><\/figure>\n<p><strong>Du hast die Biozertifizierung erw\u00e4hnt. Was sind die Kriterien?<\/strong><br \/>\nDie wichtigste Unterscheidung f\u00e4ngt beim Pflanzenschutz an. Die Weinrebe muss behandelt werden, damit sie gesund bleibt. Eine Bedrohung sind zum Beispiel Mehltaupilze. Wir spritzen mit nat\u00fcrlichen, traditionellen Mitteln statt mit chemischen Wirkstoffen. Ein weiteres Thema ist der D\u00fcnger, bei dem man den Gedanken des Weinbergs als Biotop statt als Monokultur verfolgt. Die Rebe soll sich m\u00f6glichst nat\u00fcrlich ern\u00e4hren und die N\u00e4hrstoffe im Boden selbst suchen m\u00fcssen. Mit weniger Chemie f\u00e4llt jedoch mehr Handarbeit an, die Ertr\u00e4ge sind kleiner. Ich finde jedoch, dass der Mehraufwand geschmacklich belohnt wird.<\/p>\n<p><strong>Inwiefern?<\/strong><br \/>\nDer Wein kann mehr Charakter und einen vielf\u00e4ltigeren Geschmack entwickeln. Hier spricht jedoch das Herz des Bioerzeugers und nicht das Lehrbuch <em>(lacht)<\/em>.<\/p>\n<p><strong>Welcher Wein ist das Aush\u00e4ngeschild deines Weinguts?<\/strong><br \/>\nUnser Sauvignon Blanc vom Hochgrassnitzberg \u2013 eine Toplage hier in der S\u00fcdsteiermark. Es ist ein kr\u00e4ftiger, extraktreicher Wein und trotzdem sehr elegant. Das heisst, dass er weich am Gaumen wirkt und sich angenehm trinken l\u00e4sst.<\/p>\n<p><strong>Ist es auch dein Lieblingswein?<\/strong><br \/>\nIch muss sagen, dass ich eher der quirlige Typ bin <em>(lacht)<\/em>. Die Weine vom Hochgrassnitzberg sind mir oftmals f\u00fcr meinen Trinkspass zu ruhig. Ich will etwas aufregendes, wenn ich mir abends eine Flasche aufmache. Zu meinen Favoriten im Sommer z\u00e4hlt unsere \u00abAmorosa\u00bb, ein rosa Frizzante mit Aromen von Walderdbeeren. Beim Tuntenball in Graz war sie mehrere Jahre der offizielle Sekt und es gab spezielle Etiketten daf\u00fcr. Dieser \u00abSprudel\u00bb verbindet uns mit der Community.<\/p>\n<p><strong>Wie offen war die Steiermark f\u00fcr einen M\u00fcnchner frisch aus dem Studium?<\/strong><br \/>\nObwohl ich die Steiermark schon einmal besucht hatte, war es ein Sprung ins kalte Wasser. Hier wird eine lockere Mentalit\u00e4t gelebt und ich war ergriffen von der Offenheit der Steirer*innen gegen\u00fcber Zugezogenen. Ich war nochmals positiv \u00fcberrascht, als Ren\u00e9 und ich unsere Beziehung nach einem Jahr \u00f6ffentlich machten.<\/p>\n<p><strong>Wie habt ihr das gemacht?<\/strong><br \/>\nEine Illustrierte portr\u00e4tierte uns. Sie wollten unter anderem zeigen, dass Homosexuelle mitten in der Gesellschaft leben. Als unsere Geschichte dann auf sechs bunten Seiten erz\u00e4hlt wurde, waren wir schon ein bisschen nerv\u00f6s. Die Reaktionen der Menschen hier waren jedoch genial. Sie riefen uns an, klopften an unsere T\u00fcre oder gr\u00fcssten uns auf der Strasse. Diese Gesten haben wir sehr gesch\u00e4tzt.<\/p>\n<p>Ren\u00e9 ist zwar Steirer, hatte nach seinem Coming-out jedoch nur in Graz gelebt und keine Erfahrungen auf dem Land gemacht. Daher waren wir etwas unsicher, wie man unsere Partnerschaft auffassen wurde.<\/p>\n<p><strong>Was sind die Herausforderungen in deinem Job?<\/strong><br \/>\nEindeutig der Klimawandel \u2013 das erleben alle europ\u00e4ischen Winzer*innen. Das Wetter wird extremer. Im Fr\u00fchling muss mit sp\u00e4ten Frostn\u00e4chten gerechnet werden, im Sommer besteht ein erh\u00f6htes Hagelrisiko. Auch Hitze und Trockenheit bedrohen uns immer wieder. Damit m\u00fcssen wir irgendwie klarkommen.<\/p>\n<blockquote class=\"instagram-media\" style=\"background: #FFF; border: 0; border-radius: 3px; box-shadow: 0 0 1px 0 rgba(0,0,0,0.5),0 1px 10px 0 rgba(0,0,0,0.15); margin: 1px; max-width: 540px; min-width: 326px; padding: 0; width: calc(100% - 2px);\" data-instgrm-permalink=\"https:\/\/www.instagram.com\/p\/B_wtpJ2HjBO\/?utm_source=ig_embed&amp;utm_campaign=loading\" data-instgrm-version=\"12\">\n<div style=\"padding: 16px;\">\n<p>&nbsp;<\/p>\n<div style=\"display: flex; flex-direction: row; align-items: center;\">\n<div style=\"background-color: #f4f4f4; border-radius: 50%; flex-grow: 0; height: 40px; margin-right: 14px; width: 40px;\"><\/div>\n<div style=\"display: flex; flex-direction: column; flex-grow: 1; justify-content: center;\">\n<div style=\"background-color: #f4f4f4; border-radius: 4px; flex-grow: 0; height: 14px; margin-bottom: 6px; width: 100px;\"><\/div>\n<div style=\"background-color: #f4f4f4; border-radius: 4px; flex-grow: 0; height: 14px; width: 60px;\"><\/div>\n<\/div>\n<\/div>\n<div style=\"padding: 19% 0;\"><\/div>\n<div style=\"display: block; height: 50px; margin: 0 auto 12px; width: 50px;\"><\/div>\n<div style=\"padding-top: 8px;\">\n<div style=\"color: #3897f0; font-family: Arial,sans-serif; font-size: 14px; font-style: normal; font-weight: 550; line-height: 18px;\">Sieh dir diesen Beitrag auf Instagram an<\/div>\n<\/div>\n<div style=\"padding: 12.5% 0;\"><\/div>\n<div style=\"display: flex; flex-direction: row; margin-bottom: 14px; align-items: center;\">\n<div>\n<div style=\"background-color: #f4f4f4; border-radius: 50%; height: 12.5px; width: 12.5px; transform: translateX(0px) translateY(7px);\"><\/div>\n<div style=\"background-color: #f4f4f4; height: 12.5px; transform: rotate(-45deg) translateX(3px) translateY(1px); width: 12.5px; flex-grow: 0; margin-right: 14px; margin-left: 2px;\"><\/div>\n<div style=\"background-color: #f4f4f4; border-radius: 50%; height: 12.5px; width: 12.5px; transform: translateX(9px) translateY(-18px);\"><\/div>\n<\/div>\n<div style=\"margin-left: 8px;\">\n<div style=\"background-color: #f4f4f4; border-radius: 50%; flex-grow: 0; height: 20px; width: 20px;\"><\/div>\n<div style=\"width: 0; height: 0; border-top: 2px solid transparent; border-left: 6px solid #f4f4f4; border-bottom: 2px solid transparent; transform: translateX(16px) translateY(-4px) rotate(30deg);\"><\/div>\n<\/div>\n<div style=\"margin-left: auto;\">\n<div style=\"width: 0px; border-top: 8px solid #F4F4F4; border-right: 8px solid transparent; transform: translateY(16px);\"><\/div>\n<div style=\"background-color: #f4f4f4; flex-grow: 0; height: 12px; width: 16px; transform: translateY(-4px);\"><\/div>\n<div style=\"width: 0; height: 0; border-top: 8px solid #F4F4F4; border-left: 8px solid transparent; transform: translateY(-4px) translateX(8px);\"><\/div>\n<\/div>\n<\/div>\n<div style=\"display: flex; flex-direction: column; flex-grow: 1; justify-content: center; margin-bottom: 24px;\">\n<div style=\"background-color: #f4f4f4; border-radius: 4px; flex-grow: 0; height: 14px; margin-bottom: 6px; width: 224px;\"><\/div>\n<div style=\"background-color: #f4f4f4; border-radius: 4px; flex-grow: 0; height: 14px; width: 144px;\"><\/div>\n<\/div>\n<p>&nbsp;<\/p>\n<p style=\"color: #c9c8cd; font-family: Arial,sans-serif; font-size: 14px; line-height: 17px; margin-bottom: 0; margin-top: 8px; overflow: hidden; padding: 8px 0 7px; text-align: center; text-overflow: ellipsis; white-space: nowrap;\"><a style=\"color: #c9c8cd; font-family: Arial,sans-serif; font-size: 14px; font-style: normal; font-weight: normal; line-height: 17px; text-decoration: none;\" href=\"https:\/\/www.instagram.com\/p\/B_wtpJ2HjBO\/?utm_source=ig_embed&amp;utm_campaign=loading\" target=\"_blank\" rel=\"noopener noreferrer\">Ein Beitrag geteilt von Holger Hagen (@_holgerhagen_)<\/a> am <time style=\"font-family: Arial,sans-serif; font-size: 14px; line-height: 17px;\" datetime=\"2020-05-04T09:36:27+00:00\">Mai 4, 2020 um 2:36 PDT<\/time><\/p>\n<\/div>\n<\/blockquote>\n<p><script async src=\"\/\/www.instagram.com\/embed.js\"><\/script><\/p>\n<p><strong>Bei einem Familienbesitz und einem schwulen Paar stellt sich die Frage: Wie wirst du deine Nachfolge regeln?<\/strong><br \/>\nDas wissen wir noch nicht, sind ja auch noch ein bisschen zu jung. Wir haben keine direkten Nachkommen und hegen auch keinen Adoptionswunsch. Ich habe einen Bruder, der frisch verheiratet ist, vielleicht k\u00f6nnen wir dort auf Nachwuchs hoffen <em>(lacht)<\/em>. Wir lassen das mal auf uns zukommen und schauen in 10 oder 20 Jahren weiter.<\/p>\n<p><strong>Wie kann man sich als Laie am besten mit Wein vertraut machen?<\/strong><br \/>\nIndem man den direkten Kontakt zu gleichaltrigen Winzer*innen sucht, zum Beispiel wenn man in den Urlaub f\u00e4hrt. Sobald sie merken, dass Interesse da ist, erkl\u00e4ren sie viel und gerne. Auch Weinproben in Gruppe bieten eine gute Gelegenheit. Aus Winzerhand und Winzerworten kann man das meiste lernen. Wir sind ein offenes V\u00f6lkchen.<\/p>\n<p><strong>Auf welches Fettn\u00e4pfchen sollte man achten?<\/strong><br \/>\nDas Weinglas sollte man unbedingt am Stiel und nicht am Kelch halten. Ren\u00e9 kriegt jeweils eine G\u00e4nsehaut, wenn wir solche G\u00e4ste haben <em>(lacht)<\/em>. Einerseits w\u00e4rmt man mit der Hand unn\u00f6tig den Wein, andererseits ist es weniger \u00e4sthetisch. Bei einer Weinverkostung trinkt man stets aus demselben Glas. H\u00e4lt man es am Kelch, ist er nach einer Viertelstunde mit Fingertapsern \u00fcbers\u00e4t.<\/p>\n<p><strong>Was bereitet dir an deiner T\u00e4tigkeit als Winzer am meisten Freude?<\/strong><br \/>\nWenn ich meine Produkte und die Geschichten, die dahinterstehen, pers\u00f6nlich erkl\u00e4ren kann. Meistens sind die G\u00e4ste etwas angeheitert oder sogar leicht beschwipst, strahlen aber \u00fcbers ganze Gesicht, wenn sie den Weinkeller verlassen. Das sind die sch\u00f6nsten Momente.<\/p>\n<p>\u2013 <a href=\"http:\/\/Holgerhagen.eu\" target=\"_blank\" rel=\"noopener noreferrer\">holgerhagen.eu<\/a><\/p>\n","protected":false},"excerpt":{"rendered":"<p>(MANNSCHAFT+) Von M\u00fcnchen in die Steiermark: Holger Hagen \u00fcbernahm ein Weingut in \u00d6sterreich. Heute f\u00fchrt er den Betrieb gemeinsam mit Ehemann Ren\u00e9. <a class=\"g1-link g1-link-more\" href=\"https:\/\/alte.mannschaft.lgbt\/bimber\/schwuler-winzer-es-war-ein-sprung-ins-kalte-wasser\/\">Weiterlesen<\/a><\/p>\n","protected":false},"author":2,"featured_media":94296,"comment_status":"closed","ping_status":"closed","sticky":false,"template":"","format":"standard","meta":[],"categories":[10,4371],"tags":[5431,5462,5486,386],"wps_subtitle":"Der Klimawandel ist eine grosse Herausforderung f\u00fcr Holger Hagen","_links":{"self":[{"href":"https:\/\/alte.mannschaft.lgbt\/bimber\/wp-json\/wp\/v2\/posts\/94279"}],"collection":[{"href":"https:\/\/alte.mannschaft.lgbt\/bimber\/wp-json\/wp\/v2\/posts"}],"about":[{"href":"https:\/\/alte.mannschaft.lgbt\/bimber\/wp-json\/wp\/v2\/types\/post"}],"author":[{"embeddable":true,"href":"https:\/\/alte.mannschaft.lgbt\/bimber\/wp-json\/wp\/v2\/users\/2"}],"replies":[{"embeddable":true,"href":"https:\/\/alte.mannschaft.lgbt\/bimber\/wp-json\/wp\/v2\/comments?post=94279"}],"version-history":[{"count":2,"href":"https:\/\/alte.mannschaft.lgbt\/bimber\/wp-json\/wp\/v2\/posts\/94279\/revisions"}],"predecessor-version":[{"id":130843,"href":"https:\/\/alte.mannschaft.lgbt\/bimber\/wp-json\/wp\/v2\/posts\/94279\/revisions\/130843"}],"wp:featuredmedia":[{"embeddable":true,"href":"https:\/\/alte.mannschaft.lgbt\/bimber\/wp-json\/wp\/v2\/media\/94296"}],"wp:attachment":[{"href":"https:\/\/alte.mannschaft.lgbt\/bimber\/wp-json\/wp\/v2\/media?parent=94279"}],"wp:term":[{"taxonomy":"category","embeddable":true,"href":"https:\/\/alte.mannschaft.lgbt\/bimber\/wp-json\/wp\/v2\/categories?post=94279"},{"taxonomy":"post_tag","embeddable":true,"href":"https:\/\/alte.mannschaft.lgbt\/bimber\/wp-json\/wp\/v2\/tags?post=94279"}],"curies":[{"name":"wp","href":"https:\/\/api.w.org\/{rel}","templated":true}]}}