{"id":94220,"date":"2020-10-16T10:29:26","date_gmt":"2020-10-16T08:29:26","guid":{"rendered":"https:\/\/mannschaft.com\/?p=94220"},"modified":"2020-10-16T13:35:15","modified_gmt":"2020-10-16T11:35:15","slug":"trans-person-in-berlin-mit-abschlepphaken-und-stein-beworfen","status":"publish","type":"post","link":"https:\/\/alte.mannschaft.lgbt\/bimber\/trans-person-in-berlin-mit-abschlepphaken-und-stein-beworfen\/","title":{"rendered":"Trans Person in Berlin mit Abschlepphaken und Stein beworfen"},"content":{"rendered":"<h3>In der Nacht zum Freitag kam es in Berlin-Sch\u00f6neberg zu einem offenbar hassmotivierten k\u00f6rperlichen Angriff auf eine trans Person.<\/h3>\n<p>Nach bisherigen Ermittlungen befand sich die 41-j\u00e4hrige trans Person gegen 0.30 Uhr in der B\u00fclowstrasse Ecke Frobenstrasse, als sie von einem Mann aus einem mit vier Personen besetzten vorbeifahrenden Auto mit einem Abschlepphaken beworfen worden sein soll. Der Haken traf die Person am Schienbein.<\/p>\n<blockquote class=\"wp-embedded-content\" data-secret=\"ET0OWF223e\"><p><a href=\"https:\/\/mannschaft.com\/2020\/10\/16\/bekommt-italien-ein-gesetz-zum-schutz-von-lgbtiq\/\">Bekommt Italien ein Gesetz zum Schutz von LGBTIQ?<\/a><\/p><\/blockquote>\n<p><iframe class=\"wp-embedded-content\" sandbox=\"allow-scripts\" security=\"restricted\" style=\"position: absolute; clip: rect(1px, 1px, 1px, 1px);\" title=\"&#8222;Bekommt Italien ein Gesetz zum Schutz von LGBTIQ?&#8220; &#8212; Mannschaft Magazin\" src=\"https:\/\/mannschaft.com\/2020\/10\/16\/bekommt-italien-ein-gesetz-zum-schutz-von-lgbtiq\/embed\/#?secret=ET0OWF223e\" data-secret=\"ET0OWF223e\" width=\"600\" height=\"338\" frameborder=\"0\" marginwidth=\"0\" marginheight=\"0\" scrolling=\"no\"><\/iframe><\/p>\n<p>Einige Minuten sp\u00e4ter soll das Auto nochmals an der trans Person vorbeigefahren sein. Ein Insasse soll nun mit einem Kleinpflasterstein geworfen und die Person am R\u00fccken getroffen haben. Das Opfer wurde hierbei leicht verletzt.<\/p>\n<p>Die Polizei spricht von einem \u00abscheinbar hassmotivierten k\u00f6rperlichen Angriff\u00bb. Die weiteren Ermittlungen f\u00fchrt der polizeiliche Staatsschutz beim Landeskriminalamt.<\/p>\n<blockquote class=\"wp-embedded-content\" data-secret=\"y4I1WE5kdT\"><p><a href=\"https:\/\/mannschaft.com\/2020\/10\/03\/angela-matthes-jeden-sonntag-musste-ich-mich-zurueckverwandeln\/\">\u00abJeden Sonntag musste ich mich zur\u00fcckverwandeln\u00bb<\/a><\/p><\/blockquote>\n<p><iframe class=\"wp-embedded-content\" sandbox=\"allow-scripts\" security=\"restricted\" style=\"position: absolute; clip: rect(1px, 1px, 1px, 1px);\" title=\"&#8222;\u00abJeden Sonntag musste ich mich zur\u00fcckverwandeln\u00bb&#8220; &#8212; Mannschaft Magazin\" src=\"https:\/\/mannschaft.com\/2020\/10\/03\/angela-matthes-jeden-sonntag-musste-ich-mich-zurueckverwandeln\/embed\/#?secret=y4I1WE5kdT\" data-secret=\"y4I1WE5kdT\" width=\"600\" height=\"338\" frameborder=\"0\" marginwidth=\"0\" marginheight=\"0\" scrolling=\"no\"><\/iframe><\/p>\n<p>Im vergangenen Jahr wurden in Berlin insgesamt 559 F\u00e4lle mit homo- und transphobem Hintergrund erfasst. Damit hat sich die Anzahl der registrierten F\u00e4lle gegen\u00fcber dem Vorjahr um ein Drittel (32%) bzw. 177 F\u00e4lle erh\u00f6ht. In keinem Jahr zuvor wurden so viele F\u00e4lle von Gewalt gegen LGBTIQ in der Hauptstadt erfasst wie in 2019, wie MANEO, das schwule Anti-Gewalt-Projekt in Berlin, angibt\u00a0<a href=\"https:\/\/mannschaft.com\/2020\/05\/15\/berlin-erlebt-hoechsten-anstieg-von-gewalt-gegen-lgbtiq\/\" target=\"_blank\" rel=\"noopener noreferrer\">(MANNSCHAFT berichtete)<\/a>.<\/p>\n<p>Zu den Bezirken, in denen LGBTIQ-feindliche \u00dcbergriffe am h\u00e4ufigsten vorkommen, z\u00e4hlten die Regionen Sch\u00f6neberg, Neuk\u00f6lln und Mitte.<\/p>\n<p>Der Bund wird im laufenden Jahr voraussichtlich 7,7 Millionen Euro f\u00fcr die F\u00f6rderung von LGBTIQ-Projekten ausgeben. Die Zahl stammt aus einer Antwort der Bundesregierung an den FDP-Abgeordneten Herbrand. Der kritisiert vor allem, dass sich ein so wichtiges Ministerium nicht daran beteiligt <a href=\"https:\/\/mannschaft.com\/2020\/10\/09\/77-millionen-deutschland-erhoeht-erneut-ausgaben-fuer-lgbtiq-projekte\/\" target=\"_blank\" rel=\"noopener noreferrer\">(MANNSCHAFT berichtete)<\/a>.<\/p>\n","protected":false},"excerpt":{"rendered":"<p>In der vergangenen Nacht kam es in #Berlin-Sch\u00f6neberg zu einem offenbar hassmotivierten k\u00f6rperlichen Angriff auf eine #trans Person. <a class=\"g1-link g1-link-more\" href=\"https:\/\/alte.mannschaft.lgbt\/bimber\/trans-person-in-berlin-mit-abschlepphaken-und-stein-beworfen\/\">Weiterlesen<\/a><\/p>\n","protected":false},"author":1,"featured_media":40993,"comment_status":"closed","ping_status":"closed","sticky":false,"template":"","format":"standard","meta":[],"categories":[3],"tags":[5507,5501,5461],"wps_subtitle":"Das passierte vergangene Nacht im Regenbogenkiez","_links":{"self":[{"href":"https:\/\/alte.mannschaft.lgbt\/bimber\/wp-json\/wp\/v2\/posts\/94220"}],"collection":[{"href":"https:\/\/alte.mannschaft.lgbt\/bimber\/wp-json\/wp\/v2\/posts"}],"about":[{"href":"https:\/\/alte.mannschaft.lgbt\/bimber\/wp-json\/wp\/v2\/types\/post"}],"author":[{"embeddable":true,"href":"https:\/\/alte.mannschaft.lgbt\/bimber\/wp-json\/wp\/v2\/users\/1"}],"replies":[{"embeddable":true,"href":"https:\/\/alte.mannschaft.lgbt\/bimber\/wp-json\/wp\/v2\/comments?post=94220"}],"version-history":[{"count":0,"href":"https:\/\/alte.mannschaft.lgbt\/bimber\/wp-json\/wp\/v2\/posts\/94220\/revisions"}],"wp:featuredmedia":[{"embeddable":true,"href":"https:\/\/alte.mannschaft.lgbt\/bimber\/wp-json\/wp\/v2\/media\/40993"}],"wp:attachment":[{"href":"https:\/\/alte.mannschaft.lgbt\/bimber\/wp-json\/wp\/v2\/media?parent=94220"}],"wp:term":[{"taxonomy":"category","embeddable":true,"href":"https:\/\/alte.mannschaft.lgbt\/bimber\/wp-json\/wp\/v2\/categories?post=94220"},{"taxonomy":"post_tag","embeddable":true,"href":"https:\/\/alte.mannschaft.lgbt\/bimber\/wp-json\/wp\/v2\/tags?post=94220"}],"curies":[{"name":"wp","href":"https:\/\/api.w.org\/{rel}","templated":true}]}}