{"id":94213,"date":"2020-10-16T12:45:43","date_gmt":"2020-10-16T10:45:43","guid":{"rendered":"https:\/\/mannschaft.com\/?p=94213"},"modified":"2020-10-17T10:53:00","modified_gmt":"2020-10-17T08:53:00","slug":"bekommt-italien-ein-gesetz-zum-schutz-von-lgbtiq","status":"publish","type":"post","link":"https:\/\/alte.mannschaft.lgbt\/bimber\/bekommt-italien-ein-gesetz-zum-schutz-von-lgbtiq\/","title":{"rendered":"Bekommt Italien ein Gesetz zum Schutz von LGBTIQ?"},"content":{"rendered":"<h3>In der n\u00e4chsten Woche beginnt in Italien eine Parlamentsdebatte \u00fcber einen Gesetzentwurf\u00a0zum Schutz von LGBTIQ und gegen Frauenfeindlichkeit.<\/h3>\n<p>24 Organisationen, darunter All Out, haben eine internationale <a href=\"https:\/\/action.allout.org\/de\/a\/italy-stop-hate\/\" target=\"_blank\" rel=\"noopener noreferrer\">Kampagne<\/a> gestartet, um das italienische Parlament zur Verabschiedung eines Gesetzes zu dr\u00e4ngen, das Frauen und LGBTIQ vor Diskriminierung und Gewalt sch\u00fctzt. Zusammen mit der Organisation Arcigay wurde unterdessen die Mobilisierung gestartet.<\/p>\n<blockquote class=\"wp-embedded-content\" data-secret=\"BaQtxcQk19\"><p><a href=\"https:\/\/mannschaft.com\/2020\/10\/16\/homofeindlicher-angriff-in-muenchen-zwei-maenner-verletzt\/\">Homofeindlicher Angriff in M\u00fcnchen \u2013 zwei M\u00e4nner verletzt<\/a><\/p><\/blockquote>\n<p><iframe class=\"wp-embedded-content\" sandbox=\"allow-scripts\" security=\"restricted\" style=\"position: absolute; clip: rect(1px, 1px, 1px, 1px);\" title=\"&#8222;Homofeindlicher Angriff in M\u00fcnchen \u2013 zwei M\u00e4nner verletzt&#8220; &#8212; Mannschaft Magazin\" src=\"https:\/\/mannschaft.com\/2020\/10\/16\/homofeindlicher-angriff-in-muenchen-zwei-maenner-verletzt\/embed\/#?secret=BaQtxcQk19\" data-secret=\"BaQtxcQk19\" width=\"600\" height=\"338\" frameborder=\"0\" marginwidth=\"0\" marginheight=\"0\" scrolling=\"no\"><\/iframe><\/p>\n<p>Bereits mehr als 69.000 Unterschriften seien von All Out-Mitgliedern in Italien und der ganzen Welt gesammelt worden. In den entscheidenden Tagen der Parlamentsdebatte soll ein Plakatwagen in jeden Winkel Roms fahren. In rund 50 St\u00e4dten sind Demos geplant. In Mailand gingen vergangene Woche bereits 3000 Menschen f\u00fcr die Reform auf die Strasse.<\/p>\n<p>In Rom wurde im Sommer ein 31-j\u00e4hriger Mann schwulenfeindlich von einer Kinderbande beleidigt und geschlagen. Er wurde von einer Gruppe von f\u00fcnf Personen in der Via Anderloni umzingelt.<\/p>\n<blockquote class=\"wp-embedded-content\" data-secret=\"5J6zXRnJ4j\"><p><a href=\"https:\/\/mannschaft.com\/2020\/10\/16\/der-prinz-dunkle-liebe-im-maennerknast\/\">\u00abDer Prinz\u00bb \u2013 Dunkle Liebe im M\u00e4nnerknast<\/a><\/p><\/blockquote>\n<p><iframe class=\"wp-embedded-content\" sandbox=\"allow-scripts\" security=\"restricted\" style=\"position: absolute; clip: rect(1px, 1px, 1px, 1px);\" title=\"&#8222;\u00abDer Prinz\u00bb \u2013 Dunkle Liebe im M\u00e4nnerknast&#8220; &#8212; Mannschaft Magazin\" src=\"https:\/\/mannschaft.com\/2020\/10\/16\/der-prinz-dunkle-liebe-im-maennerknast\/embed\/#?secret=5J6zXRnJ4j\" data-secret=\"5J6zXRnJ4j\" width=\"600\" height=\"338\" frameborder=\"0\" marginwidth=\"0\" marginheight=\"0\" scrolling=\"no\"><\/iframe><\/p>\n<p>\u00abSie sagten mir, dass ich ein schlechter schwuler Mann sei und dass ich nicht frei herumlaufen sollte.\u00bb Wie es dem Bericht von <a href=\"https:\/\/www.romatoday.it\/cronaca\/aggressione-omofoba-torre-angela.html\" target=\"_blank\" rel=\"noopener noreferrer\"><em>Roma Today<\/em><\/a> heisst, klauten sie ihm anschliessend sein Handy.<\/p>\n<p>Ein brutalerer Fall passierte bereits im Juni. Der Pride Month war fast vor\u00fcber, da wurde ein 25-J\u00e4hriger aus der Stadt Molise und sein Partner nachts im Zentrum der 150 Kilometer entfernten K\u00fcstenstadt Pescara Opfer eines homofeindlichen Hassverbrechens. Der junge Mann wurde von sieben Leuten geschlagen, darunter auch eine Frau &#8211; nur weil er schwul ist. Er war Hand in Hand mit seinem Freund (22) spazieren gegangen, wie unter anderem <em><a href=\"https:\/\/www.repubblica.it\/cronaca\/2020\/07\/04\/news\/aggressione_omofoba_sul_lungomare_a_pescara_denunciato_un_21enne-260933820\/\" target=\"_blank\" rel=\"noopener noreferrer\">La Republicca<\/a><\/em> berichtete.<\/p>\n<p>Das Paar wurde kurz nach Mitternacht angegriffen. Der 25-J\u00e4hrige versuchte seinen Partner zu verteidigen. Bei einem Schlag ins Gesicht brach sein Kiefer.<\/p>\n<p>Gewalt und Diskriminierung von LGBTIQ sind in Italien allt\u00e4glich, teilen die Aktivist*innen von Allout mit. Im Gegensatz zu vielen anderen europ\u00e4ischen L\u00e4ndern gebe es aber keinen rechtlichen Schutz vor Hassverbrechen.\u00a0Neuesten Untersuchungen der\u00a0EU-Grundrechteagentur FRA <a href=\"https:\/\/mannschaft.com\/2020\/05\/14\/17-mai-studie-ueber-lgbtiq-diskriminierung-zeigt-klaren-handlungsbedarf\/\" target=\"_blank\" rel=\"noopener noreferrer\">(MANNSCHAFT berichtete)<\/a> zeigten, dass es zwei von drei italienischen LGBTIQ (62%) vermeiden, mit ihrem Partner oder der Partnerin in der \u00d6ffentlichkeit H\u00e4ndchen zu halten. 30% meiden aus Angst vor Angriffen bestimmte Orte.<\/p>\n","protected":false},"excerpt":{"rendered":"<p>In der n\u00e4chsten Woche beginnt in #Italien eine Parlamentsdebatte \u00fcber einen Gesetzentwurf gegen #Homophobie, #Transphobie und Frauenfeindlichkeit. <a class=\"g1-link g1-link-more\" href=\"https:\/\/alte.mannschaft.lgbt\/bimber\/bekommt-italien-ein-gesetz-zum-schutz-von-lgbtiq\/\">Weiterlesen<\/a><\/p>\n","protected":false},"author":1,"featured_media":88538,"comment_status":"closed","ping_status":"closed","sticky":false,"template":"","format":"standard","meta":[],"categories":[2],"tags":[464,5501,5461],"wps_subtitle":"Zahlreiche Organisationen machen mobil, bevor am 20. Oktober die Parlamentsdebatte beginnt","_links":{"self":[{"href":"https:\/\/alte.mannschaft.lgbt\/bimber\/wp-json\/wp\/v2\/posts\/94213"}],"collection":[{"href":"https:\/\/alte.mannschaft.lgbt\/bimber\/wp-json\/wp\/v2\/posts"}],"about":[{"href":"https:\/\/alte.mannschaft.lgbt\/bimber\/wp-json\/wp\/v2\/types\/post"}],"author":[{"embeddable":true,"href":"https:\/\/alte.mannschaft.lgbt\/bimber\/wp-json\/wp\/v2\/users\/1"}],"replies":[{"embeddable":true,"href":"https:\/\/alte.mannschaft.lgbt\/bimber\/wp-json\/wp\/v2\/comments?post=94213"}],"version-history":[{"count":0,"href":"https:\/\/alte.mannschaft.lgbt\/bimber\/wp-json\/wp\/v2\/posts\/94213\/revisions"}],"wp:featuredmedia":[{"embeddable":true,"href":"https:\/\/alte.mannschaft.lgbt\/bimber\/wp-json\/wp\/v2\/media\/88538"}],"wp:attachment":[{"href":"https:\/\/alte.mannschaft.lgbt\/bimber\/wp-json\/wp\/v2\/media?parent=94213"}],"wp:term":[{"taxonomy":"category","embeddable":true,"href":"https:\/\/alte.mannschaft.lgbt\/bimber\/wp-json\/wp\/v2\/categories?post=94213"},{"taxonomy":"post_tag","embeddable":true,"href":"https:\/\/alte.mannschaft.lgbt\/bimber\/wp-json\/wp\/v2\/tags?post=94213"}],"curies":[{"name":"wp","href":"https:\/\/api.w.org\/{rel}","templated":true}]}}