{"id":94193,"date":"2020-10-16T10:19:04","date_gmt":"2020-10-16T08:19:04","guid":{"rendered":"https:\/\/mannschaft.com\/?p=94193"},"modified":"2022-01-14T10:10:17","modified_gmt":"2022-01-14T09:10:17","slug":"der-prinz-dunkle-liebe-im-maennerknast","status":"publish","type":"post","link":"https:\/\/alte.mannschaft.lgbt\/bimber\/der-prinz-dunkle-liebe-im-maennerknast\/","title":{"rendered":"\u00abDer Prinz\u00bb \u2013 Dunkle Liebe im M\u00e4nnerknast"},"content":{"rendered":"<h3>Mario Cruz\u2019 ber\u00fcchtigter Pulp-Roman \u00abDer Prinz\u00bb erscheint parallel zum Film erstmals in deutscher \u00dcbersetzung. Es ist ein wiederentdeckter Text \u00fcber das Erwachen von Selbstbewusstsein und Z\u00e4rtlichkeit in einer Welt der Gewalt. Stefan H\u00f6lscher hat ihn f\u00fcr uns gelesen.<\/h3>\n<p><strong>Der erste Absatz<\/strong><br \/>\n\u00abWenn ich jetzt im Knast landete, dann aus reiner Bl\u00f6dheit. Aber was h\u00e4tte es gebracht abzuhauen? Alle hatten mitbekommen, wie ich dem Zigeuner* den Stich versetzt hatte. Ich bin am Arsch, dachte ich noch, w\u00e4hrend die Blutlache immer gr\u00f6sser wurde.\u00bb<\/p>\n<p><strong>Genre<\/strong><br \/>\nSchwuler Untergrund-Knast- und Coming-of-Age-Roman aus dem Chile der fr\u00fchen siebziger Jahre.<\/p>\n<p><strong>Die Handlung<\/strong><br \/>\nDer junge Jaime, muss, nachdem er betrunken seinen heimlich begehrten Freund, \u00abden Zigeuner\u00bb vor Eifersucht erstochen hat, in den Knast. Dort trifft er in seiner Gruppenzelle auf den von den anderen Knastinsassen gef\u00fcrchteten \u00abEl Potro\u00bb, der sich Jaime als seinen neuen \u00abPrinzen\u00bb ausw\u00e4hlt. Jaime steht fortan unter dem Schutz von El Potro, dem er daf\u00fcr loyal und vor allem sexuell zu Diensten sein muss. In der Beziehung zu \u00abEl Potro\u00bb erf\u00e4hrt Jaime zum ersten Mal in seinem Leben Z\u00e4rtlichkeit. Zugleich beginnt er sich seiner selbst, seines K\u00f6rpers und seiner schwulen M\u00e4nnlichkeit mehr und mehr bewusst zu werden. Als es zum Kampf zwischen El Potro und einem Mitgefangenen, der dessen Rolle als Anf\u00fchrer nicht l\u00e4nger anzuerkennen bereit ist, kommt, wendet sich die Geschichte, ins Tragische.<\/p>\n<p><strong>Das Urteil<\/strong><br \/>\nDrei Dinge haben mich auf das Buch neugierig gemacht: 1. seine Geschichte als, wie Florian Borchmeyer im Nachwort sagt, \u00abSchmuddelheft auf dem Gem\u00fcsemarkt\u00bb, also das zuf\u00e4llige Wiederentdecktwerden dieses vor 50 Jahren in Chile im Selbstverlag erschienen und auf dem Schwarzmarkt verkauften Buches.<\/p>\n<p>2. Die verheissungsvoll klingende Aussage auf dem Buchcover: \u00abMit seinem Roman \u00abDer Prinz\u00bb f\u00fchrt uns Mario Cruz in eine Welt der Hierarchien und Machtproben, deren Doppelb\u00f6digkeit er in knapper, schn\u00f6rkelloser Sprache offenlegt: so unmoralisch wie naiv, so zart wie fatalistisch.\u00bb Und 3. das, wie ich finde, in einem sinnlichen Rot gestaltete, durchaus erotisierungsf\u00e4hige Cover.<\/p>\n<p>Man kann in einem Buch verschiedene Dinge suchen. Geht es einem um eine schnell und sehr leicht lesbare Lekt\u00fcre einer zwischen Aggressivit\u00e4t und Sexualit\u00e4t changierenden schwulen Knastwelt, wobei sp\u00e4testens auf jeder zweiten Seite auch \u00abetwas passiert\u00bb, so wird man hier auf jeden Fall f\u00fcndig. Geht es einem um einen queer-historisch interessierten Einblick in eine Welt, in der allein das Verfassen eines solchen Buches schon extrem ungew\u00f6hnlich und mutig war und sein offizielles Erscheinen ein absolutes No Go gewesen w\u00e4re, so ist die Lekt\u00fcre der Geschichte verbunden mit der im Nachwort sehr kundig und eloquent verfassten Geschichte der Geschichte spannend und aufschlussreich.<\/p>\n<p>Wir haben es hier mit einem Buch zu tun, das tats\u00e4chlich bei Albino erschienenen ist und von J.J. Schlegel ins Deutsche \u00fcbersetzten Fassung zum allerersten Mal \u00fcberhaupt in einem Verlagshaus ver\u00f6ffentlicht wurde. Und wir haben es hier auch mit einem Buch zu tun, das \u00fcber das Erleben von Eros und Gewalt zwischen den Protagonisten zugleich ein Licht auf eine Gesellschaft wirft, in der das Leben sozialer Underdogs nicht viel wert ist \u2013 erst recht nicht, wenn sie schwul sind.<\/p>\n<p>Geht es einem schliesslich bei der Lekt\u00fcre darum, von Literatur in einem tieferen Sinne dieses Wortes ber\u00fchrt zu werden, so wird man hier nach meinem Eindruck eher leer ausgehen. Denn zwar ist die Sprache des gerade mal 90 Seiten langen Romans in der Tat \u00abknapp\u00bb und \u00abschn\u00f6rkellos\u00bb, allerdings ist sie literarisch nicht anders zu nennen als seicht. Die Tugend des knappen und schnellen Erz\u00e4hlstils paart sich in diesem Fall damit ziemlich frei von einer wie auch immer gearteten literarischen Besonderheit oder gar Raffinesse zu sein, wie sie etwa die Romane von <a href=\"https:\/\/mannschaft.com\/2020\/05\/11\/jean-genet-darf-fuer-24-stunden-aus-dem-giftschrank\/\" target=\"_blank\" rel=\"noopener noreferrer\">Jean Genet<\/a>, der f\u00fcr Cruz offenkundig eine Inspirationsquelle war, aufweisen.<\/p>\n<p>Die im \u00dcbrigen recht vorhersehbare Geschichte des \u00abPrinzen\u201c ist in schlichten Worten runtererz\u00e4hlt. Das kann man m\u00f6gen, wenn man sich von dem Sujet eines solchen Romans angezogen f\u00fchlt, ohne sich zugleich bei der Lekt\u00fcre allzu sehr fordern zu wollen. F\u00fcr literarisch ambitionierte Leser*innen d\u00fcrfte \u00abDer Prinz\u00bb aber eher entt\u00e4uschend sein.<\/p>\n<p>Nichtsdestotrotz: Das Buch mit seiner besonderen Historie des Entstehens, Verschwindens und Wiederentdecktwerdens ist es durchaus wert, betrachtet und gelesen zu werden. Nicht als grosse Lesereise durch die kommenden herbstlichen Wochen, aber vielleicht als kleine phantasietreibende Exkursion, wenn man die den unternehmen m\u00f6chte, in eine durch die Untrennbarkeit von Gewalt und Eros gepr\u00e4gte archaisch anmutende, hermetische M\u00e4nnerwelt.<\/p>\n<p><strong>Das Buch \u00abDer Prinz\u00bb (100 Seiten \u2013 ISBN 978-3-86300-294-7) kann man direkt <a href=\"https:\/\/www.albino-verlag.de\/produkt\/der-prinz\" target=\"_blank\" rel=\"noopener noreferrer\">bei Albino<\/a> bestellen.<\/strong><\/p>\n<p>Mehr queere Buchempfehlungen findest du <a href=\"https:\/\/mannschaft.com\/category\/kultur-gesellschaft-unterhaltung\/buch\/\" target=\"_blank\" rel=\"noopener noreferrer\">hier<\/a>.<\/p>\n","protected":false},"excerpt":{"rendered":"<p>\u00abDer Prinz\u00bb ist ein Roman, der erstmals in deutscher \u00dcbersetzung erscheint: ein wiederentdeckter Text \u00fcber das Erwachen von Selbstbewusstsein und Z\u00e4rtlichkeit in einer Welt der Gewalt. Stefan H\u00f6lscher hat ihn f\u00fcr uns gelesen. <a class=\"g1-link g1-link-more\" href=\"https:\/\/alte.mannschaft.lgbt\/bimber\/der-prinz-dunkle-liebe-im-maennerknast\/\">Weiterlesen<\/a><\/p>\n","protected":false},"author":1,"featured_media":94196,"comment_status":"closed","ping_status":"closed","sticky":false,"template":"","format":"standard","meta":[],"categories":[4382],"tags":[5438,1432,5463],"wps_subtitle":"Sebasti\u00e1n Mu\u00f1oz hat das Buch jetzt verfilmt","_links":{"self":[{"href":"https:\/\/alte.mannschaft.lgbt\/bimber\/wp-json\/wp\/v2\/posts\/94193"}],"collection":[{"href":"https:\/\/alte.mannschaft.lgbt\/bimber\/wp-json\/wp\/v2\/posts"}],"about":[{"href":"https:\/\/alte.mannschaft.lgbt\/bimber\/wp-json\/wp\/v2\/types\/post"}],"author":[{"embeddable":true,"href":"https:\/\/alte.mannschaft.lgbt\/bimber\/wp-json\/wp\/v2\/users\/1"}],"replies":[{"embeddable":true,"href":"https:\/\/alte.mannschaft.lgbt\/bimber\/wp-json\/wp\/v2\/comments?post=94193"}],"version-history":[{"count":1,"href":"https:\/\/alte.mannschaft.lgbt\/bimber\/wp-json\/wp\/v2\/posts\/94193\/revisions"}],"predecessor-version":[{"id":128146,"href":"https:\/\/alte.mannschaft.lgbt\/bimber\/wp-json\/wp\/v2\/posts\/94193\/revisions\/128146"}],"wp:featuredmedia":[{"embeddable":true,"href":"https:\/\/alte.mannschaft.lgbt\/bimber\/wp-json\/wp\/v2\/media\/94196"}],"wp:attachment":[{"href":"https:\/\/alte.mannschaft.lgbt\/bimber\/wp-json\/wp\/v2\/media?parent=94193"}],"wp:term":[{"taxonomy":"category","embeddable":true,"href":"https:\/\/alte.mannschaft.lgbt\/bimber\/wp-json\/wp\/v2\/categories?post=94193"},{"taxonomy":"post_tag","embeddable":true,"href":"https:\/\/alte.mannschaft.lgbt\/bimber\/wp-json\/wp\/v2\/tags?post=94193"}],"curies":[{"name":"wp","href":"https:\/\/api.w.org\/{rel}","templated":true}]}}