{"id":94183,"date":"2020-10-16T09:01:29","date_gmt":"2020-10-16T07:01:29","guid":{"rendered":"https:\/\/mannschaft.com\/?p=94183"},"modified":"2020-10-16T09:10:02","modified_gmt":"2020-10-16T07:10:02","slug":"homofeindlicher-angriff-in-muenchen-zwei-maenner-verletzt","status":"publish","type":"post","link":"https:\/\/alte.mannschaft.lgbt\/bimber\/homofeindlicher-angriff-in-muenchen-zwei-maenner-verletzt\/","title":{"rendered":"Homofeindlicher Angriff in M\u00fcnchen \u2013 zwei M\u00e4nner verletzt"},"content":{"rendered":"<h3>Die Polizei in M\u00fcnchen berichtete am Donnerstag von einem homofeindlichen Angriff, bei dem zwei M\u00e4nner leicht verletzt wurden. Die Tat liegt bereits einen Monat zur\u00fcck.<\/h3>\n<p>Am Donnerstag, 17. September, gegen 23.30 Uhr fuhren zwei M\u00e4nner aus M\u00fcnchen gemeinsam mit der U-Bahn vom Marienplatz aus kommend Richtung Goetheplatz. Die beiden sind laut Polizei verpartnert und etwa 30 Jahre alt.<\/p>\n<blockquote class=\"wp-embedded-content\" data-secret=\"KSR3v9y7Hj\"><p><a href=\"https:\/\/mannschaft.com\/2020\/10\/15\/hass-im-netz-nach-hochzeit-von-patrick-lindner\/\">Hass im Netz nach Hochzeit von Patrick Lindner<\/a><\/p><\/blockquote>\n<p><iframe class=\"wp-embedded-content\" sandbox=\"allow-scripts\" security=\"restricted\" style=\"position: absolute; clip: rect(1px, 1px, 1px, 1px);\" title=\"&#8222;Hass im Netz nach Hochzeit von Patrick Lindner&#8220; &#8212; Mannschaft Magazin\" src=\"https:\/\/mannschaft.com\/2020\/10\/15\/hass-im-netz-nach-hochzeit-von-patrick-lindner\/embed\/#?secret=KSR3v9y7Hj\" data-secret=\"KSR3v9y7Hj\" width=\"600\" height=\"338\" frameborder=\"0\" marginwidth=\"0\" marginheight=\"0\" scrolling=\"no\"><\/iframe><\/p>\n<p>Nach derzeitigem Ermittlungsstand beleidigte ein 21-j\u00e4hriger Mann aus M\u00fcnchen das Paar auf homophobe Art und Weise. Es kam im weiteren Verlauf der Fahrt zu weiteren verbalen Streitigkeiten untereinander. An der U-Bahnhaltestelle Goetheplatz stiegen alle Beteiligten aus. Dort ging die Auseinandersetzung weiter, und es kam schliesslich zu T\u00e4tlichkeiten zwischen dem 21-J\u00e4hrigen und einem der beiden M\u00e4nner. Sein Partner verst\u00e4ndigte daraufhin die Polizei.<\/p>\n<p>Alle Personen konnten noch vor Ort angetroffen werden. Durch die k\u00f6rperliche Auseinandersetzung wurden der 21-J\u00e4hrige und der andere leicht verletzt. Beide wurden vom Rettungsdienst behandelt.<\/p>\n<blockquote class=\"wp-embedded-content\" data-secret=\"fAZzlaQYcO\"><p><a href=\"https:\/\/mannschaft.com\/2020\/10\/14\/norwegen-polen-bestraft-polen-hart-und-verdeutlicht-eu-kuschelkurs\/\">Norwegen bestraft Polen hart und verdeutlicht EU-Kuschelkurs<\/a><\/p><\/blockquote>\n<p><iframe class=\"wp-embedded-content\" sandbox=\"allow-scripts\" security=\"restricted\" style=\"position: absolute; clip: rect(1px, 1px, 1px, 1px);\" title=\"&#8222;Norwegen bestraft Polen hart und verdeutlicht EU-Kuschelkurs&#8220; &#8212; Mannschaft Magazin\" src=\"https:\/\/mannschaft.com\/2020\/10\/14\/norwegen-polen-bestraft-polen-hart-und-verdeutlicht-eu-kuschelkurs\/embed\/#?secret=fAZzlaQYcO\" data-secret=\"fAZzlaQYcO\" width=\"600\" height=\"338\" frameborder=\"0\" marginwidth=\"0\" marginheight=\"0\" scrolling=\"no\"><\/iframe><\/p>\n<p>Nach Beendigung der Anzeigenaufnahme vor Ort wurden alle drei Beteiligten wieder entlassen. Der 21-J\u00e4hrige wurde wegen K\u00f6rperverletzung und Beleidigung angezeigt. Der andere wurde ebenfalls wegen einer K\u00f6rperverletzung angezeigt.<\/p>\n<p>Die Ermittlungen zum Fall f\u00fchrt das Kommissariat 44.<\/p>\n<p>Hassverbrechen gegen LGBTIQ in M\u00fcnchen und in ganz Bayern sind pr\u00e4senter denn je, wie die Schlagzeilen des letzten Jahres gezeigt haben. Seit Anfang des Jahres bietet das Sub Online- und Telefonberatung f\u00fcr schwule, bisexuelle und queere M\u00e4nner, die Opfer von Gewalt wurden an\u00a0<a href=\"https:\/\/mannschaft.com\/2020\/01\/15\/hassverbrechen-gegen-lgbtiq-bayern-startet-beratung\/\" target=\"_blank\" rel=\"noopener noreferrer\">(MANNSCHAFT berichtete)<\/a>.<\/p>\n<p>In der M\u00fcnchner U-Bahn wurde im Herbst 2018 ein 21-j\u00e4hriger bisexueller Mann beleidigt und geschlagen. Sp\u00e4ter beklagte er die mangelnde Zivilcourage der anderen Fahrg\u00e4ste <a href=\"https:\/\/mannschaft.com\/2018\/12\/10\/hassgewalt-in-muenchen-21-jaehriger-in-u-bahn-beleidigt-und-geschlagen\/\" target=\"_blank\" rel=\"noopener noreferrer\">(MANNSCHAFT berichtete)<\/a>.<\/p>\n","protected":false},"excerpt":{"rendered":"<p>Die Polizei in M\u00fcnchen berichtet von einem homofeindlichen Angriff, bei dem zwei M\u00e4nner leicht verletzt wurden. Die Tat liegt bereits vier Wochen zur\u00fcck. <a class=\"g1-link g1-link-more\" href=\"https:\/\/alte.mannschaft.lgbt\/bimber\/homofeindlicher-angriff-in-muenchen-zwei-maenner-verletzt\/\">Weiterlesen<\/a><\/p>\n","protected":false},"author":1,"featured_media":67736,"comment_status":"closed","ping_status":"closed","sticky":false,"template":"","format":"standard","meta":[],"categories":[2],"tags":[17,5461],"wps_subtitle":"Es passierte schon Mitte September","_links":{"self":[{"href":"https:\/\/alte.mannschaft.lgbt\/bimber\/wp-json\/wp\/v2\/posts\/94183"}],"collection":[{"href":"https:\/\/alte.mannschaft.lgbt\/bimber\/wp-json\/wp\/v2\/posts"}],"about":[{"href":"https:\/\/alte.mannschaft.lgbt\/bimber\/wp-json\/wp\/v2\/types\/post"}],"author":[{"embeddable":true,"href":"https:\/\/alte.mannschaft.lgbt\/bimber\/wp-json\/wp\/v2\/users\/1"}],"replies":[{"embeddable":true,"href":"https:\/\/alte.mannschaft.lgbt\/bimber\/wp-json\/wp\/v2\/comments?post=94183"}],"version-history":[{"count":0,"href":"https:\/\/alte.mannschaft.lgbt\/bimber\/wp-json\/wp\/v2\/posts\/94183\/revisions"}],"wp:featuredmedia":[{"embeddable":true,"href":"https:\/\/alte.mannschaft.lgbt\/bimber\/wp-json\/wp\/v2\/media\/67736"}],"wp:attachment":[{"href":"https:\/\/alte.mannschaft.lgbt\/bimber\/wp-json\/wp\/v2\/media?parent=94183"}],"wp:term":[{"taxonomy":"category","embeddable":true,"href":"https:\/\/alte.mannschaft.lgbt\/bimber\/wp-json\/wp\/v2\/categories?post=94183"},{"taxonomy":"post_tag","embeddable":true,"href":"https:\/\/alte.mannschaft.lgbt\/bimber\/wp-json\/wp\/v2\/tags?post=94183"}],"curies":[{"name":"wp","href":"https:\/\/api.w.org\/{rel}","templated":true}]}}