{"id":94111,"date":"2020-10-16T16:45:54","date_gmt":"2020-10-16T14:45:54","guid":{"rendered":"https:\/\/mannschaft.com\/?p=94111"},"modified":"2023-07-04T09:39:54","modified_gmt":"2023-07-04T07:39:54","slug":"diese-promis-stehen-zu-ihren-lgbtiq-familienmitgliedern","status":"publish","type":"post","link":"https:\/\/alte.mannschaft.lgbt\/bimber\/diese-promis-stehen-zu-ihren-lgbtiq-familienmitgliedern\/","title":{"rendered":"Diese Promis stehen zu ihren LGBTIQ Familienmitgliedern"},"content":{"rendered":"<h3>Sie sind schwul, lesbisch oder trans: die Geschwister, Kinder, \u00abNiblings\u00bb und Eltern von Promis. Ob Cher, Chris Evans oder Politiker wie Franz M\u00fcntefering: Sie\u00a0stehen zu ihren queeren Familienmitgliedern. Eine Auswahl.<\/h3>\n<p><strong>#1 Cher<\/strong><\/p>\n<figure id=\"attachment_90101\" aria-describedby=\"caption-attachment-90101\" style=\"width: 1200px\" class=\"wp-caption alignnone\"><a href=\"https:\/\/mannschaft.com\/bimber\/wp-content\/uploads\/2020\/08\/CherBiden-e1598508149594.jpg\"><img data-expand=\"600\" decoding=\"async\" loading=\"lazy\" class=\"lazyload size-full wp-image-90101\" src=\"data:image\/svg+xml;charset=utf-8,%3Csvg xmlns%3D'http%3A%2F%2Fwww.w3.org%2F2000%2Fsvg' viewBox%3D'0 0 1200 744'%2F%3E\" data-src=\"https:\/\/mannschaft.com\/bimber\/wp-content\/uploads\/2020\/08\/CherBiden-e1598508149594.jpg\" alt=\"Cher Biden\" width=\"1200\" height=\"744\" data-srcset=\"https:\/\/alte.mannschaft.lgbt\/bimber\/wp-content\/uploads\/2020\/08\/CherBiden-e1598508149594.jpg 1200w, https:\/\/alte.mannschaft.lgbt\/bimber\/wp-content\/uploads\/2020\/08\/CherBiden-e1598508149594-300x186.jpg 300w, https:\/\/alte.mannschaft.lgbt\/bimber\/wp-content\/uploads\/2020\/08\/CherBiden-e1598508149594-425x264.jpg 425w, https:\/\/alte.mannschaft.lgbt\/bimber\/wp-content\/uploads\/2020\/08\/CherBiden-e1598508149594-768x476.jpg 768w, https:\/\/alte.mannschaft.lgbt\/bimber\/wp-content\/uploads\/2020\/08\/CherBiden-e1598508149594-561x348.jpg 561w, https:\/\/alte.mannschaft.lgbt\/bimber\/wp-content\/uploads\/2020\/08\/CherBiden-e1598508149594-1122x696.jpg 1122w, https:\/\/alte.mannschaft.lgbt\/bimber\/wp-content\/uploads\/2020\/08\/CherBiden-e1598508149594-364x226.jpg 364w, https:\/\/alte.mannschaft.lgbt\/bimber\/wp-content\/uploads\/2020\/08\/CherBiden-e1598508149594-728x451.jpg 728w, https:\/\/alte.mannschaft.lgbt\/bimber\/wp-content\/uploads\/2020\/08\/CherBiden-e1598508149594-608x377.jpg 608w, https:\/\/alte.mannschaft.lgbt\/bimber\/wp-content\/uploads\/2020\/08\/CherBiden-e1598508149594-758x470.jpg 758w, https:\/\/alte.mannschaft.lgbt\/bimber\/wp-content\/uploads\/2020\/08\/CherBiden-e1598508149594-1152x714.jpg 1152w, https:\/\/alte.mannschaft.lgbt\/bimber\/wp-content\/uploads\/2020\/08\/CherBiden-e1598508149594-77x48.jpg 77w, https:\/\/alte.mannschaft.lgbt\/bimber\/wp-content\/uploads\/2020\/08\/CherBiden-e1598508149594-155x96.jpg 155w, https:\/\/alte.mannschaft.lgbt\/bimber\/wp-content\/uploads\/2020\/08\/CherBiden-e1598508149594-313x194.jpg 313w, https:\/\/alte.mannschaft.lgbt\/bimber\/wp-content\/uploads\/2020\/08\/CherBiden-e1598508149594-400x248.jpg 400w\" data-sizes=\"(max-width: 1200px) 100vw, 1200px\" \/><\/a><figcaption id=\"caption-attachment-90101\" class=\"wp-caption-text\">Cher bei einem Konzert in Madison Square Garden (Bild:Flickr\/slgckgc, zugeschnitten)<\/figcaption><\/figure>\n<p>Chaz Bono, Sohn des Popduos Sonny und Cher, gab 2008 bekannt, dass er trans ist. Kurz darauf begann er die Geschlechtsangleichung, seit 2010 ist er offiziell ein Mann. Ein Jahr darauf lief mit \u00abBecoming Chaz\u00bb eine Dokumentation \u00fcber sein Leben und er wurde zum LGBTIQ-Aktivisten. Cher hat ihn w\u00e4hrend der ganzen Zeit voll unterst\u00fctzt. Die S\u00e4ngerin und Modeikone gibt aber zu, dass es anfangs schwierig war und sie sich erst daran gew\u00f6hnen musste, einen Sohn zu haben.<\/p>\n<p><strong>#2<\/strong> <strong>Ariana Grande<\/strong><\/p>\n<p>In ihrem Elternhaus sei es nicht als unnormal angesehen worden, wenn jemand queer gewesen sei, sagte <a href=\"https:\/\/mannschaft.com\/wie-queer-ist-ariana-grande\/\" target=\"_blank\" rel=\"noopener\">Ariana Grande<\/a> einmal gegen\u00fcber dem <em>V Magazine<\/em>. \u00abWenn deswegen Menschen das Wort <em>Schwuchtel<\/em> als Abwertung benutzen, kann ich das gar nicht begreifen. Ich verstehe es nicht. Es ist so fremd f\u00fcr mich.\u00bb<\/p>\n<blockquote class=\"twitter-tweet\">\n<p dir=\"ltr\" lang=\"zxx\"><a href=\"https:\/\/t.co\/jotM48T7Bi\">pic.twitter.com\/jotM48T7Bi<\/a><\/p>\n<p>\u2014 Ariana Grande Today (@ArianaToday) <a href=\"https:\/\/twitter.com\/ArianaToday\/status\/1675132507828658178?ref_src=twsrc%5Etfw\">July 1, 2023<\/a><\/p><\/blockquote>\n<p><script async src=\"https:\/\/platform.twitter.com\/widgets.js\" charset=\"utf-8\"><\/script><\/p>\n<p>Darum unterst\u00fctzt sie auch ihren schwulen Bruder Frankie Grande in der \u00d6ffentlichkeit. Sie verteidigte ihn gegen Angriffe aufgrund seiner Sexualit\u00e4t, und sprach sich dabei immer wieder f\u00fcr Toleranz und Respekt aus. Als Frankie einmal im Netz als \u00abder Homo\u00bb beleidigt wurde, wehrte sich Ariana dagegen. Ihr Bruder sei \u00abder wildeste, unglaublichste, intelligenteste, liebenswerteste und meistgeliebte Mensch auf diesem Planeten\u00bb.<\/p>\n<p><strong>#3 Robert de Niro<\/strong><\/p>\n<figure id=\"attachment_94227\" aria-describedby=\"caption-attachment-94227\" style=\"width: 500px\" class=\"wp-caption alignnone\"><a href=\"https:\/\/mannschaft.com\/bimber\/wp-content\/uploads\/2020\/10\/10460454_655757544560417_3634339240064959825_n.jpg\"><img data-expand=\"600\" decoding=\"async\" loading=\"lazy\" class=\"lazyload size-full wp-image-94227\" src=\"data:image\/svg+xml;charset=utf-8,%3Csvg xmlns%3D'http%3A%2F%2Fwww.w3.org%2F2000%2Fsvg' viewBox%3D'0 0 500 520'%2F%3E\" data-src=\"https:\/\/mannschaft.com\/bimber\/wp-content\/uploads\/2020\/10\/10460454_655757544560417_3634339240064959825_n.jpg\" alt=\"Robert de Niro\" width=\"500\" height=\"520\" data-srcset=\"https:\/\/alte.mannschaft.lgbt\/bimber\/wp-content\/uploads\/2020\/10\/10460454_655757544560417_3634339240064959825_n.jpg 500w, https:\/\/alte.mannschaft.lgbt\/bimber\/wp-content\/uploads\/2020\/10\/10460454_655757544560417_3634339240064959825_n-288x300.jpg 288w, https:\/\/alte.mannschaft.lgbt\/bimber\/wp-content\/uploads\/2020\/10\/10460454_655757544560417_3634339240064959825_n-425x442.jpg 425w, https:\/\/alte.mannschaft.lgbt\/bimber\/wp-content\/uploads\/2020\/10\/10460454_655757544560417_3634339240064959825_n-364x379.jpg 364w, https:\/\/alte.mannschaft.lgbt\/bimber\/wp-content\/uploads\/2020\/10\/10460454_655757544560417_3634339240064959825_n-46x48.jpg 46w, https:\/\/alte.mannschaft.lgbt\/bimber\/wp-content\/uploads\/2020\/10\/10460454_655757544560417_3634339240064959825_n-92x96.jpg 92w, https:\/\/alte.mannschaft.lgbt\/bimber\/wp-content\/uploads\/2020\/10\/10460454_655757544560417_3634339240064959825_n-313x326.jpg 313w, https:\/\/alte.mannschaft.lgbt\/bimber\/wp-content\/uploads\/2020\/10\/10460454_655757544560417_3634339240064959825_n-400x416.jpg 400w\" data-sizes=\"(max-width: 500px) 100vw, 500px\" \/><\/a><figcaption id=\"caption-attachment-94227\" class=\"wp-caption-text\">Bild: Facebook\/Robert de Niro<\/figcaption><\/figure>\n<p><a href=\"https:\/\/www.theguardian.com\/film\/2019\/jan\/06\/robert-de-niro-trump-is-a-real-racist-a-white-supremacist\" target=\"_blank\" rel=\"noopener noreferrer\">In einem Interview<\/a> zeigte sich der Schauspieler besorgt um die Rechte der LGBTIQ unter der Regierung von Donald Trump und erkl\u00e4rte, dass einer seiner S\u00f6hne schwul sei. Um welchen seiner vier S\u00f6hne es sich handelt, sagte er hingegen nicht.<\/p>\n<p>In der Dokumentation \u00abRemembering the Artist Robert de Niro Sr.\u00bb erz\u00e4hlt der Oscar-Preistr\u00e4ger von seinen Vater. Nicht nur \u00fcber die Trennung seiner Eltern als er drei Jahre alt war, sondern auch dar\u00fcber, dass sein Vater schwul gewesen sei. Gesprochen h\u00e4tte der K\u00fcnstler jedoch kaum dar\u00fcber.<\/p>\n<p><strong>#4 Cynthia Nixon<\/strong><\/p>\n<figure id=\"attachment_29092\" aria-describedby=\"caption-attachment-29092\" style=\"width: 470px\" class=\"wp-caption alignnone\"><a href=\"https:\/\/mannschaft.com\/bimber\/wp-content\/uploads\/2018\/03\/cynthia-nixon-facebook.jpg\"><img data-expand=\"600\" decoding=\"async\" loading=\"lazy\" class=\"lazyload size-full wp-image-29092\" src=\"data:image\/svg+xml;charset=utf-8,%3Csvg xmlns%3D'http%3A%2F%2Fwww.w3.org%2F2000%2Fsvg' viewBox%3D'0 0 470 260'%2F%3E\" data-src=\"https:\/\/mannschaft.com\/bimber\/wp-content\/uploads\/2018\/03\/cynthia-nixon-facebook.jpg\" alt=\"\" width=\"470\" height=\"260\" data-srcset=\"https:\/\/alte.mannschaft.lgbt\/bimber\/wp-content\/uploads\/2018\/03\/cynthia-nixon-facebook.jpg 470w, https:\/\/alte.mannschaft.lgbt\/bimber\/wp-content\/uploads\/2018\/03\/cynthia-nixon-facebook-400x221.jpg 400w, https:\/\/alte.mannschaft.lgbt\/bimber\/wp-content\/uploads\/2018\/03\/cynthia-nixon-facebook-300x166.jpg 300w\" data-sizes=\"(max-width: 470px) 100vw, 470px\" \/><\/a><figcaption id=\"caption-attachment-29092\" class=\"wp-caption-text\">Bild: Flickr<\/figcaption><\/figure>\n<p>2018 gratulierte die Schauspielerin auf Instagram ihrem Sohn Samuel \u00abSeph\u00bb Joseph Moses zum College-Abschluss. Damit gab Nixon bekannt, dass Seph trans ist und nun nicht mehr Samantha genannt wird. Die 54-J\u00e4hrige ist seit 2012 mit Christine Marinoni verheiratet, Sohn Seph stammt aus einer fr\u00fcheren Beziehung. Aktuell spielt sie in der Serie \u00abRatched\u00bb eine queere Politikerin (<a href=\"https:\/\/mannschaft.com\/2020\/09\/21\/cynthia-nixon-spielt-in-ratched-queere-politikerin\/\" target=\"_blank\" rel=\"noopener noreferrer\">MANNSCHAFT berichtete<\/a>).<\/p>\n<p><strong>#5 Franz M\u00fcntefering<\/strong><\/p>\n<figure id=\"attachment_94228\" aria-describedby=\"caption-attachment-94228\" style=\"width: 1024px\" class=\"wp-caption alignnone\"><a href=\"https:\/\/mannschaft.com\/bimber\/wp-content\/uploads\/2020\/10\/franz_muentefering.jpg\"><img data-expand=\"600\" decoding=\"async\" loading=\"lazy\" class=\"lazyload size-full wp-image-94228\" src=\"data:image\/svg+xml;charset=utf-8,%3Csvg xmlns%3D'http%3A%2F%2Fwww.w3.org%2F2000%2Fsvg' viewBox%3D'0 0 1024 683'%2F%3E\" data-src=\"https:\/\/mannschaft.com\/bimber\/wp-content\/uploads\/2020\/10\/franz_muentefering.jpg\" alt=\"Franz M\u00fcntefering\" width=\"1024\" height=\"683\" data-srcset=\"https:\/\/alte.mannschaft.lgbt\/bimber\/wp-content\/uploads\/2020\/10\/franz_muentefering.jpg 1024w, https:\/\/alte.mannschaft.lgbt\/bimber\/wp-content\/uploads\/2020\/10\/franz_muentefering-300x200.jpg 300w, https:\/\/alte.mannschaft.lgbt\/bimber\/wp-content\/uploads\/2020\/10\/franz_muentefering-425x283.jpg 425w, https:\/\/alte.mannschaft.lgbt\/bimber\/wp-content\/uploads\/2020\/10\/franz_muentefering-768x512.jpg 768w, https:\/\/alte.mannschaft.lgbt\/bimber\/wp-content\/uploads\/2020\/10\/franz_muentefering-180x120.jpg 180w, https:\/\/alte.mannschaft.lgbt\/bimber\/wp-content\/uploads\/2020\/10\/franz_muentefering-561x374.jpg 561w, https:\/\/alte.mannschaft.lgbt\/bimber\/wp-content\/uploads\/2020\/10\/franz_muentefering-364x243.jpg 364w, https:\/\/alte.mannschaft.lgbt\/bimber\/wp-content\/uploads\/2020\/10\/franz_muentefering-728x486.jpg 728w, https:\/\/alte.mannschaft.lgbt\/bimber\/wp-content\/uploads\/2020\/10\/franz_muentefering-608x406.jpg 608w, https:\/\/alte.mannschaft.lgbt\/bimber\/wp-content\/uploads\/2020\/10\/franz_muentefering-758x506.jpg 758w, https:\/\/alte.mannschaft.lgbt\/bimber\/wp-content\/uploads\/2020\/10\/franz_muentefering-72x48.jpg 72w, https:\/\/alte.mannschaft.lgbt\/bimber\/wp-content\/uploads\/2020\/10\/franz_muentefering-144x96.jpg 144w, https:\/\/alte.mannschaft.lgbt\/bimber\/wp-content\/uploads\/2020\/10\/franz_muentefering-313x209.jpg 313w, https:\/\/alte.mannschaft.lgbt\/bimber\/wp-content\/uploads\/2020\/10\/franz_muentefering-400x267.jpg 400w\" data-sizes=\"(max-width: 1024px) 100vw, 1024px\" \/><\/a><figcaption id=\"caption-attachment-94228\" class=\"wp-caption-text\">Bild: Wikipedia<\/figcaption><\/figure>\n<p>Mirjam M\u00fcntefering ist Journalistin und Autorin von Jugendb\u00fcchern. Die Tochter des ehemaligen SPD-Vorsitzenden lebt zusammen mit ihrer Partnerin Sabine. In ihren B\u00fcchern schreibt sie auch \u00fcber das Thema Homosexualit\u00e4t und die Schwierigkeiten von Jugendlichen damit umzugehen. \u00abMein Vater hat nie auch nur angedeutet, dass ich mich zu verstecken oder R\u00fccksicht auf seine Karriere zu nehmen habe. Das rechne ich ihm hoch an.\u00bb Er habe nur gesagt, dass \u00aballe Lebensformen gleich wert seien\u00bb, sagte die 51-J\u00e4hrige gegen\u00fcber dem <a href=\"https:\/\/www.spiegel.de\/politik\/deutschland\/muentefering-seine-tochter-will-eine-frau-heiraten-a-91139.html\" target=\"_blank\" rel=\"noopener noreferrer\"><em>Spiegel<\/em><\/a>.<\/p>\n<p><strong>#6 Barbra Streisand<\/strong><\/p>\n<figure id=\"attachment_136183\" aria-describedby=\"caption-attachment-136183\" style=\"width: 425px\" class=\"wp-caption alignnone\"><a href=\"https:\/\/mannschaft.com\/bimber\/wp-content\/uploads\/2022\/04\/barbra-streisand-73525077-e1650810702281.jpg\"><img data-expand=\"600\" decoding=\"async\" loading=\"lazy\" class=\"lazyload wp-image-136183 size-large\" src=\"data:image\/svg+xml;charset=utf-8,%3Csvg xmlns%3D'http%3A%2F%2Fwww.w3.org%2F2000%2Fsvg' viewBox%3D'0 0 425 265'%2F%3E\" data-src=\"https:\/\/mannschaft.com\/bimber\/wp-content\/uploads\/2022\/04\/barbra-streisand-73525077-e1650810702281-425x265.jpg\" alt=\"Barbra Streisand\" width=\"425\" height=\"265\" data-srcset=\"https:\/\/alte.mannschaft.lgbt\/bimber\/wp-content\/uploads\/2022\/04\/barbra-streisand-73525077-e1650810702281-425x265.jpg 425w, https:\/\/alte.mannschaft.lgbt\/bimber\/wp-content\/uploads\/2022\/04\/barbra-streisand-73525077-e1650810702281-300x187.jpg 300w, https:\/\/alte.mannschaft.lgbt\/bimber\/wp-content\/uploads\/2022\/04\/barbra-streisand-73525077-e1650810702281-768x480.jpg 768w, https:\/\/alte.mannschaft.lgbt\/bimber\/wp-content\/uploads\/2022\/04\/barbra-streisand-73525077-e1650810702281-561x350.jpg 561w, https:\/\/alte.mannschaft.lgbt\/bimber\/wp-content\/uploads\/2022\/04\/barbra-streisand-73525077-e1650810702281-265x165.jpg 265w, https:\/\/alte.mannschaft.lgbt\/bimber\/wp-content\/uploads\/2022\/04\/barbra-streisand-73525077-e1650810702281-531x332.jpg 531w, https:\/\/alte.mannschaft.lgbt\/bimber\/wp-content\/uploads\/2022\/04\/barbra-streisand-73525077-e1650810702281-364x227.jpg 364w, https:\/\/alte.mannschaft.lgbt\/bimber\/wp-content\/uploads\/2022\/04\/barbra-streisand-73525077-e1650810702281-728x455.jpg 728w, https:\/\/alte.mannschaft.lgbt\/bimber\/wp-content\/uploads\/2022\/04\/barbra-streisand-73525077-e1650810702281-608x380.jpg 608w, https:\/\/alte.mannschaft.lgbt\/bimber\/wp-content\/uploads\/2022\/04\/barbra-streisand-73525077-e1650810702281-758x473.jpg 758w, https:\/\/alte.mannschaft.lgbt\/bimber\/wp-content\/uploads\/2022\/04\/barbra-streisand-73525077-e1650810702281-77x48.jpg 77w, https:\/\/alte.mannschaft.lgbt\/bimber\/wp-content\/uploads\/2022\/04\/barbra-streisand-73525077-e1650810702281-154x96.jpg 154w, https:\/\/alte.mannschaft.lgbt\/bimber\/wp-content\/uploads\/2022\/04\/barbra-streisand-73525077-e1650810702281-400x250.jpg 400w, https:\/\/alte.mannschaft.lgbt\/bimber\/wp-content\/uploads\/2022\/04\/barbra-streisand-73525077-e1650810702281.jpg 908w\" data-sizes=\"(max-width: 425px) 100vw, 425px\" \/><\/a><figcaption id=\"caption-attachment-136183\" class=\"wp-caption-text\">Barbra Streisand, 2019 (Foto: Chris Pizzello\/Invision\/AP\/dpa)<\/figcaption><\/figure>\n<p>Der Sohn von Barbra Streisand und Elliott Gould lebt offen schwul. Jason Gould, selbst Schauspieler, Produzent und S\u00e4nger, wurde zu Beginn der 90er-Jahre von Klatschbl\u00e4ttern geoutet. Danach zog er sich weitestgehend aus der \u00d6ffentlichkeit zur\u00fcck, ehe er 2012 mit seiner Mutter und einem eigenen Album durch die USA tourte.<\/p>\n<p><strong>#7 Chris Evans<\/strong><\/p>\n<figure id=\"attachment_99206\" aria-describedby=\"caption-attachment-99206\" style=\"width: 425px\" class=\"wp-caption alignnone\"><a href=\"https:\/\/mannschaft.com\/bimber\/wp-content\/uploads\/2020\/12\/chris-evans-1.jpg\"><img data-expand=\"600\" decoding=\"async\" loading=\"lazy\" class=\"lazyload wp-image-99206 size-large\" src=\"data:image\/svg+xml;charset=utf-8,%3Csvg xmlns%3D'http%3A%2F%2Fwww.w3.org%2F2000%2Fsvg' viewBox%3D'0 0 425 282'%2F%3E\" data-src=\"https:\/\/mannschaft.com\/bimber\/wp-content\/uploads\/2020\/12\/chris-evans-1-425x282.jpg\" alt=\"Chris Evans\" width=\"425\" height=\"282\" data-srcset=\"https:\/\/alte.mannschaft.lgbt\/bimber\/wp-content\/uploads\/2020\/12\/chris-evans-1-425x282.jpg 425w, https:\/\/alte.mannschaft.lgbt\/bimber\/wp-content\/uploads\/2020\/12\/chris-evans-1-300x199.jpg 300w, https:\/\/alte.mannschaft.lgbt\/bimber\/wp-content\/uploads\/2020\/12\/chris-evans-1-180x120.jpg 180w, https:\/\/alte.mannschaft.lgbt\/bimber\/wp-content\/uploads\/2020\/12\/chris-evans-1-561x372.jpg 561w, https:\/\/alte.mannschaft.lgbt\/bimber\/wp-content\/uploads\/2020\/12\/chris-evans-1-364x241.jpg 364w, https:\/\/alte.mannschaft.lgbt\/bimber\/wp-content\/uploads\/2020\/12\/chris-evans-1-72x48.jpg 72w, https:\/\/alte.mannschaft.lgbt\/bimber\/wp-content\/uploads\/2020\/12\/chris-evans-1-145x96.jpg 145w, https:\/\/alte.mannschaft.lgbt\/bimber\/wp-content\/uploads\/2020\/12\/chris-evans-1-313x208.jpg 313w, https:\/\/alte.mannschaft.lgbt\/bimber\/wp-content\/uploads\/2020\/12\/chris-evans-1-400x265.jpg 400w, https:\/\/alte.mannschaft.lgbt\/bimber\/wp-content\/uploads\/2020\/12\/chris-evans-1.jpg 594w\" data-sizes=\"(max-width: 425px) 100vw, 425px\" \/><\/a><figcaption id=\"caption-attachment-99206\" class=\"wp-caption-text\">Foto: Facebook\/Chris Evans<\/figcaption><\/figure>\n<p>Chris Evans&#8216; Bruder Scott ist ebenfalls schwul. Der Schauspieler setzte sich selbst f\u00fcr die \u00d6ffnung der Ehe ein. \u00abIch fand es eine Schande, dass meinem Bruder in unserem Zeitalter ganz selbstverst\u00e4ndliche B\u00fcrgerrechte verwehrt werden\u00bb, sagte er im Interview. Eine gr\u00f6ssere Schande sei es allerdings, dass diese errungenen Fortschritte in Teilen der USA wieder r\u00fcckg\u00e4ngig gemacht w\u00fcrden. Scott Evans ist selbst ebenfalls als Schauspieler t\u00e4tig, er war unter anderem in der Serie \u00abLiebe, L\u00fcge, Leidenschaft\u00bb zu sehen.<\/p>\n<p><strong>#8 Jennifer Lopez<\/strong><\/p>\n<figure id=\"attachment_94232\" aria-describedby=\"caption-attachment-94232\" style=\"width: 800px\" class=\"wp-caption alignnone\"><a href=\"https:\/\/mannschaft.com\/bimber\/wp-content\/uploads\/2020\/10\/Jennifer_Lopez.jpg\"><img data-expand=\"600\" decoding=\"async\" loading=\"lazy\" class=\"lazyload size-full wp-image-94232\" src=\"data:image\/svg+xml;charset=utf-8,%3Csvg xmlns%3D'http%3A%2F%2Fwww.w3.org%2F2000%2Fsvg' viewBox%3D'0 0 800 459'%2F%3E\" data-src=\"https:\/\/mannschaft.com\/bimber\/wp-content\/uploads\/2020\/10\/Jennifer_Lopez.jpg\" alt=\"Jennifer Lopez\" width=\"800\" height=\"459\" data-srcset=\"https:\/\/alte.mannschaft.lgbt\/bimber\/wp-content\/uploads\/2020\/10\/Jennifer_Lopez.jpg 800w, https:\/\/alte.mannschaft.lgbt\/bimber\/wp-content\/uploads\/2020\/10\/Jennifer_Lopez-300x172.jpg 300w, https:\/\/alte.mannschaft.lgbt\/bimber\/wp-content\/uploads\/2020\/10\/Jennifer_Lopez-425x244.jpg 425w, https:\/\/alte.mannschaft.lgbt\/bimber\/wp-content\/uploads\/2020\/10\/Jennifer_Lopez-768x441.jpg 768w, https:\/\/alte.mannschaft.lgbt\/bimber\/wp-content\/uploads\/2020\/10\/Jennifer_Lopez-561x322.jpg 561w, https:\/\/alte.mannschaft.lgbt\/bimber\/wp-content\/uploads\/2020\/10\/Jennifer_Lopez-364x209.jpg 364w, https:\/\/alte.mannschaft.lgbt\/bimber\/wp-content\/uploads\/2020\/10\/Jennifer_Lopez-728x418.jpg 728w, https:\/\/alte.mannschaft.lgbt\/bimber\/wp-content\/uploads\/2020\/10\/Jennifer_Lopez-608x349.jpg 608w, https:\/\/alte.mannschaft.lgbt\/bimber\/wp-content\/uploads\/2020\/10\/Jennifer_Lopez-758x435.jpg 758w, https:\/\/alte.mannschaft.lgbt\/bimber\/wp-content\/uploads\/2020\/10\/Jennifer_Lopez-84x48.jpg 84w, https:\/\/alte.mannschaft.lgbt\/bimber\/wp-content\/uploads\/2020\/10\/Jennifer_Lopez-167x96.jpg 167w, https:\/\/alte.mannschaft.lgbt\/bimber\/wp-content\/uploads\/2020\/10\/Jennifer_Lopez-313x180.jpg 313w, https:\/\/alte.mannschaft.lgbt\/bimber\/wp-content\/uploads\/2020\/10\/Jennifer_Lopez-400x230.jpg 400w\" data-sizes=\"(max-width: 800px) 100vw, 800px\" \/><\/a><figcaption id=\"caption-attachment-94232\" class=\"wp-caption-text\">Bild: Wikipedia<\/figcaption><\/figure>\n<p>Brendon Scholl ist trans und nicht-bin\u00e4r. Auf ihrem Instagram-Profil ver\u00f6ffentlichte J.Lo die ersten f\u00fcnf Minuten einer Dokumentation \u00fcber ihr*en \u00abNibling\u00bb, ein geschlechtsneutraler Begriff, der Neffe oder Nichte ersetzt (<a href=\"https:\/\/mannschaft.com\/2020\/08\/24\/jennifer-lopez-zeigt-film-ueber-trans-familienmitglied\/?fbclid=IwAR04b-e1JTVyH2yvYm8cp6hvF9lg_xNwSrTqy7omTJubEukR9XTXAhza61s\" target=\"_blank\" rel=\"noopener noreferrer\">MANNSCHAFT berichtete<\/a>). In der ersten Minute des Clips wendet sich die S\u00e4ngerin und Schauspielerin an die Zuschauer*innen. Die Geschichte liege ihr am Herzen, da es eine Familienangelegenheit sei, erz\u00e4hlt sie in der emotionalen Botschaft.<\/p>\n<blockquote class=\"instagram-media\" style=\"background: #FFF; border: 0; border-radius: 3px; box-shadow: 0 0 1px 0 rgba(0,0,0,0.5),0 1px 10px 0 rgba(0,0,0,0.15); margin: 1px; max-width: 540px; min-width: 326px; padding: 0; width: calc(100% - 2px);\" data-instgrm-captioned=\"\" data-instgrm-permalink=\"https:\/\/www.instagram.com\/tv\/CENEADXpCao\/?utm_source=ig_embed&amp;utm_campaign=loading\" data-instgrm-version=\"12\">\n<div style=\"padding: 16px;\">\n<p>&nbsp;<\/p>\n<div style=\"display: flex; flex-direction: row; align-items: center;\">\n<div style=\"background-color: #f4f4f4; border-radius: 50%; flex-grow: 0; height: 40px; margin-right: 14px; width: 40px;\"><\/div>\n<div style=\"display: flex; flex-direction: column; flex-grow: 1; justify-content: center;\">\n<div style=\"background-color: #f4f4f4; border-radius: 4px; flex-grow: 0; height: 14px; margin-bottom: 6px; width: 100px;\"><\/div>\n<div style=\"background-color: #f4f4f4; border-radius: 4px; flex-grow: 0; height: 14px; width: 60px;\"><\/div>\n<\/div>\n<\/div>\n<div style=\"padding: 19% 0;\"><\/div>\n<div style=\"display: block; height: 50px; margin: 0 auto 12px; width: 50px;\"><\/div>\n<div style=\"padding-top: 8px;\">\n<div style=\"color: #3897f0; font-family: Arial,sans-serif; font-size: 14px; font-style: normal; font-weight: 550; line-height: 18px;\">Sieh dir diesen Beitrag auf Instagram an<\/div>\n<\/div>\n<div style=\"padding: 12.5% 0;\"><\/div>\n<div style=\"display: flex; flex-direction: row; margin-bottom: 14px; align-items: center;\">\n<div>\n<div style=\"background-color: #f4f4f4; border-radius: 50%; height: 12.5px; width: 12.5px; transform: translateX(0px) translateY(7px);\"><\/div>\n<div style=\"background-color: #f4f4f4; height: 12.5px; transform: rotate(-45deg) translateX(3px) translateY(1px); width: 12.5px; flex-grow: 0; margin-right: 14px; margin-left: 2px;\"><\/div>\n<div style=\"background-color: #f4f4f4; border-radius: 50%; height: 12.5px; width: 12.5px; transform: translateX(9px) translateY(-18px);\"><\/div>\n<\/div>\n<div style=\"margin-left: 8px;\">\n<div style=\"background-color: #f4f4f4; border-radius: 50%; flex-grow: 0; height: 20px; width: 20px;\"><\/div>\n<div style=\"width: 0; height: 0; border-top: 2px solid transparent; border-left: 6px solid #f4f4f4; border-bottom: 2px solid transparent; transform: translateX(16px) translateY(-4px) rotate(30deg);\"><\/div>\n<\/div>\n<div style=\"margin-left: auto;\">\n<div style=\"width: 0px; border-top: 8px solid #F4F4F4; border-right: 8px solid transparent; transform: translateY(16px);\"><\/div>\n<div style=\"background-color: #f4f4f4; flex-grow: 0; height: 12px; width: 16px; transform: translateY(-4px);\"><\/div>\n<div style=\"width: 0; height: 0; border-top: 8px solid #F4F4F4; border-left: 8px solid transparent; transform: translateY(-4px) translateX(8px);\"><\/div>\n<\/div>\n<\/div>\n<p>&nbsp;<\/p>\n<p style=\"margin: 8px 0 0 0; padding: 0 4px;\"><a style=\"color: #000; font-family: Arial,sans-serif; font-size: 14px; font-style: normal; font-weight: normal; line-height: 17px; text-decoration: none; word-wrap: break-word;\" href=\"https:\/\/www.instagram.com\/tv\/CENEADXpCao\/?utm_source=ig_embed&amp;utm_campaign=loading\" target=\"_blank\" rel=\"noopener noreferrer\">Brendon is my nibling and this is their story&#8230;Draw With Me is a short film about accepting change and challenges with love knowing when we do everything is possible \ud83c\udf38 Please enjoy the first 5 minutes of this incredible story. Stay tuned for the full documentary at film festivals worldwide and coming soon on VOD. A film by @ithakafilms @marcomaranghello @lyndalopez08<\/a><\/p>\n<p style=\"color: #c9c8cd; font-family: Arial,sans-serif; font-size: 14px; line-height: 17px; margin-bottom: 0; margin-top: 8px; overflow: hidden; padding: 8px 0 7px; text-align: center; text-overflow: ellipsis; white-space: nowrap;\">Ein Beitrag geteilt von <a style=\"color: #c9c8cd; font-family: Arial,sans-serif; font-size: 14px; font-style: normal; font-weight: normal; line-height: 17px;\" href=\"https:\/\/www.instagram.com\/jlo\/?utm_source=ig_embed&amp;utm_campaign=loading\" target=\"_blank\" rel=\"noopener noreferrer\"> Jennifer Lopez<\/a> (@jlo) am <time style=\"font-family: Arial,sans-serif; font-size: 14px; line-height: 17px;\" datetime=\"2020-08-22T19:57:58+00:00\">Aug 22, 2020 um 12:57 PDT<\/time><\/p>\n<\/div>\n<\/blockquote>\n<p><script async src=\"\/\/www.instagram.com\/embed.js\"><\/script><\/p>\n<p><strong>#9 Alec Baldwin<\/strong><\/p>\n<figure id=\"attachment_94233\" aria-describedby=\"caption-attachment-94233\" style=\"width: 960px\" class=\"wp-caption alignnone\"><a href=\"https:\/\/mannschaft.com\/bimber\/wp-content\/uploads\/2020\/10\/alec_baldwin.jpg\"><img data-expand=\"600\" decoding=\"async\" loading=\"lazy\" class=\"lazyload size-full wp-image-94233\" src=\"data:image\/svg+xml;charset=utf-8,%3Csvg xmlns%3D'http%3A%2F%2Fwww.w3.org%2F2000%2Fsvg' viewBox%3D'0 0 960 540'%2F%3E\" data-src=\"https:\/\/mannschaft.com\/bimber\/wp-content\/uploads\/2020\/10\/alec_baldwin.jpg\" alt=\"Alec Baldwin\" width=\"960\" height=\"540\" \/><\/a><figcaption id=\"caption-attachment-94233\" class=\"wp-caption-text\">Bild: Facebook\/Alec Baldwin<\/figcaption><\/figure>\n<p>Das Model Ireland Baldwin war mit Frauen und M\u00e4nnern liiert, darunter die Rapperin Angel Haze. Vater Alec Baldwin steht hinter ihr und ihrer Aussage, dass ihre Sexualit\u00e4t fliessend sei. In seinem Podcast erz\u00e4hlte der Schauspieler 2015 von der Beziehung zwischen Haze und seiner Tochter, die gesagt habe: \u00abDu schl\u00e4fst nicht mit einer Frau oder einem Mann, sondern mit einer Person. Und ich bin angetan von der Person.\u00bb Er k\u00f6nne das verstehen, er habe sich auch schon M\u00e4nnern so nahe gef\u00fchlt wie zu Frauen, die er geliebt habe. Allerdings sagt Alec Baldwin, dass er nie Sex mit M\u00e4nnern hatte.<\/p>\n<p><strong>#10 Sade<\/strong><\/p>\n<figure id=\"attachment_94234\" aria-describedby=\"caption-attachment-94234\" style=\"width: 1402px\" class=\"wp-caption alignnone\"><a href=\"https:\/\/mannschaft.com\/bimber\/wp-content\/uploads\/2020\/10\/sade.jpg\"><img data-expand=\"600\" decoding=\"async\" loading=\"lazy\" class=\"lazyload size-full wp-image-94234\" src=\"data:image\/svg+xml;charset=utf-8,%3Csvg xmlns%3D'http%3A%2F%2Fwww.w3.org%2F2000%2Fsvg' viewBox%3D'0 0 1402 878'%2F%3E\" data-src=\"https:\/\/mannschaft.com\/bimber\/wp-content\/uploads\/2020\/10\/sade.jpg\" alt=\"Sade\" width=\"1402\" height=\"878\" data-srcset=\"https:\/\/alte.mannschaft.lgbt\/bimber\/wp-content\/uploads\/2020\/10\/sade.jpg 1402w, https:\/\/alte.mannschaft.lgbt\/bimber\/wp-content\/uploads\/2020\/10\/sade-300x188.jpg 300w, https:\/\/alte.mannschaft.lgbt\/bimber\/wp-content\/uploads\/2020\/10\/sade-425x266.jpg 425w, https:\/\/alte.mannschaft.lgbt\/bimber\/wp-content\/uploads\/2020\/10\/sade-768x481.jpg 768w, https:\/\/alte.mannschaft.lgbt\/bimber\/wp-content\/uploads\/2020\/10\/sade-561x351.jpg 561w, https:\/\/alte.mannschaft.lgbt\/bimber\/wp-content\/uploads\/2020\/10\/sade-1122x703.jpg 1122w, https:\/\/alte.mannschaft.lgbt\/bimber\/wp-content\/uploads\/2020\/10\/sade-364x228.jpg 364w, https:\/\/alte.mannschaft.lgbt\/bimber\/wp-content\/uploads\/2020\/10\/sade-728x456.jpg 728w, https:\/\/alte.mannschaft.lgbt\/bimber\/wp-content\/uploads\/2020\/10\/sade-608x381.jpg 608w, https:\/\/alte.mannschaft.lgbt\/bimber\/wp-content\/uploads\/2020\/10\/sade-758x475.jpg 758w, https:\/\/alte.mannschaft.lgbt\/bimber\/wp-content\/uploads\/2020\/10\/sade-1152x721.jpg 1152w, https:\/\/alte.mannschaft.lgbt\/bimber\/wp-content\/uploads\/2020\/10\/sade-77x48.jpg 77w, https:\/\/alte.mannschaft.lgbt\/bimber\/wp-content\/uploads\/2020\/10\/sade-153x96.jpg 153w, https:\/\/alte.mannschaft.lgbt\/bimber\/wp-content\/uploads\/2020\/10\/sade-313x196.jpg 313w, https:\/\/alte.mannschaft.lgbt\/bimber\/wp-content\/uploads\/2020\/10\/sade-400x250.jpg 400w\" data-sizes=\"(max-width: 1402px) 100vw, 1402px\" \/><\/a><figcaption id=\"caption-attachment-94234\" class=\"wp-caption-text\">Bild: Facebook\/Sade<\/figcaption><\/figure>\n<p>Izaak Theo Adu ist trans. Der 23-j\u00e4hrige Sohn der S\u00e4ngerin Sade hatte sich 2016 geoutet und dokumentiert seitdem seine Transition \u00fcber seine Social-Media-Kan\u00e4le. 2019 bedankte er sich in einem Instagram-Post bei seiner Mutter f\u00fcr die Unterst\u00fctzung auf seinem Weg zum Mann.<\/p>\n<blockquote class=\"instagram-media\" style=\"background: #FFF; border: 0; border-radius: 3px; box-shadow: 0 0 1px 0 rgba(0,0,0,0.5),0 1px 10px 0 rgba(0,0,0,0.15); margin: 1px; max-width: 540px; min-width: 326px; padding: 0; width: calc(100% - 2px);\" data-instgrm-captioned=\"\" data-instgrm-permalink=\"https:\/\/www.instagram.com\/p\/B22RY17AiAn\/?utm_source=ig_embed&amp;utm_campaign=loading\" data-instgrm-version=\"12\">\n<div style=\"padding: 16px;\">\n<p>&nbsp;<\/p>\n<div style=\"display: flex; flex-direction: row; align-items: center;\">\n<div style=\"background-color: #f4f4f4; border-radius: 50%; flex-grow: 0; height: 40px; margin-right: 14px; width: 40px;\"><\/div>\n<div style=\"display: flex; flex-direction: column; flex-grow: 1; justify-content: center;\">\n<div style=\"background-color: #f4f4f4; border-radius: 4px; flex-grow: 0; height: 14px; margin-bottom: 6px; width: 100px;\"><\/div>\n<div style=\"background-color: #f4f4f4; border-radius: 4px; flex-grow: 0; height: 14px; width: 60px;\"><\/div>\n<\/div>\n<\/div>\n<div style=\"padding: 19% 0;\"><\/div>\n<div style=\"display: block; height: 50px; margin: 0 auto 12px; width: 50px;\"><\/div>\n<div style=\"padding-top: 8px;\">\n<div style=\"color: #3897f0; font-family: Arial,sans-serif; font-size: 14px; font-style: normal; font-weight: 550; line-height: 18px;\">Sieh dir diesen Beitrag auf Instagram an<\/div>\n<\/div>\n<div style=\"padding: 12.5% 0;\"><\/div>\n<div style=\"display: flex; flex-direction: row; margin-bottom: 14px; align-items: center;\">\n<div>\n<div style=\"background-color: #f4f4f4; border-radius: 50%; height: 12.5px; width: 12.5px; transform: translateX(0px) translateY(7px);\"><\/div>\n<div style=\"background-color: #f4f4f4; height: 12.5px; transform: rotate(-45deg) translateX(3px) translateY(1px); width: 12.5px; flex-grow: 0; margin-right: 14px; margin-left: 2px;\"><\/div>\n<div style=\"background-color: #f4f4f4; border-radius: 50%; height: 12.5px; width: 12.5px; transform: translateX(9px) translateY(-18px);\"><\/div>\n<\/div>\n<div style=\"margin-left: 8px;\">\n<div style=\"background-color: #f4f4f4; border-radius: 50%; flex-grow: 0; height: 20px; width: 20px;\"><\/div>\n<div style=\"width: 0; height: 0; border-top: 2px solid transparent; border-left: 6px solid #f4f4f4; border-bottom: 2px solid transparent; transform: translateX(16px) translateY(-4px) rotate(30deg);\"><\/div>\n<\/div>\n<div style=\"margin-left: auto;\">\n<div style=\"width: 0px; border-top: 8px solid #F4F4F4; border-right: 8px solid transparent; transform: translateY(16px);\"><\/div>\n<div style=\"background-color: #f4f4f4; flex-grow: 0; height: 12px; width: 16px; transform: translateY(-4px);\"><\/div>\n<div style=\"width: 0; height: 0; border-top: 8px solid #F4F4F4; border-left: 8px solid transparent; transform: translateY(-4px) translateX(8px);\"><\/div>\n<\/div>\n<\/div>\n<p>&nbsp;<\/p>\n<p style=\"margin: 8px 0 0 0; padding: 0 4px;\"><a style=\"color: #000; font-family: Arial,sans-serif; font-size: 14px; font-style: normal; font-weight: normal; line-height: 17px; text-decoration: none; word-wrap: break-word;\" href=\"https:\/\/www.instagram.com\/p\/B22RY17AiAn\/?utm_source=ig_embed&amp;utm_campaign=loading\" target=\"_blank\" rel=\"noopener noreferrer\">It\u2019s been a long hard road but We did it!! We are coming home!!!! Thank you for staying by my side these past 6 months Mumma. Thank you for fighting with me to complete the man I am. Thank you for your encouragement when things are hard, for the love you give me. The purest heart. I love you so much. Queen of queens \u2665\ufe0f . . . #mumma #lioness #queen #iloveyou<\/a><\/p>\n<p style=\"color: #c9c8cd; font-family: Arial,sans-serif; font-size: 14px; line-height: 17px; margin-bottom: 0; margin-top: 8px; overflow: hidden; padding: 8px 0 7px; text-align: center; text-overflow: ellipsis; white-space: nowrap;\">Ein Beitrag geteilt von <a style=\"color: #c9c8cd; font-family: Arial,sans-serif; font-size: 14px; font-style: normal; font-weight: normal; line-height: 17px;\" href=\"https:\/\/www.instagram.com\/izaaktheo\/?utm_source=ig_embed&amp;utm_campaign=loading\" target=\"_blank\" rel=\"noopener noreferrer\"> Izaak Theo<\/a> (@izaaktheo) am <time style=\"font-family: Arial,sans-serif; font-size: 14px; line-height: 17px;\" datetime=\"2019-09-25T20:42:27+00:00\">Sep 25, 2019 um 1:42 PDT<\/time><\/p>\n<\/div>\n<\/blockquote>\n<p><script async src=\"\/\/www.instagram.com\/embed.js\"><\/script><\/p>\n<p><strong>#11 Dick Cheney<\/strong><\/p>\n<figure id=\"attachment_94235\" aria-describedby=\"caption-attachment-94235\" style=\"width: 2041px\" class=\"wp-caption alignnone\"><a href=\"https:\/\/mannschaft.com\/bimber\/wp-content\/uploads\/2020\/10\/Richard_Cheney.jpg\"><img data-expand=\"600\" decoding=\"async\" loading=\"lazy\" class=\"lazyload size-full wp-image-94235\" src=\"data:image\/svg+xml;charset=utf-8,%3Csvg xmlns%3D'http%3A%2F%2Fwww.w3.org%2F2000%2Fsvg' viewBox%3D'0 0 2041 1956'%2F%3E\" data-src=\"https:\/\/mannschaft.com\/bimber\/wp-content\/uploads\/2020\/10\/Richard_Cheney.jpg\" alt=\"Dick Cheney\" width=\"2041\" height=\"1956\" data-srcset=\"https:\/\/alte.mannschaft.lgbt\/bimber\/wp-content\/uploads\/2020\/10\/Richard_Cheney.jpg 2041w, https:\/\/alte.mannschaft.lgbt\/bimber\/wp-content\/uploads\/2020\/10\/Richard_Cheney-300x288.jpg 300w, https:\/\/alte.mannschaft.lgbt\/bimber\/wp-content\/uploads\/2020\/10\/Richard_Cheney-425x407.jpg 425w, https:\/\/alte.mannschaft.lgbt\/bimber\/wp-content\/uploads\/2020\/10\/Richard_Cheney-768x736.jpg 768w, https:\/\/alte.mannschaft.lgbt\/bimber\/wp-content\/uploads\/2020\/10\/Richard_Cheney-1536x1472.jpg 1536w, https:\/\/alte.mannschaft.lgbt\/bimber\/wp-content\/uploads\/2020\/10\/Richard_Cheney-561x538.jpg 561w, https:\/\/alte.mannschaft.lgbt\/bimber\/wp-content\/uploads\/2020\/10\/Richard_Cheney-1122x1075.jpg 1122w, https:\/\/alte.mannschaft.lgbt\/bimber\/wp-content\/uploads\/2020\/10\/Richard_Cheney-364x349.jpg 364w, https:\/\/alte.mannschaft.lgbt\/bimber\/wp-content\/uploads\/2020\/10\/Richard_Cheney-728x698.jpg 728w, https:\/\/alte.mannschaft.lgbt\/bimber\/wp-content\/uploads\/2020\/10\/Richard_Cheney-608x583.jpg 608w, https:\/\/alte.mannschaft.lgbt\/bimber\/wp-content\/uploads\/2020\/10\/Richard_Cheney-758x726.jpg 758w, https:\/\/alte.mannschaft.lgbt\/bimber\/wp-content\/uploads\/2020\/10\/Richard_Cheney-1152x1104.jpg 1152w, https:\/\/alte.mannschaft.lgbt\/bimber\/wp-content\/uploads\/2020\/10\/Richard_Cheney-50x48.jpg 50w, https:\/\/alte.mannschaft.lgbt\/bimber\/wp-content\/uploads\/2020\/10\/Richard_Cheney-100x96.jpg 100w, https:\/\/alte.mannschaft.lgbt\/bimber\/wp-content\/uploads\/2020\/10\/Richard_Cheney-313x300.jpg 313w, https:\/\/alte.mannschaft.lgbt\/bimber\/wp-content\/uploads\/2020\/10\/Richard_Cheney-400x383.jpg 400w\" data-sizes=\"(max-width: 2041px) 100vw, 2041px\" \/><\/a><figcaption id=\"caption-attachment-94235\" class=\"wp-caption-text\">Wikipedia\/Dick Cheney<\/figcaption><\/figure>\n<p>Das Lesbischsein von Mary Cheney hat in der Vergangenheit f\u00fcr einige Kontroversen innerhalb der Republikanischen Partei in den USA gesorgt. Die heute 51-J\u00e4hrige engagierte sich selbst politisch und leitete 2004 die Vizepr\u00e4sidentschaftskampagne ihres Vaters Dick Cheney. Die Gegner versuchten w\u00e4hrenddessen ihre sexuelle Orientierung auszuschlachten, da die Bush-Regierung eine Verfassungs\u00e4nderung wollte, die die Ehe auf heterosexuelle Paare beschr\u00e4nken sollte. Dick Cheney war hingegen nie daf\u00fcr, er stellte sich auf die Seite der Bef\u00fcrworter*innen eines schlanken Staates, der sich nicht in die pers\u00f6nlichen Leben der B\u00fcrger*innen einmischen soll.<\/p>\n<p><strong>#12 Jodie Foster<\/strong><\/p>\n<figure id=\"attachment_94236\" aria-describedby=\"caption-attachment-94236\" style=\"width: 1200px\" class=\"wp-caption alignnone\"><a href=\"https:\/\/mannschaft.com\/bimber\/wp-content\/uploads\/2020\/10\/jodie_foster.jpg\"><img data-expand=\"600\" decoding=\"async\" loading=\"lazy\" class=\"lazyload size-full wp-image-94236\" src=\"data:image\/svg+xml;charset=utf-8,%3Csvg xmlns%3D'http%3A%2F%2Fwww.w3.org%2F2000%2Fsvg' viewBox%3D'0 0 1200 900'%2F%3E\" data-src=\"https:\/\/mannschaft.com\/bimber\/wp-content\/uploads\/2020\/10\/jodie_foster.jpg\" alt=\"Jodie Foster\" width=\"1200\" height=\"900\" \/><\/a><figcaption id=\"caption-attachment-94236\" class=\"wp-caption-text\">Bild: Facebook\/Festival de Cannes<\/figcaption><\/figure>\n<p>Die Schauspielerin, die selbst seit jeher offen lesbisch ist, wuchs bei zwei M\u00fcttern auf. Ihre leibliche Mutter Evelyn \u00abBrandy\u00bb Foster trennte sich noch vor ihrer Geburt vom Vater und nahm ihre Kinder mit zur Freundin. Mit \u00abTante Jo\u00bb, wie die Geschwister sie nannten, zog Brandy die Kinder auf. Vergangenes Jahr ist die Mutter und erste Managerin von Jodie Foster an den Folgen ihrer Demenzerkrankung verstorben.<\/p>\n<p><strong>#13 Judith Holofernes<\/strong><\/p>\n<figure id=\"attachment_94237\" aria-describedby=\"caption-attachment-94237\" style=\"width: 741px\" class=\"wp-caption alignnone\"><a href=\"https:\/\/mannschaft.com\/bimber\/wp-content\/uploads\/2020\/10\/judith_holofernes.jpg\"><img data-expand=\"600\" decoding=\"async\" loading=\"lazy\" class=\"lazyload wp-image-94237 size-full\" src=\"data:image\/svg+xml;charset=utf-8,%3Csvg xmlns%3D'http%3A%2F%2Fwww.w3.org%2F2000%2Fsvg' viewBox%3D'0 0 741 577'%2F%3E\" data-src=\"https:\/\/mannschaft.com\/bimber\/wp-content\/uploads\/2020\/10\/judith_holofernes-e1602853082741.jpg\" alt=\"Judith Holofernes\" width=\"741\" height=\"577\" data-srcset=\"https:\/\/alte.mannschaft.lgbt\/bimber\/wp-content\/uploads\/2020\/10\/judith_holofernes-e1602853082741.jpg 741w, https:\/\/alte.mannschaft.lgbt\/bimber\/wp-content\/uploads\/2020\/10\/judith_holofernes-e1602853082741-300x234.jpg 300w, https:\/\/alte.mannschaft.lgbt\/bimber\/wp-content\/uploads\/2020\/10\/judith_holofernes-e1602853082741-425x331.jpg 425w, https:\/\/alte.mannschaft.lgbt\/bimber\/wp-content\/uploads\/2020\/10\/judith_holofernes-e1602853082741-561x437.jpg 561w, https:\/\/alte.mannschaft.lgbt\/bimber\/wp-content\/uploads\/2020\/10\/judith_holofernes-e1602853082741-364x283.jpg 364w, https:\/\/alte.mannschaft.lgbt\/bimber\/wp-content\/uploads\/2020\/10\/judith_holofernes-e1602853082741-728x567.jpg 728w, https:\/\/alte.mannschaft.lgbt\/bimber\/wp-content\/uploads\/2020\/10\/judith_holofernes-e1602853082741-608x473.jpg 608w, https:\/\/alte.mannschaft.lgbt\/bimber\/wp-content\/uploads\/2020\/10\/judith_holofernes-e1602853082741-62x48.jpg 62w, https:\/\/alte.mannschaft.lgbt\/bimber\/wp-content\/uploads\/2020\/10\/judith_holofernes-e1602853082741-123x96.jpg 123w, https:\/\/alte.mannschaft.lgbt\/bimber\/wp-content\/uploads\/2020\/10\/judith_holofernes-e1602853082741-313x244.jpg 313w, https:\/\/alte.mannschaft.lgbt\/bimber\/wp-content\/uploads\/2020\/10\/judith_holofernes-e1602853082741-400x311.jpg 400w\" data-sizes=\"(max-width: 741px) 100vw, 741px\" \/><\/a><figcaption id=\"caption-attachment-94237\" class=\"wp-caption-text\">Bild: Facebook\/Judith Holofernes<\/figcaption><\/figure>\n<p>Die S\u00e4ngerin der Band \u00abWir sind Helden\u00bb ist bei zwei M\u00fcttern aufgewachsen. In ihrem Blog setzte sich Holofernes f\u00fcr Regenbogenfamilien ein und kritisierte Bundestagsabgeordnete der CDU. In einer Debatte hatten Redner*innen der Partei impliziert, dass gleichgeschlechtliche Eltern den Kindern schaden w\u00fcrden. \u00abIch f\u00fcr meinen Teil bin froh und dankbar f\u00fcr Alles, was ich schon als Kind durch diese, meine Familiensituation gelernt habe: innere und \u00e4ussere Flexibilit\u00e4t, vor Allem\u00bb, schrieb sie im Blogbeitrag, und: \u00abSelbstverst\u00e4ndlichkeit in der Ausnahme. Einen ziemlich furchtlosen Umgang mit Grenzen und mit Tr\u00e4umen. Und ein mit der Muttermilch aufgesogenes Wissen darum, dass es viele Wege zum Gl\u00fcck gibt\u00bb.<\/p>\n<p><strong>#14 Kendall und Kylie Jenner<\/strong><\/p>\n<figure id=\"attachment_94238\" aria-describedby=\"caption-attachment-94238\" style=\"width: 1080px\" class=\"wp-caption alignnone\"><a href=\"https:\/\/mannschaft.com\/bimber\/wp-content\/uploads\/2020\/10\/kendall_kylie.jpg\"><img data-expand=\"600\" decoding=\"async\" loading=\"lazy\" class=\"lazyload size-full wp-image-94238\" src=\"data:image\/svg+xml;charset=utf-8,%3Csvg xmlns%3D'http%3A%2F%2Fwww.w3.org%2F2000%2Fsvg' viewBox%3D'0 0 1080 719'%2F%3E\" data-src=\"https:\/\/mannschaft.com\/bimber\/wp-content\/uploads\/2020\/10\/kendall_kylie.jpg\" alt=\"Kendall und Kylie\" width=\"1080\" height=\"719\" data-srcset=\"https:\/\/alte.mannschaft.lgbt\/bimber\/wp-content\/uploads\/2020\/10\/kendall_kylie.jpg 1080w, https:\/\/alte.mannschaft.lgbt\/bimber\/wp-content\/uploads\/2020\/10\/kendall_kylie-300x200.jpg 300w, https:\/\/alte.mannschaft.lgbt\/bimber\/wp-content\/uploads\/2020\/10\/kendall_kylie-425x283.jpg 425w, https:\/\/alte.mannschaft.lgbt\/bimber\/wp-content\/uploads\/2020\/10\/kendall_kylie-768x511.jpg 768w, https:\/\/alte.mannschaft.lgbt\/bimber\/wp-content\/uploads\/2020\/10\/kendall_kylie-180x120.jpg 180w, https:\/\/alte.mannschaft.lgbt\/bimber\/wp-content\/uploads\/2020\/10\/kendall_kylie-561x373.jpg 561w, https:\/\/alte.mannschaft.lgbt\/bimber\/wp-content\/uploads\/2020\/10\/kendall_kylie-364x242.jpg 364w, https:\/\/alte.mannschaft.lgbt\/bimber\/wp-content\/uploads\/2020\/10\/kendall_kylie-728x485.jpg 728w, https:\/\/alte.mannschaft.lgbt\/bimber\/wp-content\/uploads\/2020\/10\/kendall_kylie-608x405.jpg 608w, https:\/\/alte.mannschaft.lgbt\/bimber\/wp-content\/uploads\/2020\/10\/kendall_kylie-758x505.jpg 758w, https:\/\/alte.mannschaft.lgbt\/bimber\/wp-content\/uploads\/2020\/10\/kendall_kylie-72x48.jpg 72w, https:\/\/alte.mannschaft.lgbt\/bimber\/wp-content\/uploads\/2020\/10\/kendall_kylie-144x96.jpg 144w, https:\/\/alte.mannschaft.lgbt\/bimber\/wp-content\/uploads\/2020\/10\/kendall_kylie-313x208.jpg 313w, https:\/\/alte.mannschaft.lgbt\/bimber\/wp-content\/uploads\/2020\/10\/kendall_kylie-400x266.jpg 400w\" data-sizes=\"(max-width: 1080px) 100vw, 1080px\" \/><\/a><figcaption id=\"caption-attachment-94238\" class=\"wp-caption-text\">Kendall und Kylie Jenner (Foto: Facebook\/Kylie Jenner)<\/figcaption><\/figure>\n<p>2015 gab Caitlyn Jenner bekannt, dass sie trans sei und die Transition beginne. Im selben Jahr war sie auf der Titelseite der <em>Vanity Fair <\/em>als Frau zu sehen, begann den Namen Caitlyn zu tragen (<a href=\"https:\/\/mannschaft.com\/2015\/06\/05\/die-geschlechtsidentitaet-ist-zwischen-den-ohren-und-nicht-zwischen-den-beinen-zu-finden\/\" target=\"_blank\" rel=\"noopener noreferrer\">MANNSCHAFT berichtete<\/a>). Von ihrer Familie, die ber\u00fchmten \u00abKeeping Up With The Kardashians\u00bb-Stars, gab es damals unterst\u00fctzende Worte. Seitdem spekuliert die Klatschpresse jedoch dar\u00fcber, ob die Unterst\u00fctzung nicht mehr so gross sei. In Interviews sprechen die T\u00f6chter Kendall und Kylie jedoch sehr positiv von ihrer Mutter und von einer guten Beziehung zu ihr.<\/p>\n<p><strong>#15 Gloria Estefan<\/strong><\/p>\n<figure id=\"attachment_94243\" aria-describedby=\"caption-attachment-94243\" style=\"width: 770px\" class=\"wp-caption alignnone\"><a href=\"https:\/\/mannschaft.com\/bimber\/wp-content\/uploads\/2020\/10\/gloria_estefan.jpg\"><img data-expand=\"600\" decoding=\"async\" loading=\"lazy\" class=\"lazyload size-full wp-image-94243\" src=\"data:image\/svg+xml;charset=utf-8,%3Csvg xmlns%3D'http%3A%2F%2Fwww.w3.org%2F2000%2Fsvg' viewBox%3D'0 0 770 406'%2F%3E\" data-src=\"https:\/\/mannschaft.com\/bimber\/wp-content\/uploads\/2020\/10\/gloria_estefan.jpg\" alt=\"Gloria Estefan\" width=\"770\" height=\"406\" data-srcset=\"https:\/\/alte.mannschaft.lgbt\/bimber\/wp-content\/uploads\/2020\/10\/gloria_estefan.jpg 770w, https:\/\/alte.mannschaft.lgbt\/bimber\/wp-content\/uploads\/2020\/10\/gloria_estefan-300x158.jpg 300w, https:\/\/alte.mannschaft.lgbt\/bimber\/wp-content\/uploads\/2020\/10\/gloria_estefan-425x224.jpg 425w, https:\/\/alte.mannschaft.lgbt\/bimber\/wp-content\/uploads\/2020\/10\/gloria_estefan-768x405.jpg 768w, https:\/\/alte.mannschaft.lgbt\/bimber\/wp-content\/uploads\/2020\/10\/gloria_estefan-561x296.jpg 561w, https:\/\/alte.mannschaft.lgbt\/bimber\/wp-content\/uploads\/2020\/10\/gloria_estefan-364x192.jpg 364w, https:\/\/alte.mannschaft.lgbt\/bimber\/wp-content\/uploads\/2020\/10\/gloria_estefan-728x384.jpg 728w, https:\/\/alte.mannschaft.lgbt\/bimber\/wp-content\/uploads\/2020\/10\/gloria_estefan-608x321.jpg 608w, https:\/\/alte.mannschaft.lgbt\/bimber\/wp-content\/uploads\/2020\/10\/gloria_estefan-758x400.jpg 758w, https:\/\/alte.mannschaft.lgbt\/bimber\/wp-content\/uploads\/2020\/10\/gloria_estefan-91x48.jpg 91w, https:\/\/alte.mannschaft.lgbt\/bimber\/wp-content\/uploads\/2020\/10\/gloria_estefan-182x96.jpg 182w, https:\/\/alte.mannschaft.lgbt\/bimber\/wp-content\/uploads\/2020\/10\/gloria_estefan-313x165.jpg 313w, https:\/\/alte.mannschaft.lgbt\/bimber\/wp-content\/uploads\/2020\/10\/gloria_estefan-400x211.jpg 400w\" data-sizes=\"(max-width: 770px) 100vw, 770px\" \/><\/a><figcaption id=\"caption-attachment-94243\" class=\"wp-caption-text\">Bild: Facebook\/Gloria Estefan<\/figcaption><\/figure>\n<p>Im \u00abRed Table Talk: The Estefans\u00bb sprachen Gloria Estefan und ihre Tochter k\u00fcrzlich \u00fcber die Zeit, als Emily noch nicht offen zu ihrem Lesbischsein stand. \u00abM\u00f6chtest du die Regenbogenflagge tragen? Weil wenn du das m\u00f6chtest, dann werde ich auf den Pride-Wagen steigen und diese Flagge tragen\u00bb, habe sie zu Emily gesagt, erinnert sich Gloria. Die Tochter wollte damals aber noch nicht als lesbisch bezeichnet werden. \u00abIch war ausserdem noch dabei, herauszufinden, wer ich bin\u00bb, erkl\u00e4rt Emily im Video, sie wisse es immer noch nicht.<\/p>\n<p><iframe loading=\"lazy\" style=\"border: none; overflow: hidden;\" src=\"https:\/\/www.facebook.com\/plugins\/video.php?href=https%3A%2F%2Fwww.facebook.com%2Fredtabletalkestefans%2Fvideos%2F342715043475987%2F&amp;show_text=0&amp;width=560\" width=\"560\" height=\"315\" frameborder=\"0\" scrolling=\"no\" allowfullscreen=\"allowfullscreen\"><\/iframe><\/p>\n","protected":false},"excerpt":{"rendered":"<p>Sie sind schwul, lesbisch oder trans: die Geschwister, Kinder und Eltern von Promis. Ob Cher, Chris Evans oder Politiker wie Franz M\u00fcntefering: Sie\u00a0stehen zu ihren queeren Familienmitgliedern. Eine Auswahl. <a class=\"g1-link g1-link-more\" href=\"https:\/\/alte.mannschaft.lgbt\/bimber\/diese-promis-stehen-zu-ihren-lgbtiq-familienmitgliedern\/\">Weiterlesen<\/a><\/p>\n","protected":false},"author":1833,"featured_media":173489,"comment_status":"closed","ping_status":"closed","sticky":false,"template":"","format":"standard","meta":[],"categories":[2],"tags":[248,5507,5472,5545],"wps_subtitle":"Viele sind selbst bekannte Gesichter aus Fernsehen, Film, Musik und Politik","_links":{"self":[{"href":"https:\/\/alte.mannschaft.lgbt\/bimber\/wp-json\/wp\/v2\/posts\/94111"}],"collection":[{"href":"https:\/\/alte.mannschaft.lgbt\/bimber\/wp-json\/wp\/v2\/posts"}],"about":[{"href":"https:\/\/alte.mannschaft.lgbt\/bimber\/wp-json\/wp\/v2\/types\/post"}],"author":[{"embeddable":true,"href":"https:\/\/alte.mannschaft.lgbt\/bimber\/wp-json\/wp\/v2\/users\/1833"}],"replies":[{"embeddable":true,"href":"https:\/\/alte.mannschaft.lgbt\/bimber\/wp-json\/wp\/v2\/comments?post=94111"}],"version-history":[{"count":5,"href":"https:\/\/alte.mannschaft.lgbt\/bimber\/wp-json\/wp\/v2\/posts\/94111\/revisions"}],"predecessor-version":[{"id":173490,"href":"https:\/\/alte.mannschaft.lgbt\/bimber\/wp-json\/wp\/v2\/posts\/94111\/revisions\/173490"}],"wp:featuredmedia":[{"embeddable":true,"href":"https:\/\/alte.mannschaft.lgbt\/bimber\/wp-json\/wp\/v2\/media\/173489"}],"wp:attachment":[{"href":"https:\/\/alte.mannschaft.lgbt\/bimber\/wp-json\/wp\/v2\/media?parent=94111"}],"wp:term":[{"taxonomy":"category","embeddable":true,"href":"https:\/\/alte.mannschaft.lgbt\/bimber\/wp-json\/wp\/v2\/categories?post=94111"},{"taxonomy":"post_tag","embeddable":true,"href":"https:\/\/alte.mannschaft.lgbt\/bimber\/wp-json\/wp\/v2\/tags?post=94111"}],"curies":[{"name":"wp","href":"https:\/\/api.w.org\/{rel}","templated":true}]}}