{"id":93840,"date":"2020-10-12T08:04:54","date_gmt":"2020-10-12T06:04:54","guid":{"rendered":"https:\/\/mannschaft.com\/?p=93840"},"modified":"2020-10-14T08:16:53","modified_gmt":"2020-10-14T06:16:53","slug":"corona-schrumpft-demo-zur-cologne-pride-auf-2000-menschen","status":"publish","type":"post","link":"https:\/\/alte.mannschaft.lgbt\/bimber\/corona-schrumpft-demo-zur-cologne-pride-auf-2000-menschen\/","title":{"rendered":"Corona schrumpft Demo zur Cologne Pride auf 2000 Menschen"},"content":{"rendered":"<h3>Die grosse Demo zur Cologne Pride im Juli war wegen der Corona-Pandemie ausgefallen. Nun fanden am Wochenende unter Hygieneregeln verschiedene Veranstaltungen statt; zur Fahrrad-Sternfahrt am Sonntag kamen etwa 2.000 Teilnehmer*innen.<\/h3>\n<p>Zu der Sternfahrt wurden urspr\u00fcnglich 4000 Menschen erwartet, am Ende waren es zwischen 1500 und 200 Teilnehmer*innen. Die steigenden Corona-Infektionen d\u00fcrften f\u00fcr viele ein Grund gewesen sein, zu Hause zu blieben. Ebenfalls am Sonntag hat der Ministerpr\u00e4sident von Nordrhein-Westfalen, Armin Laschet (CDU), neue Einschr\u00e4nkungen des \u00f6ffentlichen Lebens in Hotspots angek\u00fcndigt. Sie sollen gelten, wenn in einem Kreis oder einer kreisfreien Stadt in NRW die Grenze von 50 Neuansteckungen pro 100.000 Einwohner*innen binnen sieben Tagen \u00fcberschritten wird: So d\u00fcrfen sich u.a. nur noch bis zu f\u00fcnf Personen aus verschiedenen Haushalten in der \u00d6ffentlichkeit treffen.<\/p>\n<blockquote class=\"wp-embedded-content\" data-secret=\"oVVwUFxGa2\"><p><a href=\"https:\/\/mannschaft.com\/2020\/10\/09\/77-millionen-deutschland-erhoeht-erneut-ausgaben-fuer-lgbtiq-projekte\/\">7,7 Mio. Euro \u2013 Ausgaben f\u00fcr LGBTIQ-Projekte erneut erh\u00f6ht<\/a><\/p><\/blockquote>\n<p><iframe class=\"wp-embedded-content\" sandbox=\"allow-scripts\" security=\"restricted\" style=\"position: absolute; clip: rect(1px, 1px, 1px, 1px);\" title=\"&#8222;7,7 Mio. Euro \u2013 Ausgaben f\u00fcr LGBTIQ-Projekte erneut erh\u00f6ht&#8220; &#8212; Mannschaft Magazin\" src=\"https:\/\/mannschaft.com\/2020\/10\/09\/77-millionen-deutschland-erhoeht-erneut-ausgaben-fuer-lgbtiq-projekte\/embed\/#?secret=oVVwUFxGa2\" data-secret=\"oVVwUFxGa2\" width=\"600\" height=\"338\" frameborder=\"0\" marginwidth=\"0\" marginheight=\"0\" scrolling=\"no\"><\/iframe><\/p>\n<p>Die Veranstalter*innen zeigten sich auf <a href=\"https:\/\/www.facebook.com\/ColognePride\/posts\/3607975629225253\" target=\"_blank\" rel=\"noopener noreferrer\">Facebook<\/a> dennoch zufrieden. \u00abWas war das f\u00fcr ein ColognePride 2020. Nichts konnte so sein wie wir es alle gewohnt sind. Aber dank aller Teilnehmer und Zuschauer, die sich alle absolut verantwortungsvoll verhalten haben, konnte die heutige Demonstration und Kundgebung mit ca 1500 Teilnehmern so erfolgreich und emotional sein.\u00bb<\/p>\n<p>In der Corona-Pandemie war dies ein Alternativprogramm f\u00fcr die ausgefallene traditionelle Parade zum Christopher Street Day (CSD) im Juli. Die Grossveranstaltung war abgesagt worden, f\u00fcr die Fahrraddemo galten Hygieneregeln und Alkoholverbot. Das Konzept sah u. a. vor, dass vier verschiedene Fahrrad-Gruppen unterwegs waren, die sich untereinander nicht begegnen sollten: W\u00e4hrend die erste Gruppe schon fuhr, sollte sich erst die zweite in Bewegung setzen usw. <a href=\"https:\/\/mannschaft.com\/2020\/08\/01\/hamburg-pride-auf-dem-rad\/\" target=\"_blank\" rel=\"noopener noreferrer\">(Auch Hamburg hatte die Pride im Sommer aufs Fahrrad verlegt \u2013 MANNSCHAFT berichtete).<\/a><\/p>\n<blockquote class=\"wp-embedded-content\" data-secret=\"wcgueBghKV\"><p><a href=\"https:\/\/mannschaft.com\/2020\/09\/25\/lgbtiq-news-deck-dich-mit-der-neuen-mannschaft-ein\/\">Happy Herbst! Deck dich mit der neuen MANNSCHAFT ein<\/a><\/p><\/blockquote>\n<p><iframe class=\"wp-embedded-content\" sandbox=\"allow-scripts\" security=\"restricted\" style=\"position: absolute; clip: rect(1px, 1px, 1px, 1px);\" title=\"&#8222;Happy Herbst! Deck dich mit der neuen MANNSCHAFT ein&#8220; &#8212; Mannschaft Magazin\" src=\"https:\/\/mannschaft.com\/2020\/09\/25\/lgbtiq-news-deck-dich-mit-der-neuen-mannschaft-ein\/embed\/#?secret=wcgueBghKV\" data-secret=\"wcgueBghKV\" width=\"600\" height=\"338\" frameborder=\"0\" marginwidth=\"0\" marginheight=\"0\" scrolling=\"no\"><\/iframe><\/p>\n<p>Und so durfte die Veranstaltung trotzdem stattfinden. In der Community sorgte das teils f\u00fcr Kritik, viele User*innen nannte die Durchf\u00fchrung der Veranstaltung \u00abunverantwortlich\u00bb. Auch die k\u00fcrzlich wiedergew\u00e4hlte Oberb\u00fcrgermeisterin Henriette Reker hatte am Freitag wegen der steigenden Infektionszahlen an die Verantwortung der LGBTIQ-Community in K\u00f6ln appelliert.<\/p>\n<p>Zu den politischen Forderungen in diesem Jahr geh\u00f6rte u. a. die Erweiterung des Artikels 3, Absatz 3 des Grundgesetzes um die Merkmale sexuelle und geschlechtliche Identit\u00e4t, bundesweite Aktionspl\u00e4ne gegen Homo-, Trans- und Biphobie und ein reformiertes Abstammungsrecht, das alle Formen von Regenbogenfamilien anerkennt und absichert.<\/p>\n<p>Bereits am Freitagabend wurde die \u00abCologne Pride Show\u00bb in der Lanxess Arena gefeiert. Dort traten u.a. die Schlagers\u00e4ngerinnen Kerstin Ott und Michelle sowie der Comedian und <a href=\"https:\/\/mannschaft.com\/2020\/06\/30\/marcel-mann-musterung-maenner-in-uniform\/\" target=\"_blank\" rel=\"noopener noreferrer\">MANNSCHAFT-Kolumnist Marcel Mann<\/a> auf.<\/p>\n<p>Der Veranstalter der Cologne Pride, der Verein KLuST, hatte Anfang des Jahres f\u00fcr heftige Kritik gesorgt, weil man unter dem Motto \u00abEinigkeit! Recht! Freiheit!\u00bb demonstrieren wollte. Stattdessen entschied man sich in K\u00f6ln f\u00fcr ein anderes Motto <a href=\"https:\/\/mannschaft.com\/2020\/01\/20\/cologne-pride-2020-zieht-umstrittenes-motto-zurueck\/\" target=\"_blank\" rel=\"noopener noreferrer\">(MANNSCHAFT berichtete)<\/a>.<\/p>\n","protected":false},"excerpt":{"rendered":"<p>Die grosse Demo zur Cologne Pride war im Juli ausgefallen. Nun fanden am Wochenende unter Hygieneregeln verschiedene Veranstaltungen statt; zur Fahrrad-Sternfahrt kamen 2.000 Teilnehmer*innen. <a class=\"g1-link g1-link-more\" href=\"https:\/\/alte.mannschaft.lgbt\/bimber\/corona-schrumpft-demo-zur-cologne-pride-auf-2000-menschen\/\">Weiterlesen<\/a><\/p>\n","protected":false},"author":1,"featured_media":93841,"comment_status":"closed","ping_status":"closed","sticky":false,"template":"","format":"standard","meta":[],"categories":[3],"tags":[5467,5544],"wps_subtitle":"Verschiedene Fahrrad-Gruppen waren getrennt in K\u00f6ln unterwegs","_links":{"self":[{"href":"https:\/\/alte.mannschaft.lgbt\/bimber\/wp-json\/wp\/v2\/posts\/93840"}],"collection":[{"href":"https:\/\/alte.mannschaft.lgbt\/bimber\/wp-json\/wp\/v2\/posts"}],"about":[{"href":"https:\/\/alte.mannschaft.lgbt\/bimber\/wp-json\/wp\/v2\/types\/post"}],"author":[{"embeddable":true,"href":"https:\/\/alte.mannschaft.lgbt\/bimber\/wp-json\/wp\/v2\/users\/1"}],"replies":[{"embeddable":true,"href":"https:\/\/alte.mannschaft.lgbt\/bimber\/wp-json\/wp\/v2\/comments?post=93840"}],"version-history":[{"count":0,"href":"https:\/\/alte.mannschaft.lgbt\/bimber\/wp-json\/wp\/v2\/posts\/93840\/revisions"}],"wp:featuredmedia":[{"embeddable":true,"href":"https:\/\/alte.mannschaft.lgbt\/bimber\/wp-json\/wp\/v2\/media\/93841"}],"wp:attachment":[{"href":"https:\/\/alte.mannschaft.lgbt\/bimber\/wp-json\/wp\/v2\/media?parent=93840"}],"wp:term":[{"taxonomy":"category","embeddable":true,"href":"https:\/\/alte.mannschaft.lgbt\/bimber\/wp-json\/wp\/v2\/categories?post=93840"},{"taxonomy":"post_tag","embeddable":true,"href":"https:\/\/alte.mannschaft.lgbt\/bimber\/wp-json\/wp\/v2\/tags?post=93840"}],"curies":[{"name":"wp","href":"https:\/\/api.w.org\/{rel}","templated":true}]}}