{"id":93795,"date":"2020-10-10T08:01:18","date_gmt":"2020-10-10T06:01:18","guid":{"rendered":"https:\/\/mannschaft.com\/?p=93795"},"modified":"2020-10-10T08:23:24","modified_gmt":"2020-10-10T06:23:24","slug":"cdu-politiker-fordern-jens-spahn-kandidatur-fuer-parteivorsitz","status":"publish","type":"post","link":"https:\/\/alte.mannschaft.lgbt\/bimber\/cdu-politiker-fordern-jens-spahn-kandidatur-fuer-parteivorsitz\/","title":{"rendered":"CDU-Politiker fordern Spahn-Kandidatur f\u00fcr Parteivorsitz"},"content":{"rendered":"<h3>Anfang Dezember wird beim 33. Parteitag der CDU ein neuer Vorsitzender gew\u00e4hlt: die Kandidaten sind Armin Laschet, Friedrich Merz und Norbert R\u00f6ttgen. Nun werden in der Partei Stimmen laut, die nach Jens Spahn rufen.<\/h3>\n<p>Dass sich Bundesgesundheitsminister Jens Spahn zur Wahl stellt, fordert u.a. Olav Gutting, CDU-Vorstandsmitglied und Bundestagsabgeordneter aus Schwetzingen. Dem <a href=\"https:\/\/www.spiegel.de\/politik\/deutschland\/jens-spahn-cdu-politiker-fordern-kanzler-kandidatur-a-00000000-0002-0001-0000-000173444506\" target=\"_blank\" rel=\"noopener noreferrer\"><em>Spiegel<\/em><\/a> sagte er: \u00abIch w\u00fcrde mich mit vielen anderen freuen, wenn Jens Spahn zur Wahl st\u00fcnde.\u00bb Das sieht auch der Magdeburger CDU-Mann Tino Sorge so, ebenso wie Michael Hennrich, CDU-Abgeordneter aus N\u00fcrtingen, der findet: \u00abJens Spahn w\u00fcrde gemeinsam mit Markus S\u00f6der f\u00fcr einen echten Generationenwechsel stehen.\u00bb S\u00f6der solle nach diesem Szenario Kanzler werden.<\/p>\n<blockquote class=\"wp-embedded-content\" data-secret=\"Q8plhAiwmB\"><p><a href=\"https:\/\/mannschaft.com\/2020\/10\/07\/petra-de-sutter-wird-belgiens-erste-trans-ministerin\/\">Petra de Sutter wird Belgiens erste trans Ministerin<\/a><\/p><\/blockquote>\n<p><iframe class=\"wp-embedded-content\" sandbox=\"allow-scripts\" security=\"restricted\" style=\"position: absolute; clip: rect(1px, 1px, 1px, 1px);\" title=\"&#8222;Petra de Sutter wird Belgiens erste trans Ministerin&#8220; &#8212; Mannschaft Magazin\" src=\"https:\/\/mannschaft.com\/2020\/10\/07\/petra-de-sutter-wird-belgiens-erste-trans-ministerin\/embed\/#?secret=Q8plhAiwmB\" data-secret=\"Q8plhAiwmB\" width=\"600\" height=\"338\" frameborder=\"0\" marginwidth=\"0\" marginheight=\"0\" scrolling=\"no\"><\/iframe><\/p>\n<p>Das ist insofern spannend, als Spahn aufgrund seiner Homosexualit\u00e4t zu Beginn seiner Karriere in seiner Partei ausgebremst werden sollte. 2001 wollte er im Wahlkreis Borken I im M\u00fcnsterland f\u00fcr den Bundestag kandidieren. Doch seine Gegner wollten ihn bei der Vorstellungsrunde outen <a href=\"https:\/\/mannschaft.com\/2018\/09\/17\/parteifreunde-wollten-jens-spahn-cdu-outen\/\" target=\"_blank\" rel=\"noopener noreferrer\">(MANNSCHAFT berichtete)<\/a>.<\/p>\n<p>Knapp 20 Jahre sp\u00e4ter hat sich das Blatt offenbar gewendet. Auch f\u00fcr den Mannheimer CDU-Abgeordnete Nikolas Lo\u0308bel. Die drei Kandidaten seien zwar \u00abrespektable und gestandene Pers\u00f6nlichkeiten\u00bb, aber keiner von ihnen stehe glaubhaft f\u00fcr Aufbruch und Erneuerung. Spahn dagegen habe nach der Kanzlerin die derzeit besten Umfragewerte. Laut L\u00f6bel k\u00f6nne das f\u00fcr die Partei \u00abein Wink mit dem Zaunpfahl\u00bb sein, statt den drei Kandidaten einen \u00abKonsenskandidaten\u00bb zu k\u00fcren.<\/p>\n<blockquote class=\"wp-embedded-content\" data-secret=\"pummikM0w0\"><p><a href=\"https:\/\/mannschaft.com\/2020\/09\/25\/lgbtiq-news-deck-dich-mit-der-neuen-mannschaft-ein\/\">Happy Herbst! Deck dich mit der neuen MANNSCHAFT ein<\/a><\/p><\/blockquote>\n<p><iframe class=\"wp-embedded-content\" sandbox=\"allow-scripts\" security=\"restricted\" style=\"position: absolute; clip: rect(1px, 1px, 1px, 1px);\" title=\"&#8222;Happy Herbst! Deck dich mit der neuen MANNSCHAFT ein&#8220; &#8212; Mannschaft Magazin\" src=\"https:\/\/mannschaft.com\/2020\/09\/25\/lgbtiq-news-deck-dich-mit-der-neuen-mannschaft-ein\/embed\/#?secret=pummikM0w0\" data-secret=\"pummikM0w0\" width=\"600\" height=\"338\" frameborder=\"0\" marginwidth=\"0\" marginheight=\"0\" scrolling=\"no\"><\/iframe><\/p>\n<p>2018 hatte Spahn schon einmal kandidiert und nur knapp 16 Prozent der Stimmen erhalten. Damals war Annegret Kramp-Karrenbauer zur CDU-Chefin gew\u00e4hlt worden, die aber im Fr\u00fchjahr dieses Jahres ihren R\u00fccktritt angek\u00fcndigt hatte <a href=\"https:\/\/mannschaft.com\/2020\/02\/10\/akk-ruecktritt-als-cdu-chefin\/\" target=\"_blank\" rel=\"noopener noreferrer\">(MANNSCHAFT berichtete).<\/a><\/p>\n<p>Spahn unterstu\u0308tzt bislang Armin Laschet, den Ministerpr\u00e4sidenten aus Nordrhein-Westfalen \u2013 dem gr\u00f6ssten Bundesland, wo auch der m\u00e4chtigste CDU-Landesverband sitzt. Laschet aber wolle laut <em>Spiegel<\/em> von einem Rollentausch mit dem Minister nichts wissen.. Spahn wiederum meint aber: \u00abWer sich fu\u0308r den CDU-Vorsitz bewirbt, muss den Anspruch haben, Kanzlerkandidat der Union zu werden.\u00bb Ob er diesen Anspruch aktuell hat, bleibt aber noch offen.<\/p>\n<p>In der Bev\u00f6lkerung haben viele Menschen offenbar immer noch Probleme mit der Homosexualit\u00e4t Spahns. Ende August wurde der Bundesgesundheitsminister nach einem Wahlkampfauftritt in Bergisch Gladbach bei dem Versuch, mit aufgebrachten Gegnern der Corona-Massnahmen zu sprechen, angespuckt und beleidigt worden \u2013 u.a. als \u00abschwule Sau\u00bb <a href=\"https:\/\/mannschaft.com\/2020\/08\/31\/akk-verurteilt-schwulenfeindliche-beleidigung-von-jens-spahn\/\" target=\"_blank\" rel=\"noopener noreferrer\">(MANNSCHAFT berichtete)<\/a>.\u00a0 Nun ermittelt die Staatsanwaltschaft <a href=\"https:\/\/mannschaft.com\/2020\/09\/25\/als-schwule-sau-beschimpft-staatsanwaltschaft-ermittelt\/\" target=\"_blank\" rel=\"noopener noreferrer\">(MANNSCHAFT berichtete)<\/a>.<\/p>\n<p>Und auch Friedrich Merz, der im Dezember Parteichef werden will, hat offenbar seine Probleme mit Homosexuellen. Er hatte k\u00fcrzlich erkl\u00e4rt, die sexuelle Orientierung gehe die \u00d6ffentlichkeit nichts an, \u00absolange sich das im Rahmen der Gesetze bewegt und solange es nicht Kinder betrifft. An der Stelle ist f\u00fcr mich allerdings eine absolute Grenze erreicht\u00bb <a href=\"https:\/\/mannschaft.com\/2020\/09\/21\/merz-erntet-shitstorm-schwul-und-paedophil-gleichgesetzt\/\" target=\"_blank\" rel=\"noopener noreferrer\">(MANNSCHAFT berichtete)<\/a>.<\/p>\n","protected":false},"excerpt":{"rendered":"<p>Anfang Dezember wird beim Parteitag der CDU ein neuer Vorsitzender gew\u00e4hlt: Die Kandidaten sind Armin Laschet, Friedrich Merz und Norbert R\u00f6ttgen. Nun werden in der Partei Stimmen laut, die nach Jens Spahn rufen. <a class=\"g1-link g1-link-more\" href=\"https:\/\/alte.mannschaft.lgbt\/bimber\/cdu-politiker-fordern-jens-spahn-kandidatur-fuer-parteivorsitz\/\">Weiterlesen<\/a><\/p>\n","protected":false},"author":3,"featured_media":92503,"comment_status":"closed","ping_status":"closed","sticky":false,"template":"","format":"standard","meta":[],"categories":[3],"tags":[2885,65,5544],"wps_subtitle":"Die drei Bewerber Merz, Laschet und R\u00f6ttgen st\u00fcnden nicht f\u00fcr einen Neuanfang, sagen die Fans des Gesundheitsministers","_links":{"self":[{"href":"https:\/\/alte.mannschaft.lgbt\/bimber\/wp-json\/wp\/v2\/posts\/93795"}],"collection":[{"href":"https:\/\/alte.mannschaft.lgbt\/bimber\/wp-json\/wp\/v2\/posts"}],"about":[{"href":"https:\/\/alte.mannschaft.lgbt\/bimber\/wp-json\/wp\/v2\/types\/post"}],"author":[{"embeddable":true,"href":"https:\/\/alte.mannschaft.lgbt\/bimber\/wp-json\/wp\/v2\/users\/3"}],"replies":[{"embeddable":true,"href":"https:\/\/alte.mannschaft.lgbt\/bimber\/wp-json\/wp\/v2\/comments?post=93795"}],"version-history":[{"count":0,"href":"https:\/\/alte.mannschaft.lgbt\/bimber\/wp-json\/wp\/v2\/posts\/93795\/revisions"}],"wp:featuredmedia":[{"embeddable":true,"href":"https:\/\/alte.mannschaft.lgbt\/bimber\/wp-json\/wp\/v2\/media\/92503"}],"wp:attachment":[{"href":"https:\/\/alte.mannschaft.lgbt\/bimber\/wp-json\/wp\/v2\/media?parent=93795"}],"wp:term":[{"taxonomy":"category","embeddable":true,"href":"https:\/\/alte.mannschaft.lgbt\/bimber\/wp-json\/wp\/v2\/categories?post=93795"},{"taxonomy":"post_tag","embeddable":true,"href":"https:\/\/alte.mannschaft.lgbt\/bimber\/wp-json\/wp\/v2\/tags?post=93795"}],"curies":[{"name":"wp","href":"https:\/\/api.w.org\/{rel}","templated":true}]}}