{"id":93702,"date":"2020-10-09T14:33:49","date_gmt":"2020-10-09T12:33:49","guid":{"rendered":"https:\/\/mannschaft.com\/?p=93702"},"modified":"2024-09-23T15:30:14","modified_gmt":"2024-09-23T13:30:14","slug":"david-miranda-der-hoffnungstraeger-aus-der-favela","status":"publish","type":"post","link":"https:\/\/alte.mannschaft.lgbt\/bimber\/david-miranda-der-hoffnungstraeger-aus-der-favela\/","title":{"rendered":"David Miranda \u2013 Der schwule Hoffnungstr\u00e4ger aus der Favela"},"content":{"rendered":"<h3>David Miranda k\u00e4mpft f\u00fcr die Queers, f\u00fcr die Schwarzen und f\u00fcr die Armen. In Brasilien gegen die politische Elite anzutreten ist jedoch aufreibend, unter dem rechtsextremen Pr\u00e4sidenten Bolsonaro sogar lebensgef\u00e4hrlich. Das kriegte der 35-J\u00e4hrige bereits am eigenen Leibe zu sp\u00fcren. Nach einem filmreifen Aufstieg aus dem Armenviertel setzt sich der Politiker nun f\u00fcr ein progressives und gerechteres Land ein.<\/h3>\n<p>Text: Ruth Eisenreich<\/p>\n<p>Als David Miranda am sp\u00e4ten Nachmittag der Pride Parade von S\u00e3o Paulo, der angeblich gr\u00f6ssten Pride der Welt, oben auf einem Wagen steht, da wirkt er endlich wieder entspannt. Seine Rede hat er hinter sich gebracht, die Regenbogenfahne auf seiner Wange ist verwischt, der Bart voll Glitzer vom vielen Gedr\u00fccktwerden. Miranda tanzt, lacht, h\u00fcpft, er winkt den Menschen da unten, die ihm zukreischen, wirft ihnen Kussh\u00e4nde zur\u00fcck. Er zittert nicht mehr wie am Vorabend im Auto. Drei der vier Leibw\u00e4chter, die den ganzen Tag an ihm klebten und nerv\u00f6s die Menge scannten, sind gar nicht erst mit auf den Wagen gestiegen, und selbst der Oberleibw\u00e4chter gibt ihm jetzt ein bisschen Freiraum. Es scheint, als sei es ihm endlich gelungen, f\u00fcr einen Moment die Morddrohungen zu vergessen, die homophoben Beschimpfungen und die Tatsache, dass der Staatspr\u00e4sident h\u00f6chstpers\u00f6nlich Verschw\u00f6rungstheorien \u00fcber ihn verbreitet.<\/p>\n<p>Es ist Juni 2019. Der Pr\u00e4sident von Brasilien heisst Jair Bolsonaro und ist zu diesem Zeitpunkt seit einem halben Jahr im Amt <a href=\"https:\/\/mannschaft.com\/2018\/10\/29\/homohasser-jair-bolsonaro-regiert-kuenftig-brasilien\/\" target=\"_blank\" rel=\"noopener noreferrer\">(MANNSCHAFT berichtete)<\/a>. Er ist ein Mann, der die Milit\u00e4rdiktatur verherrlicht und vor der Wahl \u00abdiesen roten Kriminellen\u00bb drohte, sie w\u00fcrden \u00abentweder ins Ausland gehen oder in den Knast\u00bb. Der gesagt hat, die Quilombolas\u202f\u2013 die Nachfahren gefl\u00fcchteter und freigelassener Sklav*innen \u2013 \u00abtaugen nicht mal mehr zur Fortpflanzung\u00bb. Der Homosexualit\u00e4t mit P\u00e4dophilie in Verbindung bringt und Eltern riet, ihren S\u00f6hnen das Schwulsein mit einer Tracht Pr\u00fcgel auszutreiben. \u00abMir w\u00e4re es lieber, dass einer meiner S\u00f6hne bei einem Unfall stirbt, als dass er hier mit einem Schnurrb\u00e4rtigen auftaucht\u00bb, hat er einmal gesagt<a href=\"https:\/\/mannschaft.com\/2019\/04\/26\/brasilien-darf-kein-schwules-tourismusparadies-werden\/\" target=\"_blank\" rel=\"noopener noreferrer\"> (MANNSCHAFT berichtete).<\/a><\/p>\n<p>Nach seinem Amtsantritt lockerte Bolsonaro die Waffengesetze, k\u00fcrzte das Bildungsbudget \u2013 ausser f\u00fcr Milit\u00e4rschulen \u2013 und l\u00f6ste die staatliche Arbeitsgruppe zur Bek\u00e4mpfung von Folter auf. Als die Corona-Pandemie Brasilien erreichte, nannte er Covid-19 ein \u00abGrippchen\u00bb und antwortete auf eine Frage nach der hohen Zahl an Todesopfern: \u00abNa und? Es tut mir leid, aber was soll ich tun?\u00bb Bis Mitte August 2020 verzeichnete das 212-Millionen-Einwohner-Land 3,5 Millionen Corona-Infektionen und 110\u2009000 Todesf\u00e4lle. Jede vierte LGBTIQ-Person hat aufgrund der Pandemie ihr Einkommen verloren <a href=\"https:\/\/mannschaft.com\/2020\/06\/29\/corona-krise-trifft-in-brasilien-vor-allem-lgbtiq\/\">(MANNSCHAFT berichtete)<\/a>.<\/p>\n<figure id=\"attachment_93727\" aria-describedby=\"caption-attachment-93727\" class=\"wp-caption aligncenter\"><a href=\"https:\/\/mannschaft.com\/bimber\/wp-content\/uploads\/2020\/10\/david-miranda-ruth-eisenreich.jpg\"><img data-expand=\"600\" decoding=\"async\" loading=\"lazy\" class=\"lazyload size-full wp-image-93727\" src=\"data:image\/svg+xml;charset=utf-8,%3Csvg xmlns%3D'http%3A%2F%2Fwww.w3.org%2F2000%2Fsvg' viewBox%3D'0 0 1200 800'%2F%3E\" data-src=\"https:\/\/mannschaft.com\/bimber\/wp-content\/uploads\/2020\/10\/david-miranda-ruth-eisenreich.jpg\" alt=\"\" width=\"1200\" height=\"800\" data-srcset=\"https:\/\/alte.mannschaft.lgbt\/bimber\/wp-content\/uploads\/2020\/10\/david-miranda-ruth-eisenreich.jpg 1200w, https:\/\/alte.mannschaft.lgbt\/bimber\/wp-content\/uploads\/2020\/10\/david-miranda-ruth-eisenreich-300x200.jpg 300w, https:\/\/alte.mannschaft.lgbt\/bimber\/wp-content\/uploads\/2020\/10\/david-miranda-ruth-eisenreich-425x283.jpg 425w, https:\/\/alte.mannschaft.lgbt\/bimber\/wp-content\/uploads\/2020\/10\/david-miranda-ruth-eisenreich-768x512.jpg 768w, https:\/\/alte.mannschaft.lgbt\/bimber\/wp-content\/uploads\/2020\/10\/david-miranda-ruth-eisenreich-180x120.jpg 180w, https:\/\/alte.mannschaft.lgbt\/bimber\/wp-content\/uploads\/2020\/10\/david-miranda-ruth-eisenreich-561x374.jpg 561w, https:\/\/alte.mannschaft.lgbt\/bimber\/wp-content\/uploads\/2020\/10\/david-miranda-ruth-eisenreich-1122x748.jpg 1122w, https:\/\/alte.mannschaft.lgbt\/bimber\/wp-content\/uploads\/2020\/10\/david-miranda-ruth-eisenreich-364x243.jpg 364w, https:\/\/alte.mannschaft.lgbt\/bimber\/wp-content\/uploads\/2020\/10\/david-miranda-ruth-eisenreich-728x485.jpg 728w, https:\/\/alte.mannschaft.lgbt\/bimber\/wp-content\/uploads\/2020\/10\/david-miranda-ruth-eisenreich-608x405.jpg 608w, https:\/\/alte.mannschaft.lgbt\/bimber\/wp-content\/uploads\/2020\/10\/david-miranda-ruth-eisenreich-758x505.jpg 758w, https:\/\/alte.mannschaft.lgbt\/bimber\/wp-content\/uploads\/2020\/10\/david-miranda-ruth-eisenreich-1152x768.jpg 1152w, https:\/\/alte.mannschaft.lgbt\/bimber\/wp-content\/uploads\/2020\/10\/david-miranda-ruth-eisenreich-72x48.jpg 72w, https:\/\/alte.mannschaft.lgbt\/bimber\/wp-content\/uploads\/2020\/10\/david-miranda-ruth-eisenreich-144x96.jpg 144w, https:\/\/alte.mannschaft.lgbt\/bimber\/wp-content\/uploads\/2020\/10\/david-miranda-ruth-eisenreich-313x209.jpg 313w, https:\/\/alte.mannschaft.lgbt\/bimber\/wp-content\/uploads\/2020\/10\/david-miranda-ruth-eisenreich-400x267.jpg 400w\" data-sizes=\"(max-width: 1200px) 100vw, 1200px\" \/><\/a><figcaption id=\"caption-attachment-93727\" class=\"wp-caption-text\">David Miranda bei der S\u00e3o Paulo Pride 2019.(Foto: Ruth Eisenreich)<\/figcaption><\/figure>\n<p><strong>Gegen den Strom schwimmen<\/strong><br \/>\nEs gibt das ultrakonservative Brasilien, das Bolsonaro noch immer bejubelt. Aber es gibt auch ein anderes, ein linkes, ein progressives Brasilien. Manche Progressive haben nach Bolsonaros Wahlsieg resigniert \u2013 andere aber wurden erst recht aufger\u00fcttelt, sie sind laut und politisiert und entschlossen, gegen den Rechtsruck anzuk\u00e4mpfen.<\/p>\n<p>Mit an vorderster Front dieses Kampfes steht David Miranda. Der 35-J\u00e4hrige ist einer von zwei offen Homo- bzw. Bisexuellen unter 513 Abgeordneten in einem Land, in dem es im vergangenen Jahr fast einen homo- oder transphoben Mord pro Tag gab. Ein schwarzer Abgeordneter in einem Land, in dem Nicht-Weisse 56 Prozent der Bev\u00f6lkerung, aber nur ein Viertel der Parlamentarier*innen stellen. Und ein aus einem Armenviertel kommender Abgeordneter in einem Land, in dem Politiker*innen \u00fcblicherweise aus Politikerclans stammen.<\/p>\n<p>Der Nationalkongress in Bras\u00edlia, einer ab den F\u00fcnfzigerjahren mitten ins brasilianische Hochland geklotzten Planstadt, sieht von aussen futuristisch aus und von innen oft nur nach jenen F\u00fcnfzigerjahren. In den G\u00e4ngen von Nebengeb\u00e4ude III reihen sich schmucklose kleine Abgeordnetenb\u00fcros aneinander, Linoleumb\u00f6den, Glasfronten mit Lamellenvorh\u00e4ngen.<\/p>\n<p>Die ersten Wochen hier seien hart gewesen, sagt Miranda mit heiserer Stimme in seinem kahlen B\u00fcro im ersten Stock. Inzwischen aber f\u00fchle er sich wohl, er arbeite gut mit den Kolleg*innen der anderen Parteien zusammen. Er ist stolz darauf, dass er mit fast jedem reden k\u00f6nne, auch mit den S\u00f6hnen von Pr\u00e4sident Bolsonaro, auch mit ultrakonservativen evangelikalen Abgeordneten, mit Menschen also, die alles verachten, wof\u00fcr Miranda steht.<\/p>\n<p>Routiniert bewegt sich Miranda durch das Gewusel im Parlament, sch\u00fcttelt H\u00e4nde, klopft Schultern, verteilt K\u00fcsschen, gibt hier eine Unterschrift f\u00fcr eine Gesetzes\u00ad\u00e4nderung und verweigert dort eine andere, beantwortet im Gehen eine Meinungsumfrage und gibt dem Fragenden gleich noch Ratschl\u00e4ge, wie er die Umfrage ver\u00e4ndern solle. Miranda ist ein grosser, athletischer Mann, der weiss, dass er gut aussieht \u2013 im Karneval, schon als Abgeordneter, postet er ein Video auf Instagram, in dem er mit nacktem Oberk\u00f6rper und kreisenden H\u00fcften unter der Gartendusche tanzt. David Miranda hat ein Selbstbewusstsein, das manchmal an Arroganz grenzt, aber das verwundert nicht, wenn man seine Lebensgeschichte kennt.<\/p>\n<p><a id=\"HLiWPVyRQdRFpZf3s8iWEQ\" class=\"gie-single\" style=\"color: #a7a7a7; text-decoration: none; font-weight: normal !important; border: none; display: inline-block;\" href=\"http:\/\/www.gettyimages.ch\/detail\/1189246048\" target=\"_blank\" rel=\"noopener noreferrer\">Embed from Getty Images<\/a><script>window.gie=window.gie||function(c){(gie.q=gie.q||[]).push(c)};gie(function(){gie.widgets.load({id:'HLiWPVyRQdRFpZf3s8iWEQ',sig:'YaPeuWMvQrNWr01SA_mMWEmEVHQTORuUr5P9ma7XqgI=',w:'594px',h:'396px',items:'1189246048',caption: true ,tld:'ch',is360: false })});<\/script><script src='\/\/embed-cdn.gettyimages.com\/widgets.js' charset='utf-8' async><\/script><\/p>\n<p>Dass er jetzt hier ist, sich an das Rednerpult im Plenarsaal stellen und die Regierung korrupt nennen kann; dass er Gesetzesinitiativen einbringen kann, f\u00fcr ein Programm \u00abSchule ohne Diskriminierung\u00bb, f\u00fcr die Suizidpr\u00e4vention in der LGBTIQ-Bev\u00f6lkerung, f\u00fcr den Schutz von Menschen, die wegen ihrer sexuellen Orientierung oder Geschlechtsidentit\u00e4t Gewalt erfahren; dass Time Magazine ihn neben Greta Thunberg zu einem der \u00ab10 Next Generation Leaders of 2019\u00bb ernannt hat \u2013 das alles ist das vorl\u00e4ufige Ende einer m\u00e4rchenhaft anmutenden Aufstiegsgeschichte.<\/p>\n<blockquote><p>Es war ein langer Weg hierher.<\/p><\/blockquote>\n<p><strong>Das Waisenkind aus der Favela<\/strong><br \/>\nMiranda wird im Jacarezinho geboren, einer Favela im Norden Rio de Janeiros, 18 Kilometer entfernt von Touristenhotspots wie der Copacabana, dem Zuckerhut oder der Christusstatue. Seinen Vater lernt er nie kennen, seine Mutter stirbt, als er f\u00fcnf Jahre alt ist, er w\u00e4chst mit mehreren Halb- und Stiefgeschwistern bei seiner Tante Eliane auf, die er heute seine Mutter nennt. Sie arbeitet als Putzfrau.<\/p>\n<p>Er habe Gl\u00fcck gehabt, sagt er, dass seine Tante ihm eine gute Familienstruktur geboten habe, dass sich immer jemand um ihn k\u00fcmmerte, es immer etwas zu essen gab, dass er in die Schule gehen konnte. Oft habe er vor den Schiessereien der Drogenbanden davonlaufen m\u00fcssen oder vor den Racheaktionen der Polizei; als er das erste Mal einen Toten auf der Strasse liegen sah, sagt er, sei er acht Jahre alt gewesen. Manche seiner Br\u00fcder habe er seit der Kindheit nicht mehr gesehen, von einem wisse er nur, dass er auf der Strasse gelandet sei. Zugleich, betont Miranda, konnte er als kleiner Junge im Jacarezinho auf der Strasse herumlaufen und Fussball spielen, kennt alle Nachbar*innen in den umliegenden Gassen.<\/p>\n<p>Mit neun Jahren, erz\u00e4hlt Miranda, beginnt er f\u00fcr einen Zahnarzt Flyer zu verteilen, arbeitet dann als Verk\u00e4ufer in einer Videothek, wird gefeuert, nachdem er ein Videospiel geklaut hat. Mit 13 haut er nach einem Streit mit seiner Tante von zu Hause ab, schl\u00e4gt sich zu Fuss zu einer befreundeten Familie durch, schl\u00e4ft unterwegs ein oder zwei N\u00e4chte auf der Strasse, w\u00fchlt im M\u00fcll von McDonald\u2019s nach Essen und bettelt Passant*innen um Geld an, um Batterien f\u00fcr seinen Gameboy zu kaufen.<\/p>\n<p>Er erz\u00e4hlt das nicht als schlimme Episode, sondern als ein Abenteuer. Was w\u00fcrde der zw\u00f6lfj\u00e4hrige David sagen, wenn er den erwachsenen David heute hier im Parlament s\u00e4he? \u00abNossa, ich glaube, er w\u00e4re sehr stolz auf mich.\u00bb Und \u00fcberrascht? \u00abNein\u00bb, sagt David Miranda, er lacht und f\u00fcgt an: \u00abIch weiss es nicht, wahrscheinlich schon. Es war ein langer Weg hierher.\u00bb<\/p>\n<p><strong>Eine schicksalhafte Begegnung am Strand<\/strong><br \/>\nDer Weg beginnt im Februar 2005, mit einer Episode, die mehr nach schlechter Hollywood-Romanze klingt als nach dem echten Leben. Miranda, damals 19, spielt mit ein paar Freunden Ball am Strand von Ipanema und wirft den Caipirinha eines US-amerikanischen Touristen um. Er entschuldigt sich, die beiden kommen ins Gespr\u00e4ch. Heute sind sie verheiratet und leben mit ihren adoptierten S\u00f6hnen \u2013 zwei Br\u00fcdern aus einem Waisenhaus im armen Nordosten des Landes \u2013 und 25 geretteten Strassenhunden in einem Haus mit Garten in Rio.<\/p>\n<blockquote class=\"instagram-media\" style=\"background: #FFF; border: 0; border-radius: 3px; box-shadow: 0 0 1px 0 rgba(0,0,0,0.5),0 1px 10px 0 rgba(0,0,0,0.15); margin: 1px; max-width: 540px; min-width: 326px; padding: 0; width: calc(100% - 2px);\" data-instgrm-captioned=\"\" data-instgrm-permalink=\"https:\/\/www.instagram.com\/p\/CFx1fCugN2b\/?utm_source=ig_embed&amp;utm_campaign=loading\" data-instgrm-version=\"12\">\n<div style=\"padding: 16px;\">\n<p>&nbsp;<\/p>\n<div style=\"display: flex; flex-direction: row; align-items: center;\">\n<div style=\"background-color: #f4f4f4; border-radius: 50%; flex-grow: 0; height: 40px; margin-right: 14px; width: 40px;\"><\/div>\n<div style=\"display: flex; flex-direction: column; flex-grow: 1; justify-content: center;\">\n<div style=\"background-color: #f4f4f4; border-radius: 4px; flex-grow: 0; height: 14px; margin-bottom: 6px; width: 100px;\"><\/div>\n<div style=\"background-color: #f4f4f4; border-radius: 4px; flex-grow: 0; height: 14px; width: 60px;\"><\/div>\n<\/div>\n<\/div>\n<div style=\"padding: 19% 0;\"><\/div>\n<div style=\"display: block; height: 50px; margin: 0 auto 12px; width: 50px;\"><\/div>\n<div style=\"padding-top: 8px;\">\n<div style=\"color: #3897f0; font-family: Arial,sans-serif; font-size: 14px; font-style: normal; font-weight: 550; line-height: 18px;\">Sieh dir diesen Beitrag auf Instagram an<\/div>\n<\/div>\n<div style=\"padding: 12.5% 0;\"><\/div>\n<div style=\"display: flex; flex-direction: row; margin-bottom: 14px; align-items: center;\">\n<div>\n<div style=\"background-color: #f4f4f4; border-radius: 50%; height: 12.5px; width: 12.5px; transform: translateX(0px) translateY(7px);\"><\/div>\n<div style=\"background-color: #f4f4f4; height: 12.5px; transform: rotate(-45deg) translateX(3px) translateY(1px); width: 12.5px; flex-grow: 0; margin-right: 14px; margin-left: 2px;\"><\/div>\n<div style=\"background-color: #f4f4f4; border-radius: 50%; height: 12.5px; width: 12.5px; transform: translateX(9px) translateY(-18px);\"><\/div>\n<\/div>\n<div style=\"margin-left: 8px;\">\n<div style=\"background-color: #f4f4f4; border-radius: 50%; flex-grow: 0; height: 20px; width: 20px;\"><\/div>\n<div style=\"width: 0; height: 0; border-top: 2px solid transparent; border-left: 6px solid #f4f4f4; border-bottom: 2px solid transparent; transform: translateX(16px) translateY(-4px) rotate(30deg);\"><\/div>\n<\/div>\n<div style=\"margin-left: auto;\">\n<div style=\"width: 0px; border-top: 8px solid #F4F4F4; border-right: 8px solid transparent; transform: translateY(16px);\"><\/div>\n<div style=\"background-color: #f4f4f4; flex-grow: 0; height: 12px; width: 16px; transform: translateY(-4px);\"><\/div>\n<div style=\"width: 0; height: 0; border-top: 8px solid #F4F4F4; border-left: 8px solid transparent; transform: translateY(-4px) translateX(8px);\"><\/div>\n<\/div>\n<\/div>\n<p>&nbsp;<\/p>\n<p style=\"margin: 8px 0 0 0; padding: 0 4px;\"><a style=\"color: #000; font-family: Arial,sans-serif; font-size: 14px; font-style: normal; font-weight: normal; line-height: 17px; text-decoration: none; word-wrap: break-word;\" href=\"https:\/\/www.instagram.com\/p\/CFx1fCugN2b\/?utm_source=ig_embed&amp;utm_campaign=loading\" target=\"_blank\" rel=\"noopener noreferrer\">Fam\u00edlia \u2764<\/a><\/p>\n<p style=\"color: #c9c8cd; font-family: Arial,sans-serif; font-size: 14px; line-height: 17px; margin-bottom: 0; margin-top: 8px; overflow: hidden; padding: 8px 0 7px; text-align: center; text-overflow: ellipsis; white-space: nowrap;\">Ein Beitrag geteilt von <a style=\"color: #c9c8cd; font-family: Arial,sans-serif; font-size: 14px; font-style: normal; font-weight: normal; line-height: 17px;\" href=\"https:\/\/www.instagram.com\/davidmirandario\/?utm_source=ig_embed&amp;utm_campaign=loading\" target=\"_blank\" rel=\"noopener noreferrer\"> David Miranda<\/a> (@davidmirandario) am <time style=\"font-family: Arial,sans-serif; font-size: 14px; line-height: 17px;\" datetime=\"2020-09-30T23:12:35+00:00\">Sep 30, 2020 um 4:12 PDT<\/time><\/p>\n<\/div>\n<\/blockquote>\n<p><script async src=\"\/\/www.instagram.com\/embed.js\"><\/script><\/p>\n<p>Der Mann mit dem Caipirinha heisst Glenn Greenwald, ist 18 Jahre \u00e4lter als Miranda und Anwalt in New York. Er zieht damals nach Rio, beginnt zu bloggen, macht sich bald einen Namen als Journalist. Miranda organisiert seine Termine, k\u00fcmmert sich um Vertr\u00e4ge und Rechnungen und beginnt mit 26 ein Marketingstudium an einer Privatuniversit\u00e4t, um Greenwalds Karriere professioneller managen zu k\u00f6nnen.<\/p>\n<p>Dann, im Jahr 2013, spielt der Whistleblower Edward Snowden Greenwald Dokumente zu, die zeigen, wie der US-Geheimdienst NSA in bisher ungekanntem Ausmass die weltweite digitale Kommunikation \u00fcberwacht. Mit seinen Ver\u00f6ffentlichungen wird Greenwald weltber\u00fchmt. Auch David Miranda landet international in den Schlagzeilen: Als er mit einer verschl\u00fcsselten Festplatte im Gep\u00e4ck von Berlin \u00fcber London nach Rio de Janeiro reisen will, wird er am Flughafen Heathrow neun Stunden lang von der britischen Polizei festgehalten und verh\u00f6rt.<\/p>\n<div>\n<p><a id=\"GrDi_XoSScZfMB5VcXZbCg\" class=\"gie-single\" style=\"color: #a7a7a7; text-decoration: none; font-weight: normal !important; border: none; display: inline-block;\" href=\"http:\/\/www.gettyimages.ch\/detail\/1163949903\" target=\"_blank\" rel=\"noopener noreferrer\">Embed from Getty Images<\/a><script>window.gie=window.gie||function(c){(gie.q=gie.q||[]).push(c)};gie(function(){gie.widgets.load({id:'GrDi_XoSScZfMB5VcXZbCg',sig:'ooKE5iVr3mv0OAwwnJWxQr4h6C9oUbsymERLYl8fOUU=',w:'594px',h:'397px',items:'1163949903',caption: false ,tld:'ch',is360: false })});<\/script><script src='\/\/embed-cdn.gettyimages.com\/widgets.js' charset='utf-8' async><\/script><\/p>\n<p>David Miranda mit seinem Partner, dem US-amerikanischen Journalisten Glenn Greenwald.<\/p>\n<\/div>\n<p>&nbsp;<\/p>\n<p><strong>Politisches Blut geleckt\u2009.\u2009.\u2009.<\/strong><br \/>\nDass die Welt ihn damals als einen naiven jungen Kerl wahrnimmt, der vom ber\u00fchmten Journalisten als Kurier eingespannt wurde, hat ihn offenbar nachhaltig gekr\u00e4nkt. Wenn er heute von dieser Zeit spricht, verwendet er konsequent die Wir-Form: \u00abAls wir die Snowden-Dokumente ver\u00f6ffentlicht haben\u2009.\u2009.\u2009. \u00bb<\/p>\n<blockquote><p>Ich sah, wie die brasilianische Gesellschaft kollabiert. Ich sah die steigende Gewalt und die Menschen ohne Arbeit oder Gesundheitsversorgung.\u00bb<\/p><\/blockquote>\n<p>Miranda startet eine Kampagne, er will, dass Brasilien Snowden Asyl gew\u00e4hrt. Und er beginnt sich f\u00fcr die brasilianische Politik zu interessieren. Damals wachsen in Brasilien Demonstrationen gegen eine Erh\u00f6hung der U-Bahn-Ticketpreise zu Massenprotesten an. \u00ab2013 war ein Bruch\u00bb, sagt David Miranda. \u00abIch sah, wie die brasilianische Gesellschaft kollabiert, ich sah die steigende Gewalt und die Menschen, die keine Arbeit und keine Gesundheitsversorgung hatten. Ich hatte das Gef\u00fchl, ich muss etwas tun.\u00bb<\/p>\n<p>Ungef\u00e4hr bis dahin, sagt er, habe er an die Erz\u00e4hlung geglaubt, dass jeder es nach oben schaffen k\u00f6nne \u2013 ihm selbst war das schliesslich auch gelungen. \u00abAber ich bin eine Anomalie, etwas ausserhalb der Kurve.\u00bb Brasilien ist eines der L\u00e4nder mit der gr\u00f6ssten sozialen Ungleichheit weltweit, bei der Einkommensverteilung schneidet es noch schlechter ab als die USA. Im Kapitalismus w\u00fcrden die, die oben sind, immer weiter gewinnen, sagt Miranda, die unten h\u00e4tten kaum eine Chance, \u00abund man benutzt Leute wie mich, um zu sagen: Schau doch, David hat es geschafft, also kannst du das auch.\u00bb<\/p>\n<p>Er beginnt damals, sich politisch zu engagieren, gr\u00fcndet gemeinsam mit der Jugendorganisation Juntos (\u00abZusammen\u00bb) ein Jugendzentrum in Rio, tritt der kleinen linken Partei PSOL (\u00abPartei Sozialismus und Freiheit\u00bb) bei. 2016 wird Miranda in den Stadtrat von Rio de Janeiro gew\u00e4hlt. Dort setzt er unter anderem durch, dass trans Menschen in der Kommunikation mit offiziellen Stellen ihren gew\u00e4hlten Namen verwenden d\u00fcrfen, und schreibt an einem Gesetz mit, wonach die Stadt die Geh\u00e4lter und Pensionen ihrer Angestellten bezahlen muss, bevor der B\u00fcrgermeister seinen Lohn erh\u00e4lt.<\/p>\n<p><strong>Mit der Macht-Elite ist nicht zu spassen<\/strong><br \/>\nIn dieser Zeit beginnt Miranda, bis dahin vor allem LGBTIQ-Aktivist, sich auch st\u00e4rker mit seiner Herkunft und Hautfarbe zu identifizieren, er l\u00e4sst seine Haare nun nat\u00fcrlich wachsen, statt sie wie bisher zu gl\u00e4tten und zu gelen. Und er freundet sich mit einer Parteikollegin an, ebenfalls Schwarz, ebenfalls aus der Favela. Die zwei sind die ersten offen LGBTIQ-Stadtr\u00e4t*innen Rios. Tags\u00fcber, so erz\u00e4hlt Miranda, sitzen sie im Plenarsaal nebeneinander, am Wochenende machen sie zusammen Party, sie stellen einander ihre Ehepartner*innen vor.<\/p>\n<p>Dann, am 14. M\u00e4rz 2018, f\u00e4hrt Marielle Franco abends von einer Veranstaltung nach Hause, als ein fremdes Auto sich ihrem n\u00e4hert und 13 Sch\u00fcsse fallen. Franco und ihr Fahrer sind sofort tot. Beim Begr\u00e4bnis am n\u00e4chsten Tag tr\u00e4gt David Miranda den Sarg von Marielle. Ihr Gesicht prangt heute in Brasilien auf T-Shirts und Hausmauern, dazu Slogans: \u00abMarielle lebt\u00bb, \u00abWer hat befohlen, Marielle zu t\u00f6ten?\u00bb, \u00abK\u00e4mpfe wie Marielle\u00bb. Sie ist zum Symbol geworden, f\u00fcr den linken Widerstand, f\u00fcr den Kampfgeist der Minderheiten und der Nichtprivilegierten \u2013 aber auch f\u00fcr die Gefahr, in die sich begibt, wer sich f\u00fcr Menschenrechte einsetzt und gegen die Gewalt, die Drogenbanden, Milizen und Milit\u00e4rpolizei in die Favelas tragen.<\/p>\n<p>Bei der Wahl 2018 verpasst David Miranda ein Parlamentsmandat. Dann, Ende Januar 2019, die Nachricht: Sein Parteikollege Jean Wyllys, der erste und bis dahin einzige offen homosexuelle Abgeordnete des brasilianischen Parlaments, wird von einem Auslandsaufenthalt nicht zur\u00fcckkehren und sein neues Mandat nicht antreten. Grund: Die Morddrohungen gegen ihn seien zu massiv geworden <a href=\"https:\/\/mannschaft.com\/2019\/03\/20\/nach-flucht-aus-brasilien-schwuler-aktivist-jean-wyllys-laesst-sich-in-berlin-nieder\/\">(MANNSCHAFT berichtete)<\/a>. Zuletzt habe Wyllys sich kaum mehr getraut, seine Wohnung zu verlassen, erz\u00e4hlt eine Mitarbeiterin. Die Sicherheitsmassnahmen, die ihm das Parlament gew\u00e4hrt habe, seien halbherzig und ineffizient gewesen. Auch innerhalb des Parlaments sei Wyllys angefeindet worden: Jair Bolsonaro, damals noch Abgeordneter, habe sich im Plenarsaal gern hinter Wyllys gesetzt und ihm homophobe Beleidigungen zugefl\u00fcstert.<\/p>\n<p><a id=\"KbKQupfFRYFiVzO74LPgMg\" class=\"gie-single\" style=\"color: #a7a7a7; text-decoration: none; font-weight: normal !important; border: none; display: inline-block;\" href=\"http:\/\/www.gettyimages.ch\/detail\/1189246094\" target=\"_blank\" rel=\"noopener noreferrer\">Embed from Getty Images<\/a><script>window.gie=window.gie||function(c){(gie.q=gie.q||[]).push(c)};gie(function(){gie.widgets.load({id:'KbKQupfFRYFiVzO74LPgMg',sig:'IUuviq83NJQWzf7sTPLo3P9CFg-Tn47CZr_RFfIcJ1A=',w:'594px',h:'396px',items:'1189246094',caption: true ,tld:'ch',is360: false })});<\/script><script src='\/\/embed-cdn.gettyimages.com\/widgets.js' charset='utf-8' async><\/script><\/p>\n<p>David Miranda r\u00fcckt auf Wyllys\u2019 Mandat nach. Kaum hat er sein Amt angetreten, kommt die erste Drohmail: \u00abKomm mir nicht in die Quere\u00bb, schreibt ein anonymer Absender, \u00abJean ist wegen mir geflohen.\u00bb In einem Forum im Deep Web, in dem auch die mutmasslichen M\u00f6rder von Marielle Franco aktiv gewesen seien, sagt Miranda, seien ernstzunehmende Drohungen gegen ihn und seine Familie gefunden worden. Wie geht man mit so etwas um, kaum ein Jahr nach dem Mord an einer Freundin und Kollegin? \u00abIch habe Sicherheitsvorkehrungen getroffen\u00bb, sagt Miranda in seinem B\u00fcro in Bras\u00edlia, \u00ababer ich lasse mich nicht l\u00e4hmen. In der Favela ist der Tod etwas Allt\u00e4gliches, und ich bekomme jeden Tag Nachrichten \u00fcber Morde an LGBTIQs, \u00fcber Morde an der Schwarzen Jugend \u2013 ich kann damit umgehen.\u00bb<\/p>\n<p><strong>Angstattacken und Albtr\u00e4ume<\/strong><br \/>\nKnapp einen Monat nach diesem Gespr\u00e4ch, in dem er sich so abgekl\u00e4rt gibt, sitzt David Miranda in S\u00e3o Paulo in einem Auto, das ihn von einer Parteiveranstaltung zu einem Fernsehinterview bringt, und zittert so stark, dass er fast seinen Saft versch\u00fcttet. \u00abHeute hatte ich eine st\u00e4rkere Angstattacke\u00bb, sagt er. Er zeigt seine Hand: \u00abSiehst du das? Mein Geist ist stark, aber mein K\u00f6rper ist aufgew\u00fchlt. Ich kann nicht schlafen, ich habe Albtr\u00e4ume.\u00bb<\/p>\n<p>Er ist wieder in die Schusslinie geraten, seit sein Mann begonnen hat, geleakte Telegram-Chats des beliebtesten Ministers des Landes zu ver\u00f6ffentlichen. S\u00e9rgio Moro wurde ber\u00fchmt als Richter der Operation Lava Jato (\u00abWaschanlage\u00bb), die Dutzende Unternehmer*innen und Politiker*innen wegen Korruption und Geldw\u00e4sche ins Gef\u00e4ngnis brachte. Er schickte auch den linken Ex-Pr\u00e4sidenten Luiz In\u00e1cio Lula da Silva ins Gef\u00e4ngnis und schloss ihn damit von der Pr\u00e4sidentschaftswahl 2018 aus, die Lula sonst wohl gewonnen h\u00e4tte. So war der Weg frei f\u00fcr Bolsonaro, der Moro postwendend zum Justizminister machte.<\/p>\n<p>Doch im Juni 2019 \u2013 knapp ein Jahr, bevor Bolsonaro und Moro sich zerstreiten und Moro zur\u00fccktritt \u2013 beginnt Glenn Greenwalds Plattform The Intercept Brasil geleakte Chats zwischen Moro und den Staatsanw\u00e4lt*innen der Lava-Jato-Taskforce zu ver\u00f6ffentlichen, die Moro alles andere als unparteiisch wirken lassen und die Vermutung der Lula-Anh\u00e4nger*innen erh\u00e4rten, dass dessen Verurteilung politische Gr\u00fcnde hatte. Das Regierungslager reagiert, indem es vom Inhalt der Gespr\u00e4che ablenkt und sich auf die Journalist*innen st\u00fcrzt.<\/p>\n<blockquote><p>So wie du bin ich schwul, schwarz, aus der Favela.<\/p><\/blockquote>\n<p><strong>Die Gegner kontern mit Homophobie<\/strong><br \/>\nBald nach der ersten Ver\u00f6ffentlichung \u00fcber S\u00e9rgio Moro bekommen Greenwald und Miranda eine Mail voller homophober Beschimpfungen und w\u00fcster Drohungen gegen ihre Kinder und Mirandas Mutter. Politiker*innen, darunter die Bolsonaro-S\u00f6hne, verbreiten Verschw\u00f6rungstheorien, wonach Miranda sein Mandat von Jean Wyllys gekauft habe und von seinem Kabinett aus einen internationalen Spionagering betreibe. Sie setzen in sozialen Netzwerken die W\u00f6rter \u00abEhemann\u00bb und \u00abverheiratet\u00bb in Anf\u00fchrungszeichen, twittern Verunglimpfungen von Greenwalds Namen, ihre Anh\u00e4nger*innen nennen Miranda Greenwalds \u00abEhefrau\u00bb, beschimpfen die beiden homophob.<\/p>\n<figure id=\"attachment_93729\" aria-describedby=\"caption-attachment-93729\" class=\"wp-caption aligncenter\"><a href=\"https:\/\/mannschaft.com\/bimber\/wp-content\/uploads\/2020\/10\/david-miranda-ruth-eisenreich-2.jpg\"><img data-expand=\"600\" decoding=\"async\" loading=\"lazy\" class=\"lazyload size-full wp-image-93729\" src=\"data:image\/svg+xml;charset=utf-8,%3Csvg xmlns%3D'http%3A%2F%2Fwww.w3.org%2F2000%2Fsvg' viewBox%3D'0 0 1200 800'%2F%3E\" data-src=\"https:\/\/mannschaft.com\/bimber\/wp-content\/uploads\/2020\/10\/david-miranda-ruth-eisenreich-2.jpg\" alt=\"\" width=\"1200\" height=\"800\" data-srcset=\"https:\/\/alte.mannschaft.lgbt\/bimber\/wp-content\/uploads\/2020\/10\/david-miranda-ruth-eisenreich-2.jpg 1200w, https:\/\/alte.mannschaft.lgbt\/bimber\/wp-content\/uploads\/2020\/10\/david-miranda-ruth-eisenreich-2-300x200.jpg 300w, https:\/\/alte.mannschaft.lgbt\/bimber\/wp-content\/uploads\/2020\/10\/david-miranda-ruth-eisenreich-2-425x283.jpg 425w, https:\/\/alte.mannschaft.lgbt\/bimber\/wp-content\/uploads\/2020\/10\/david-miranda-ruth-eisenreich-2-768x512.jpg 768w, https:\/\/alte.mannschaft.lgbt\/bimber\/wp-content\/uploads\/2020\/10\/david-miranda-ruth-eisenreich-2-180x120.jpg 180w, https:\/\/alte.mannschaft.lgbt\/bimber\/wp-content\/uploads\/2020\/10\/david-miranda-ruth-eisenreich-2-561x374.jpg 561w, https:\/\/alte.mannschaft.lgbt\/bimber\/wp-content\/uploads\/2020\/10\/david-miranda-ruth-eisenreich-2-1122x748.jpg 1122w, https:\/\/alte.mannschaft.lgbt\/bimber\/wp-content\/uploads\/2020\/10\/david-miranda-ruth-eisenreich-2-364x243.jpg 364w, https:\/\/alte.mannschaft.lgbt\/bimber\/wp-content\/uploads\/2020\/10\/david-miranda-ruth-eisenreich-2-728x485.jpg 728w, https:\/\/alte.mannschaft.lgbt\/bimber\/wp-content\/uploads\/2020\/10\/david-miranda-ruth-eisenreich-2-608x405.jpg 608w, https:\/\/alte.mannschaft.lgbt\/bimber\/wp-content\/uploads\/2020\/10\/david-miranda-ruth-eisenreich-2-758x505.jpg 758w, https:\/\/alte.mannschaft.lgbt\/bimber\/wp-content\/uploads\/2020\/10\/david-miranda-ruth-eisenreich-2-1152x768.jpg 1152w, https:\/\/alte.mannschaft.lgbt\/bimber\/wp-content\/uploads\/2020\/10\/david-miranda-ruth-eisenreich-2-72x48.jpg 72w, https:\/\/alte.mannschaft.lgbt\/bimber\/wp-content\/uploads\/2020\/10\/david-miranda-ruth-eisenreich-2-144x96.jpg 144w, https:\/\/alte.mannschaft.lgbt\/bimber\/wp-content\/uploads\/2020\/10\/david-miranda-ruth-eisenreich-2-313x209.jpg 313w, https:\/\/alte.mannschaft.lgbt\/bimber\/wp-content\/uploads\/2020\/10\/david-miranda-ruth-eisenreich-2-400x267.jpg 400w\" data-sizes=\"(max-width: 1200px) 100vw, 1200px\" \/><\/a><figcaption id=\"caption-attachment-93729\" class=\"wp-caption-text\">Die Pride von S\u00e3o Paulo \u2013 hier 2019 \u2013 gilt als gr\u00f6sste weltweit. (Bild: Ruth Eisenreich)<\/figcaption><\/figure>\n<p>Und der Pr\u00e4sident? Verbreitet vor laufenden TV-Kameras die Verschw\u00f6rungstheorie weiter, nennt dabei nicht die Namen von Greenwald, Miranda und Wyllys, sondern spricht lieber gestenreich von \u00abjenem P\u00e4rchen da\u00bb und \u00abdiesem M\u00e4dchen ausserhalb des Landes\u00bb. Die Finanzbeh\u00f6rden st\u00fcrzen sich auf die Verm\u00f6gensverh\u00e4ltnisse des Ehepaares. Regierungsanh\u00e4nger fordern die Abschiebung Greenwalds, der bis heute US-Staatsb\u00fcrger ist. Abschieben k\u00f6nne man ihn nicht, bedauert Pr\u00e4sident Bolsonaro, \u00abweil der Gauner, um so ein Problem zu vermeiden, in Brasilien einen anderen Gauner geheiratet und Kinder adoptiert hat\u00bb \u2013 aber \u00abvielleicht geht er hier in den Knast\u00bb.<\/p>\n<p>David Miranda wusste, worauf er sich einl\u00e4sst, als er das Parlamentsmandat annahm. Warum er sich das antut, fragt ihn am Morgen vor der Pride Parade in seiner Hotellobby ein niederl\u00e4ndischer Journalist. \u00abEs gibt so viele Menschen, die jemanden brauchen, der f\u00fcr sie sprechen kann: LGBTIQ, Schwarze, Menschen, die aus derselben Armut kommen wie ich\u00bb, sagt Miranda. \u00abWenn ich die Stimme dieser Menschen sein kann, dann werde ich das sein.\u00bb<\/p>\n<p>Es sind Menschen wie Mateus, 22, graues T-Shirt, Jeansjacke, einer der Dutzenden, die Miranda in der bunten Menge auf der Pride umarmen und um ein Selfie bitten. \u00abAlles, was er sagt und tut, repr\u00e4sentiert mich\u00bb, sagt Mateus, \u00abohne ihn w\u00fcrde ich im Parlament nicht existieren.\u00bb<\/p>\n<p>Menschen wie der sch\u00fcchterne 19-J\u00e4hrige in Jogginghose, Tattoos am Unterarm, grosse Silberketten um den Hals, der sich bei einer Parteiveranstaltung am Abend vor der Pride zu Wort meldet. \u00abSo wie du bin ich schwul, schwarz, aus der Favela\u00bb, sagt er zu Miranda. \u00abDie Arbeit, die du machst, inspiriert mich so sehr.\u00bb<\/p>\n<p>Unter dem Jubel des Publikums steht Miranda auf und umarmt ihn. Hinter ihnen h\u00e4ngt ein grosses Transparent, darauf die Namen von Miranda und Greenwald und in Neonorange ein Slogan: \u00abDie LGBT+ werden Bolsonaro besiegen\u00bb.<\/p>\n","protected":false},"excerpt":{"rendered":"<p>David Miranda k\u00e4mpft f\u00fcr die Queers, die Schwarzen, die Armen. In Brasilien gegen die politische Elite anzutreten ist jedoch aufreibend, sogar lebensgef\u00e4hrlich. Das kriegte der 35-J\u00e4hrige am eigenen Leibe zu sp\u00fcren. <a class=\"g1-link g1-link-more\" href=\"https:\/\/alte.mannschaft.lgbt\/bimber\/david-miranda-der-hoffnungstraeger-aus-der-favela\/\">Weiterlesen<\/a><\/p>\n","protected":false},"author":1,"featured_media":93722,"comment_status":"closed","ping_status":"closed","sticky":false,"template":"","format":"standard","meta":[],"categories":[2,4371],"tags":[238,5544],"wps_subtitle":"Ein filmreifer Aufstieg in die politische Elite Brasiliens","_links":{"self":[{"href":"https:\/\/alte.mannschaft.lgbt\/bimber\/wp-json\/wp\/v2\/posts\/93702"}],"collection":[{"href":"https:\/\/alte.mannschaft.lgbt\/bimber\/wp-json\/wp\/v2\/posts"}],"about":[{"href":"https:\/\/alte.mannschaft.lgbt\/bimber\/wp-json\/wp\/v2\/types\/post"}],"author":[{"embeddable":true,"href":"https:\/\/alte.mannschaft.lgbt\/bimber\/wp-json\/wp\/v2\/users\/1"}],"replies":[{"embeddable":true,"href":"https:\/\/alte.mannschaft.lgbt\/bimber\/wp-json\/wp\/v2\/comments?post=93702"}],"version-history":[{"count":2,"href":"https:\/\/alte.mannschaft.lgbt\/bimber\/wp-json\/wp\/v2\/posts\/93702\/revisions"}],"predecessor-version":[{"id":206941,"href":"https:\/\/alte.mannschaft.lgbt\/bimber\/wp-json\/wp\/v2\/posts\/93702\/revisions\/206941"}],"wp:featuredmedia":[{"embeddable":true,"href":"https:\/\/alte.mannschaft.lgbt\/bimber\/wp-json\/wp\/v2\/media\/93722"}],"wp:attachment":[{"href":"https:\/\/alte.mannschaft.lgbt\/bimber\/wp-json\/wp\/v2\/media?parent=93702"}],"wp:term":[{"taxonomy":"category","embeddable":true,"href":"https:\/\/alte.mannschaft.lgbt\/bimber\/wp-json\/wp\/v2\/categories?post=93702"},{"taxonomy":"post_tag","embeddable":true,"href":"https:\/\/alte.mannschaft.lgbt\/bimber\/wp-json\/wp\/v2\/tags?post=93702"}],"curies":[{"name":"wp","href":"https:\/\/api.w.org\/{rel}","templated":true}]}}