{"id":92797,"date":"2020-10-04T09:59:11","date_gmt":"2020-10-04T07:59:11","guid":{"rendered":"https:\/\/mannschaft.com\/?p=92797"},"modified":"2020-10-04T15:04:01","modified_gmt":"2020-10-04T13:04:01","slug":"eheoeffnung-in-der-katholischen-kirche-segen-oder-benediktion","status":"publish","type":"post","link":"https:\/\/alte.mannschaft.lgbt\/bimber\/eheoeffnung-in-der-katholischen-kirche-segen-oder-benediktion\/","title":{"rendered":"Ehe\u00f6ffnung in der katholischen Kirche \u2013 Segen oder \u00abBenediktion\u00bb?"},"content":{"rendered":"<h3>Heinrich Timmerevers ist f\u00fcr eine Neupositionierung der katholischen Kirche beim Umgang mit Homosexuellen. Es sei ihm ein Anliegen, dass in Gemeinden wie in der ganzen Kirche \u00abAkzeptanz und Toleranz\u00bb weiterentwickelt und gest\u00e4rkt werde, erkl\u00e4rte unl\u00e4ngst der Bischof der Di\u00f6zese Dresden-Mei\u00dfen. Er schl\u00e4gt den Segen f\u00fcr schwule und lesbische Paare vor, in \u00d6sterreich diskutiert die Kirche \u00fcber eine \u00abBenediktion\u00bb.<\/h3>\n<p>Der Bischof, vor viereinhalb Jahren von Papst Franziskus ernannt, sprach sich\u00a0vergangene Woche im Interview der deutschen Katholischen Nachrichten-Agentur (KNA) auch f\u00fcr eine Segnung homosexueller Paare aus, die in der katholischen Kirche bislang nicht erlaubt ist: \u00abMan muss sich nat\u00fcrlich \u00fcber die Form Gedanken machen. Aber grunds\u00e4tzlich w\u00fcrde ich solch eine \u00d6ffnung begr\u00fcssen.\u00bb<\/p>\n<blockquote class=\"wp-embedded-content\" data-secret=\"rWvA3RYPRa\"><p><a href=\"https:\/\/mannschaft.com\/2020\/09\/25\/lgbtiq-news-deck-dich-mit-der-neuen-mannschaft-ein\/\">Happy Herbst! Deck dich mit der neuen MANNSCHAFT ein<\/a><\/p><\/blockquote>\n<p><iframe class=\"wp-embedded-content\" sandbox=\"allow-scripts\" security=\"restricted\" style=\"position: absolute; clip: rect(1px, 1px, 1px, 1px);\" title=\"&#8222;Happy Herbst! Deck dich mit der neuen MANNSCHAFT ein&#8220; &#8212; Mannschaft Magazin\" src=\"https:\/\/mannschaft.com\/2020\/09\/25\/lgbtiq-news-deck-dich-mit-der-neuen-mannschaft-ein\/embed\/#?secret=rWvA3RYPRa\" data-secret=\"rWvA3RYPRa\" width=\"600\" height=\"338\" frameborder=\"0\" marginwidth=\"0\" marginheight=\"0\" scrolling=\"no\"><\/iframe><\/p>\n<p><strong>Katechismus gegen Ehe\u00f6ffnung in der Kirche <\/strong><br \/>\nIm Weltkatechismus allerdings, der gesamten Lehre der katholischen Kirche in einem Buch komprimiert, heisst es allerdings: Homosexuelle Partnerschaften sind \u00abin sich nicht in Ordnung\u00bb und \u00abin keinem Fall zu billigen\u00bb.<\/p>\n<p>Ein Segen sei der Zuspruch Gottes. Aber mit dem Segen w\u00fcrde nicht alles \u00ababgesegnet\u00bb und f\u00fcr gut befunden, was diese Menschen t\u00e4ten. Da m\u00fcsse man \u00absehr differenziert hinschauen\u00bb.<\/p>\n<blockquote class=\"wp-embedded-content\" data-secret=\"f8F7dOIbOv\"><p><a href=\"https:\/\/mannschaft.com\/2019\/08\/16\/der-hoechste-reformierte-sagt-ja-zur-eheoeffnung\/\">Der h\u00f6chste Reformierte sagt Ja zur Ehe\u00f6ffnung<\/a><\/p><\/blockquote>\n<p><iframe class=\"wp-embedded-content\" sandbox=\"allow-scripts\" security=\"restricted\" style=\"position: absolute; clip: rect(1px, 1px, 1px, 1px);\" title=\"&#8222;Der h\u00f6chste Reformierte sagt Ja zur Ehe\u00f6ffnung&#8220; &#8212; Mannschaft Magazin\" src=\"https:\/\/mannschaft.com\/2019\/08\/16\/der-hoechste-reformierte-sagt-ja-zur-eheoeffnung\/embed\/#?secret=f8F7dOIbOv\" data-secret=\"f8F7dOIbOv\" width=\"600\" height=\"338\" frameborder=\"0\" marginwidth=\"0\" marginheight=\"0\" scrolling=\"no\"><\/iframe><\/p>\n<p>Timmerevers hat im Juni in seiner Di\u00f6zese zwei Seelsorger*innen eigens f\u00fcr die Homosexuellen-Seelsorge beauftragt: <a href=\"https:\/\/www.bistum-dresden-meissen.de\/aktuelles\/pastoral-fuer-homosexuelle-und-ihr-umfeld\" target=\"_blank\" rel=\"noopener noreferrer\">Pfarrer Christoph Behrens und Gemeindereferentin Carola Gans<\/a>.\u00a0\u00abIch weiss durchaus, dass eine Integration von Homosexuellen und mein jetziges Bem\u00fchen darum in unserer Kirche nicht von allen mitgetragen wird\u00bb, so der Geistliche. Er glaube, viele Bisch\u00f6fe und Seelsorger f\u00e4nden es befremdlich, weil sie vielleicht auch keine Ber\u00fchrungspunkte h\u00e4tten. Indem er es jetzt anstosse, k\u00f6nne ein Prozess des Nachdenkens angestossen werden.<\/p>\n<p>Der Bischof verwies auf Gespr\u00e4che mit homo- und transsexuellen Christ*innen in seiner Di\u00f6zese. Die h\u00e4tten ihn sehr nachhaltig bewegt, weil er gemerkt habe, welch ein Ringen bei vielen stattfinde. \u00abSie wollen Christen sein und ihren Glauben auch in der Kirche leben. Und in diesem Ringen will ich diese Menschen nicht alleine lassen\u00bb, so der Bischof.<\/p>\n<p>Auch in \u00d6sterreich gibt es Bef\u00fcrworter einer Ehe\u00f6ffnung in der Kirche f\u00fcr homosexuelle Paare \u2013 ebenfalls in einer light-Version. So schlug bereits im Sommer Liturgiewissenschaftler Ewald Volgger von der katholischen Privatuniversit\u00e4t Linz eine sogenannte \u00abBenediktion\u00bb vor. Durch eine offizielle Segensfeier der Kirche erg\u00e4be sich eine Verbindlichkeit f\u00fcr diese Partnerschaft. Durch die Bezeichnung als Benediktion w\u00fcrde die Kirche eine Wertsch\u00e4tzung f\u00fcr diese Verbindung zeigen, die die Liebe Gottes zum Menschen ausdr\u00fccke. Entt\u00e4uschung und Leid w\u00fcrden so vermieden und Diskriminierung zur\u00fcckgenommen, erkl\u00e4rte er gegen\u00fcber <a href=\"https:\/\/www.katholisch.de\/artikel\/25706-volgger-nicht-nur-segen-fuer-homosexuelle-paare-sondern-anerkennung\" target=\"_blank\" rel=\"noopener noreferrer\"><em>katholisch.de<\/em><\/a>.<\/p>\n<p>\u00abSie macht den betroffenen Paaren deutlich, dass sie sich als von der Kirche gesegnete Menschen in der \u00d6ffentlichkeit pr\u00e4sentieren k\u00f6nnen. Das ist mehr als ein einfacher Segen: Die Benediktion wird kirchenamtlich eingetragen, wie auch etwa die Ehe im Taufbuch vermerkt wird.\u00bb<\/p>\n<p>Das Ehesakrament f\u00fcr Homosexuelle lehne er aber nicht. Im Sinne eines schrittweisen Vorankommens sei \u00abeine gewisse Zur\u00fcckhaltung angebracht\u00bb ist. Er wolle nicht von vornherein mit der Gleichsetzung zum Ehesakrament einen schrittweisen Fortschritt verhindern.<\/p>\n<blockquote class=\"wp-embedded-content\" data-secret=\"IbZjl6yPEW\"><p><a href=\"https:\/\/mannschaft.com\/2019\/11\/05\/reformierte-kirche-ist-fuer-ehe-fuer-alle\/\">Reformierte Kirche ist f\u00fcr Ehe f\u00fcr alle!<\/a><\/p><\/blockquote>\n<p><iframe class=\"wp-embedded-content\" sandbox=\"allow-scripts\" security=\"restricted\" style=\"position: absolute; clip: rect(1px, 1px, 1px, 1px);\" title=\"&#8222;Reformierte Kirche ist f\u00fcr Ehe f\u00fcr alle!&#8220; &#8212; Mannschaft Magazin\" src=\"https:\/\/mannschaft.com\/2019\/11\/05\/reformierte-kirche-ist-fuer-ehe-fuer-alle\/embed\/#?secret=IbZjl6yPEW\" data-secret=\"IbZjl6yPEW\" width=\"600\" height=\"338\" frameborder=\"0\" marginwidth=\"0\" marginheight=\"0\" scrolling=\"no\"><\/iframe><\/p>\n<p>Auch die Evangelikalen in Deutschland streiten \u00fcber eine Ehe\u00f6ffnung. Hintergrund ist ein Buch des \u00c4rztlichen Direktors einer christlichen psychiatrischen Klinik im Taunus. Martin Grabe hatte in \u00abHomosexualit\u00e4t und christlicher Glaube: ein Beziehungsdrama\u00bb erkl\u00e4rt, homosexuelle Christ*innen d\u00fcrften ebenso wie Heteros eine verbindliche, treue Ehe unter dem Segen Gottes und der Gemeinde eingehen und seien in der Gemeinde in jeder Hinsicht willkommen <a href=\"https:\/\/mannschaft.com\/2020\/08\/02\/evangelikale-in-deutschland-streiten-ueber-eheoeffnung\/\" target=\"_blank\" rel=\"noopener noreferrer\">(MANNSCHAFT berichtete)<\/a>.<\/p>\n<p>W\u00e4hrend die Zivilehe in Deutschland seit nunmehr drei Jahren auch schwulen und lesbischen Paaren offensteht <a href=\"https:\/\/mannschaft.com\/2017\/10\/01\/tschuess-lebenspartnerschaft-hallo-ehe-fuer-alle\/\" target=\"_blank\" rel=\"noopener noreferrer\">(MANNSCHAFT berichtete)<\/a> und in \u00d6sterreich seit 2019 <a href=\"https:\/\/mannschaft.com\/2018\/10\/12\/erste-gleichgeschlechtliche-trauung-in-wien\/\" target=\"_blank\" rel=\"noopener noreferrer\">(MANNSCHAFT berichtete)<\/a>, m\u00fcssen Schweizer Paare wie Fabiola und Natascha immer noch warten <a href=\"https:\/\/mannschaft.com\/2020\/09\/23\/natascha-und-fabiola-wollen-heiraten-wo-ist-das-problem-ehe-fuer-alle\/\" target=\"_blank\" rel=\"noopener noreferrer\">(MANNSCHAFT+)<\/a>.<\/p>\n","protected":false},"excerpt":{"rendered":"<p>Bischof Timmerevers ist f\u00fcr eine Neupositionierung der katholischen Kirche beim Umgang mit Homosexuellen. Er schl\u00e4gt den Segen f\u00fcr Paare vor. In \u00d6sterreich diskutiert die Kirche \u00fcber eine \u00abBenediktion\u00bb. <a class=\"g1-link g1-link-more\" href=\"https:\/\/alte.mannschaft.lgbt\/bimber\/eheoeffnung-in-der-katholischen-kirche-segen-oder-benediktion\/\">Weiterlesen<\/a><\/p>\n","protected":false},"author":1,"featured_media":93182,"comment_status":"closed","ping_status":"closed","sticky":false,"template":"","format":"standard","meta":[],"categories":[3,2527],"tags":[5449,5512],"wps_subtitle":"Wie auch immer es am Ende genannt wird: Von einer echten Gleichstellung ist man noch weit entfernt","_links":{"self":[{"href":"https:\/\/alte.mannschaft.lgbt\/bimber\/wp-json\/wp\/v2\/posts\/92797"}],"collection":[{"href":"https:\/\/alte.mannschaft.lgbt\/bimber\/wp-json\/wp\/v2\/posts"}],"about":[{"href":"https:\/\/alte.mannschaft.lgbt\/bimber\/wp-json\/wp\/v2\/types\/post"}],"author":[{"embeddable":true,"href":"https:\/\/alte.mannschaft.lgbt\/bimber\/wp-json\/wp\/v2\/users\/1"}],"replies":[{"embeddable":true,"href":"https:\/\/alte.mannschaft.lgbt\/bimber\/wp-json\/wp\/v2\/comments?post=92797"}],"version-history":[{"count":0,"href":"https:\/\/alte.mannschaft.lgbt\/bimber\/wp-json\/wp\/v2\/posts\/92797\/revisions"}],"wp:featuredmedia":[{"embeddable":true,"href":"https:\/\/alte.mannschaft.lgbt\/bimber\/wp-json\/wp\/v2\/media\/93182"}],"wp:attachment":[{"href":"https:\/\/alte.mannschaft.lgbt\/bimber\/wp-json\/wp\/v2\/media?parent=92797"}],"wp:term":[{"taxonomy":"category","embeddable":true,"href":"https:\/\/alte.mannschaft.lgbt\/bimber\/wp-json\/wp\/v2\/categories?post=92797"},{"taxonomy":"post_tag","embeddable":true,"href":"https:\/\/alte.mannschaft.lgbt\/bimber\/wp-json\/wp\/v2\/tags?post=92797"}],"curies":[{"name":"wp","href":"https:\/\/api.w.org\/{rel}","templated":true}]}}