{"id":92367,"date":"2020-09-23T21:41:14","date_gmt":"2020-09-23T19:41:14","guid":{"rendered":"https:\/\/mannschaft.com\/?p=92367"},"modified":"2020-09-23T22:01:07","modified_gmt":"2020-09-23T20:01:07","slug":"bundeskabinett-beschliesst-gesetz-zum-schutz-von-inter-kinder","status":"publish","type":"post","link":"https:\/\/alte.mannschaft.lgbt\/bimber\/bundeskabinett-beschliesst-gesetz-zum-schutz-von-inter-kinder\/","title":{"rendered":"Bundeskabinett beschliesst Gesetz zum Schutz von inter Kindern"},"content":{"rendered":"<h3>Am Mittwoch hat das Bundeskabinett ein Gesetz zum Schutz f\u00fcr inter Kinder beschlossen. Der Opposition geht es nicht weit genug.<\/h3>\n<p>Das Recht von inter Kindern auf ihre geschlechtliche Selbstbestimmung solle gesch\u00fctzt werden. Zu diesem Zweck enth\u00e4lt der neue Paragraph 1631e des B\u00fcrgerlichen Gesetzbuchs ein Verbot an die Eltern, in Behandlungen einzuwilligen, die allein in der Absicht erfolgen, das k\u00f6rperliche Erscheinungsbild des Kindes an das des m\u00e4nnlichen oder des weiblichen Geschlechts anzugleichen.<\/p>\n<blockquote class=\"wp-embedded-content\" data-secret=\"B0BktigDLq\"><p><a href=\"https:\/\/mannschaft.com\/2020\/09\/23\/lgbtiq-rumaenien-diskriminierung-jetzt-beim-europarat\/\">LGBTIQ-Diskriminierung in Rum\u00e4nien jetzt beim Europarat<\/a><\/p><\/blockquote>\n<p><iframe class=\"wp-embedded-content\" sandbox=\"allow-scripts\" security=\"restricted\" style=\"position: absolute; clip: rect(1px, 1px, 1px, 1px);\" title=\"&#8222;LGBTIQ-Diskriminierung in Rum\u00e4nien jetzt beim Europarat&#8220; &#8212; Mannschaft Magazin\" src=\"https:\/\/mannschaft.com\/2020\/09\/23\/lgbtiq-rumaenien-diskriminierung-jetzt-beim-europarat\/embed\/#?secret=B0BktigDLq\" data-secret=\"B0BktigDLq\" width=\"600\" height=\"338\" frameborder=\"0\" marginwidth=\"0\" marginheight=\"0\" scrolling=\"no\"><\/iframe><\/p>\n<p>Das Gesetz setzt eine Vereinbarung des Koalitionsvertrags um und enth\u00e4lt Regelungen zu Behandlungen an inter Kindern, d. h. an \u00abKindern mit Varianten der Geschlechtsentwicklung, die noch nicht einwilligungsf\u00e4hig sind\u00bb, wie es im Gesetzentwurf heisst. Eltern sollen k\u00fcnftig nur in operative Eingriffe an inneren und \u00e4usseren Geschlechtsmerkmalen, die eine solche Angleichung des Erscheinungsbildes zur Folge haben k\u00f6nnten, einwilligen k\u00f6nnen, wenn der Eingriff nicht bis zu einer selbstbestimmten Entscheidung des Kindes aufgeschoben werden kann.<\/p>\n<p>Die Einwilligung der Eltern in diesen F\u00e4llen bedarf der familiengerichtlichen Genehmigung, die erteilt wird, wenn der operative Eingriff dem Wohl des Kindes am besten entspricht. Hat eine interdisziplin\u00e4re Kommission den Eingriff bef\u00fcrwortet, werde vermutet, dass er dem Wohl des Kindes am besten entspricht.<\/p>\n<blockquote class=\"wp-embedded-content\" data-secret=\"rMSnZxnUjA\"><p><a href=\"https:\/\/mannschaft.com\/2020\/03\/05\/der-iran-zwangsoperiert-tausende-homosexuelle\/\">Der Iran zwangsoperiert tausende Homosexuelle<\/a><\/p><\/blockquote>\n<p><iframe class=\"wp-embedded-content\" sandbox=\"allow-scripts\" security=\"restricted\" style=\"position: absolute; clip: rect(1px, 1px, 1px, 1px);\" title=\"&#8222;Der Iran zwangsoperiert tausende Homosexuelle&#8220; &#8212; Mannschaft Magazin\" src=\"https:\/\/mannschaft.com\/2020\/03\/05\/der-iran-zwangsoperiert-tausende-homosexuelle\/embed\/#?secret=rMSnZxnUjA\" data-secret=\"rMSnZxnUjA\" width=\"600\" height=\"338\" frameborder=\"0\" marginwidth=\"0\" marginheight=\"0\" scrolling=\"no\"><\/iframe><\/p>\n<p>Der Opposition geht das Gesetz nicht weit genug. Der queerpolitische Sprecher der Gr\u00fcnen, Sven Lehmann, sprach von einer \u00abgrossen Entt\u00e4uschung\u00bb, denn das Selbstbestimmungsrecht der Kinder werde missachtet.<\/p>\n<p>Die Entscheidung \u00fcber den K\u00f6rper von insbesondere inter Kindern solle nach dem Willen der Bundesregierung weiterhin bei den Erwachsenen liegen, so Lehmann. Und dies auch in F\u00e4llen, in denen keine medizinische Indikation vorhanden sei und es \u00abschlicht um Geschlechtsstereotypen\u00bb gehe.<\/p>\n<blockquote class=\"twitter-tweet lazyload\" data-expand=\"600\" data-script=\"https:\/\/platform.twitter.com\/widgets.js\"  data-width=\"550\" data-dnt=\"true\">\n<p lang=\"de\" dir=\"ltr\">Intergeschlechtlichen Kindern operativ ein Geschlecht zuzuweisen, ohne dass dies medizinisch notwendig ist, verletzt grundlegende Rechte der Kinder. Das muss konsequent verboten werden! Schade, dass die Bundesregierung diese Konsequenz vermissen l\u00e4sst.<a href=\"https:\/\/t.co\/kpoL6vkhJG\">https:\/\/t.co\/kpoL6vkhJG<\/a><\/p>\n<p>&mdash; Sven Lehmann \ud83c\udff3\ufe0f\u200d\ud83c\udf08 (@svenlehmann) <a href=\"https:\/\/twitter.com\/svenlehmann\/status\/1308690670740221952?ref_src=twsrc%5Etfw\">September 23, 2020<\/a><\/p><\/blockquote>\n<p>Jens Brandenburg, Sprecher f\u00fcr LGBTI der FDP-Bundestagsfraktion, erkl\u00e4rte: \u00abGenitalver\u00e4ndernde Operationen an Kindern ohne medizinische Notwendigkeit sind ein gravierender Eingriff in die k\u00f6rperliche Unversehrtheit. Sie m\u00fcssen endlich wirksam verboten werden. Es ist gut und \u00fcberf\u00e4llig, dass die Bundesregierung nun endlich den l\u00e4ngst versprochenen Gesetzentwurf vorlegt.\u00bb<\/p>\n<p>Aber: Die Selbstbestimmung der Betroffenen geh\u00f6re in den Mittelpunkt. Ein Verbot genitalver\u00e4ndernder Operationen an Kindern darf nicht dazu f\u00fchren, dass trans Jugendliche in ihrer k\u00f6rperlichen Selbstbestimmung eingeschr\u00e4nkt werden. Auch die starke Rolle der Familiengerichte im Entwurf m\u00fcsse kritisch hinterfragt werden, so Brandenburg.<\/p>\n<p>In \u00d6sterreich musste Alex J\u00fcrgen vier Jahre Kampf um den Geschlechtseintrag \u00abinter\u00bb k\u00e4mpfen, noch im Juni hatte er Strafanzeige gegen die zust\u00e4ndigen Beh\u00f6rden gestellt <a href=\"https:\/\/mannschaft.com\/2020\/07\/22\/axel-juergen-nach-4-jahren-kampf-erstmals-geschlechtseintrag-inter-in-oesterreich\/\" target=\"_blank\" rel=\"noopener noreferrer\">(MANNSCHAFT berichtete)<\/a>. Wegen unn\u00f6tiger OPs an inter Kindern war das Land im Februar vom UN-Ausschuss f\u00fcr die Rechte des Kindes ger\u00fcgt worden <a href=\"https:\/\/mannschaft.com\/2020\/02\/19\/ruege-fuer-oesterreich-wegen-unnoetiger-ops-von-inter-kindern\/\" target=\"_blank\" rel=\"noopener noreferrer\">(MANNSCHAFT berichtete)<\/a>.<\/p>\n","protected":false},"excerpt":{"rendered":"<p>Am Mittwoch hat das Bundeskabinett ein Gesetzes zum Schutz von inter Kindern beschlossen.\u00a0 Der Opposition geht das Gesetz nicht weit genug. <a class=\"g1-link g1-link-more\" href=\"https:\/\/alte.mannschaft.lgbt\/bimber\/bundeskabinett-beschliesst-gesetz-zum-schutz-von-inter-kinder\/\">Weiterlesen<\/a><\/p>\n","protected":false},"author":1,"featured_media":85771,"comment_status":"closed","ping_status":"closed","sticky":false,"template":"","format":"standard","meta":[],"categories":[3],"tags":[5544,833,5545],"wps_subtitle":"Damit wird eine Vereinbarung des Koalitionsvertrags umgesetzt","_links":{"self":[{"href":"https:\/\/alte.mannschaft.lgbt\/bimber\/wp-json\/wp\/v2\/posts\/92367"}],"collection":[{"href":"https:\/\/alte.mannschaft.lgbt\/bimber\/wp-json\/wp\/v2\/posts"}],"about":[{"href":"https:\/\/alte.mannschaft.lgbt\/bimber\/wp-json\/wp\/v2\/types\/post"}],"author":[{"embeddable":true,"href":"https:\/\/alte.mannschaft.lgbt\/bimber\/wp-json\/wp\/v2\/users\/1"}],"replies":[{"embeddable":true,"href":"https:\/\/alte.mannschaft.lgbt\/bimber\/wp-json\/wp\/v2\/comments?post=92367"}],"version-history":[{"count":0,"href":"https:\/\/alte.mannschaft.lgbt\/bimber\/wp-json\/wp\/v2\/posts\/92367\/revisions"}],"wp:featuredmedia":[{"embeddable":true,"href":"https:\/\/alte.mannschaft.lgbt\/bimber\/wp-json\/wp\/v2\/media\/85771"}],"wp:attachment":[{"href":"https:\/\/alte.mannschaft.lgbt\/bimber\/wp-json\/wp\/v2\/media?parent=92367"}],"wp:term":[{"taxonomy":"category","embeddable":true,"href":"https:\/\/alte.mannschaft.lgbt\/bimber\/wp-json\/wp\/v2\/categories?post=92367"},{"taxonomy":"post_tag","embeddable":true,"href":"https:\/\/alte.mannschaft.lgbt\/bimber\/wp-json\/wp\/v2\/tags?post=92367"}],"curies":[{"name":"wp","href":"https:\/\/api.w.org\/{rel}","templated":true}]}}