{"id":91768,"date":"2020-09-16T10:26:16","date_gmt":"2020-09-16T08:26:16","guid":{"rendered":"https:\/\/mannschaft.com\/?p=91768"},"modified":"2020-09-17T15:13:37","modified_gmt":"2020-09-17T13:13:37","slug":"madonna-biopic-ueber-die-achterbahnfahrt-meines-lebens","status":"publish","type":"post","link":"https:\/\/alte.mannschaft.lgbt\/bimber\/madonna-biopic-ueber-die-achterbahnfahrt-meines-lebens\/","title":{"rendered":"Madonna verfilmt sich selbst: \u00abAchterbahnfahrt meines Lebens\u00bb"},"content":{"rendered":"<h3>Die Queen of Pop will ihr Leben verfilmen und dabei selbst Regie f\u00fchren und auch am Drehbuch mitwirken. Das liess Madonna jetzt ihre Fans wissen.<\/h3>\n<p>Einen Titel hat das Madonna Biopic noch nicht, aber Universal Pictures gab am Dienstag eine Reihe Details des Projekts bekannt. Die Mitteilung ist auf <a href=\"https:\/\/www.madonna.com\/news\/title\/universal-pictures-announces-film-based-on-the-untold-true-story-of-madonna\" target=\"_blank\" rel=\"noopener noreferrer\"><em>madonna.com<\/em><\/a> nachzulesen.<\/p>\n<blockquote class=\"wp-embedded-content\" data-secret=\"Wi0bbtj6PU\"><p><a href=\"https:\/\/mannschaft.com\/2020\/09\/13\/schweizer-film-beyto-ueber-schwulen-secondo-feiert-premiere\/\">Schweizer Drama \u00abBeyto\u00bb \u2013 Schwule Liebe bedroht Familienehre<\/a><\/p><\/blockquote>\n<p><iframe class=\"wp-embedded-content\" sandbox=\"allow-scripts\" security=\"restricted\" style=\"position: absolute; clip: rect(1px, 1px, 1px, 1px);\" title=\"&#8222;Schweizer Drama \u00abBeyto\u00bb \u2013 Schwule Liebe bedroht Familienehre&#8220; &#8212; Mannschaft Magazin\" src=\"https:\/\/mannschaft.com\/2020\/09\/13\/schweizer-film-beyto-ueber-schwulen-secondo-feiert-premiere\/embed\/#?secret=Wi0bbtj6PU\" data-secret=\"Wi0bbtj6PU\" width=\"600\" height=\"338\" frameborder=\"0\" marginwidth=\"0\" marginheight=\"0\" scrolling=\"no\"><\/iframe><\/p>\n<p>Demnach sind Oscar-Preistr\u00e4gerin Diablo Cody (\u00abJuno\u00bb) als Drehbuchautorin und Amy Pascal (\u00abLittle Women\u00bb) als Produzentin an Bord. \u00abIch m\u00f6chte meinen unglaublichen Lebensweg als K\u00fcnstlerin, Musikerin, T\u00e4nzerin &#8211; und als Mensch, der versucht hat, sich in dieser Welt zu behaupten, vermitteln\u00bb, erkl\u00e4rte die 62-J\u00e4hrige.<\/p>\n<p>Der Fokus des Films liege auf ihrer Musik. Musik und Kunst seien die treibenden Kr\u00e4fte in ihrem Leben. \u00abEs ist wichtig, diese Achterbahnfahrt meines Lebens mit meiner eigenen Stimme und aus meiner Sicht zu teilen\u00bb.<\/p>\n<p>Die Pop-Diva wurde am 16. August als Madonna Louise Veronica Ciccone im US-Bundesstaat Michigan geboren. Den ersten Plattenvertrag schloss sie 1981 f\u00fcr die Single \u00abEverybody\u00bb ab, zwei Jahre sp\u00e4ter erschien ihr Deb\u00fctalbum \u00abMadonna\u00bb.<\/p>\n<p>Ihr Filmdeb\u00fct gab sie 1985 als Schauspielerin in \u00abVision Quest\u00bb, kurz danach \u00fcbernahm sie in \u00abSusan &#8211; verzweifelt gesucht\u00bb eine Hauptrolle. 1991 gab es einen Oscar in der Kategorie \u00abBest Original Song\u00bb, mit dem Lied \u00abSooner or Later\u00bb aus dem Film \u00abDick Tracy\u00bb. F\u00fcr ihre Titelrolle in dem Musical \u00abEvita\u00bb (1996) erhielt sie den Golden Globe. F\u00fcr den James-Bond-Song \u00abDie another day\u00bb 2002 war sie ebenfalls f\u00fcr einen Globe nominiert.<\/p>\n<blockquote class=\"wp-embedded-content\" data-secret=\"Zz5ygf74IY\"><p><a href=\"https:\/\/mannschaft.com\/2020\/09\/15\/es-wird-dieses-jahr-keine-silvesterparty-bei-uns-geben\/\">\u00abEs wird dieses Jahr keine Silvesterparty bei uns geben\u00bb<\/a><\/p><\/blockquote>\n<p><iframe class=\"wp-embedded-content\" sandbox=\"allow-scripts\" security=\"restricted\" style=\"position: absolute; clip: rect(1px, 1px, 1px, 1px);\" title=\"&#8222;\u00abEs wird dieses Jahr keine Silvesterparty bei uns geben\u00bb&#8220; &#8212; Mannschaft Magazin\" src=\"https:\/\/mannschaft.com\/2020\/09\/15\/es-wird-dieses-jahr-keine-silvesterparty-bei-uns-geben\/embed\/#?secret=Zz5ygf74IY\" data-secret=\"Zz5ygf74IY\" width=\"600\" height=\"338\" frameborder=\"0\" marginwidth=\"0\" marginheight=\"0\" scrolling=\"no\"><\/iframe><\/p>\n<p>H\u00e4ufiger aber erhielt sie die Goldene Himbeere. Der Schm\u00e4hpreis f\u00fcr die schlechtesten Schauspieler*innen wird seit 1981 j\u00e4hrlich am Vorabend der Oscars vergeben undbezieht sich auf die schauspielerischen Leistungen des abgelaufenen Jahres.<\/p>\n<p>Nicht zu vergessen: ihre Rolle als Gay Ikone. Zum 50. Jubil\u00e4um der Stonewall Riots gab Madonna im vergangenen Jahr ein \u00dcberraschungskonzert im \u00abStonewall Inn\u00bb <a href=\"https:\/\/mannschaft.com\/2019\/01\/02\/stonewall-inn-bedankt-sich-bei-madonna-fuer-ueberraschungsgig\/\" target=\"_blank\" rel=\"noopener noreferrer\">(MANNSCHAFT berichtete)<\/a>. Und nachdem Russland ihre eine Geldstrafe wegen \u00c4usserungen \u00fcber LGBTIQ-Rechte aufbrummen wollte, hat die S\u00e4ngerin diese nie \u00fcberwiesen <a href=\"https:\/\/mannschaft.com\/2020\/07\/20\/madonna-ignorierte-strafe-wegen-aeusserungen-ueber-lgbtiq-rechte\/\" target=\"_blank\" rel=\"noopener noreferrer\">(MANNSCHAFT berichtete)<\/a>.<\/p>\n<p>Madonna sei die \u00abultimative Ikone\u00bb, Menschenfreund, K\u00fcnstler und Rebell, sagte Donna Langley, Vorsitzende des Studios Universal Pictures. Es sei eine \u00abunglaubliche Ehre\u00bb f\u00fcr das Studio, ihre Geschichte zu verfilmen. Laut Mitteilung ist Madonna mit 335 Millionen verkauften Platten die erfolgreichste Musikerin der Welt. Sie habe 225 Preise gewonnen und mehr als 4700 Mal Titelbl\u00e4tter bekannter Magazine geschm\u00fcckt.<\/p>\n<p>Filme \u00fcber Musikgr\u00f6ssen r\u00e4umten zuletzt in Hollywood an den Kinokassen aber auch bei Preisverleihungen kr\u00e4ftig ab, darunter das Biopic <a href=\"https:\/\/mannschaft.com\/2019\/01\/07\/golden-globe-2019-bohemian-rhapsody-ist-bestes-drama\/\" target=\"_blank\" rel=\"noopener noreferrer\">\u00abBohemian Rhapsody\u00bb \u00fcber Freddie Mercury<\/a> und <a href=\"https:\/\/mannschaft.com\/2019\/05\/30\/der-typ-geht-ab-wie-eine-rakete\/\" target=\"_blank\" rel=\"noopener noreferrer\">\u00abRocketman\u00bb \u00fcber das Leben von Elton John<\/a>. Auch die Geschichte von Boy George soll demn\u00e4chst als Film erz\u00e4hlt werden <a href=\"https:\/\/mannschaft.com\/2019\/05\/30\/jetzt-wird-auch-das-leben-von-boy-george-verfilmt\/\" target=\"_blank\" rel=\"noopener noreferrer\">(MANNSCHAFT berichtete)<\/a>.<\/p>\n","protected":false},"excerpt":{"rendered":"<p>Die Queen of Pop will ihr Leben verfilmen und dabei selbst Regie f\u00fchren und auch am Drehbuch mitwirken. Das liess Madonna jetzt ihre Fans wissen. <a class=\"g1-link g1-link-more\" href=\"https:\/\/alte.mannschaft.lgbt\/bimber\/madonna-biopic-ueber-die-achterbahnfahrt-meines-lebens\/\">Weiterlesen<\/a><\/p>\n","protected":false},"author":1,"featured_media":91771,"comment_status":"closed","ping_status":"closed","sticky":false,"template":"","format":"standard","meta":[],"categories":[346,2534],"tags":[5539,540,5472],"wps_subtitle":"Universal Pictures preist die S\u00e4ngerin als \u00abultimative Ikone\u00bb an","_links":{"self":[{"href":"https:\/\/alte.mannschaft.lgbt\/bimber\/wp-json\/wp\/v2\/posts\/91768"}],"collection":[{"href":"https:\/\/alte.mannschaft.lgbt\/bimber\/wp-json\/wp\/v2\/posts"}],"about":[{"href":"https:\/\/alte.mannschaft.lgbt\/bimber\/wp-json\/wp\/v2\/types\/post"}],"author":[{"embeddable":true,"href":"https:\/\/alte.mannschaft.lgbt\/bimber\/wp-json\/wp\/v2\/users\/1"}],"replies":[{"embeddable":true,"href":"https:\/\/alte.mannschaft.lgbt\/bimber\/wp-json\/wp\/v2\/comments?post=91768"}],"version-history":[{"count":0,"href":"https:\/\/alte.mannschaft.lgbt\/bimber\/wp-json\/wp\/v2\/posts\/91768\/revisions"}],"wp:featuredmedia":[{"embeddable":true,"href":"https:\/\/alte.mannschaft.lgbt\/bimber\/wp-json\/wp\/v2\/media\/91771"}],"wp:attachment":[{"href":"https:\/\/alte.mannschaft.lgbt\/bimber\/wp-json\/wp\/v2\/media?parent=91768"}],"wp:term":[{"taxonomy":"category","embeddable":true,"href":"https:\/\/alte.mannschaft.lgbt\/bimber\/wp-json\/wp\/v2\/categories?post=91768"},{"taxonomy":"post_tag","embeddable":true,"href":"https:\/\/alte.mannschaft.lgbt\/bimber\/wp-json\/wp\/v2\/tags?post=91768"}],"curies":[{"name":"wp","href":"https:\/\/api.w.org\/{rel}","templated":true}]}}