{"id":91743,"date":"2020-09-15T18:55:22","date_gmt":"2020-09-15T16:55:22","guid":{"rendered":"https:\/\/mannschaft.com\/?p=91743"},"modified":"2020-09-20T15:13:23","modified_gmt":"2020-09-20T13:13:23","slug":"laederach-wuerde-nie-menschen-wegen-der-sexuellen-ausrichtung-verurteilen","status":"publish","type":"post","link":"https:\/\/alte.mannschaft.lgbt\/bimber\/laederach-wuerde-nie-menschen-wegen-der-sexuellen-ausrichtung-verurteilen\/","title":{"rendered":"\u00abW\u00fcrde nie Menschen wegen sexueller Ausrichtung verurteilen\u00bb"},"content":{"rendered":"<h3>Chocolatier L\u00e4derach, gegr\u00fcndet im Jahr 1962, steht in der Kritik wegen Verbindungen zu einem erzkonservativen Verein. Jetzt nimmt Chef Johannes L\u00e4derach erstmals Stellung zu den Vorw\u00fcrfen etwa der Homophobie. Man habe \u00fcberhaupt kein Problem mit Schwulen und Lesben.<\/h3>\n<p>Vor knapp einem Jahr hatte die Swiss die Zusammenarbeit mit L\u00e4derach aufgek\u00fcndigt. Die Fluggesellschaft hatte Bedenken wegen der negativen Berichterstattung ob des rechtskonservativen Engagements der Familie. <a href=\"https:\/\/mannschaft.com\/2019\/08\/24\/wenn-schokolade-wirklich-suende-ist\/\" target=\"_blank\" rel=\"noopener noreferrer\">Auch MANNSCHAFT hatte das thematisiert.<\/a> Die Swiss hatte immer wieder kleine Pralin\u00e9-Schachteln \u00abals Zeichen der Aufmerksamkeit\u00bb an einzelne Passagier*innen abgegeben. Das Produkt sollte noch bis April dieses Jahres im Bordsortiment bleiben, hatte der <em>Beobachter<\/em> berichtet.<\/p>\n<blockquote class=\"wp-embedded-content\" data-secret=\"SPLH9rNuuE\"><p><a href=\"https:\/\/mannschaft.com\/2020\/09\/11\/das-komitee-ehe-fuer-alle-ruft-zur-demo-in-bern\/\">Das Komitee \u00abEhe f\u00fcr alle\u00bb\u00a0ruft zur Demo in Bern<\/a><\/p><\/blockquote>\n<p><iframe class=\"wp-embedded-content\" sandbox=\"allow-scripts\" security=\"restricted\" style=\"position: absolute; clip: rect(1px, 1px, 1px, 1px);\" title=\"&#8222;Das Komitee \u00abEhe f\u00fcr alle\u00bb\u00a0ruft zur Demo in Bern&#8220; &#8212; Mannschaft Magazin\" src=\"https:\/\/mannschaft.com\/2020\/09\/11\/das-komitee-ehe-fuer-alle-ruft-zur-demo-in-bern\/embed\/#?secret=SPLH9rNuuE\" data-secret=\"SPLH9rNuuE\" width=\"600\" height=\"338\" frameborder=\"0\" marginwidth=\"0\" marginheight=\"0\" scrolling=\"no\"><\/iframe><\/p>\n<p>Nun nahm\u00a0Johannes L\u00e4derach in einem Interview mit der <a href=\"https:\/\/www.suedostschweiz.ch\/aus-dem-leben\/2020-09-15\/ich-wuerde-nie-jemanden-wegen-seiner-sexuellen-ausrichtung-verurteilen\" target=\"_blank\" rel=\"noopener noreferrer\"><em>Ostschweiz (bezahlpflichtiger Artikel)<\/em><\/a> erstmals Stellung. Unter anderem wurde er angesprochen auf den Verein Christianity for Today (Cft) in Kaltbrunn SG, zu dessen Vorstand er und Vater J\u00fcrg geh\u00f6ren. Im Internet sind \u00e4ltere Cft- Schriften zu finden. Im Jahr 2009 etwa habe eine externe Referentin Homosexualit\u00e4t als \u00abeine Identit\u00e4tsst\u00f6rung\u00bb bezeichnet.<\/p>\n<p>Von solchen Aussagen distanziere er sich explizit, so L\u00e4derach. \u00abIch w\u00fcrde niemals einen Menschen wegen seiner sexuellen Ausrichtung verurteilen.\u00bb Er k\u00f6nne schon verstehen, warum er missverstanden wurde. Weil er gegen \u00abungerechtfertigte Vorw\u00fcrfe der Diskriminierung und Homophobie\u00bb nicht aktiv in die Gegenkommunikation gegangen sei, sondern gedacht habe, das erledige sich schon von selber mit der Zeit. \u00abIch habe aber aus dieser Fehleinsch\u00e4tzung gelernt.\u00bb<\/p>\n<p><a href=\"https:\/\/mannschaft.com\/bimber\/wp-content\/uploads\/2020\/09\/Bildschirmfoto-2020-09-15-um-19.00.34.png\"><img data-expand=\"600\" decoding=\"async\" loading=\"lazy\" class=\"lazyload alignnone size-full wp-image-91749\" src=\"data:image\/svg+xml;charset=utf-8,%3Csvg xmlns%3D'http%3A%2F%2Fwww.w3.org%2F2000%2Fsvg' viewBox%3D'0 0 1026 674'%2F%3E\" data-src=\"https:\/\/mannschaft.com\/bimber\/wp-content\/uploads\/2020\/09\/Bildschirmfoto-2020-09-15-um-19.00.34.png\" alt=\"\" width=\"1026\" height=\"674\" data-srcset=\"https:\/\/alte.mannschaft.lgbt\/bimber\/wp-content\/uploads\/2020\/09\/Bildschirmfoto-2020-09-15-um-19.00.34.png 1026w, https:\/\/alte.mannschaft.lgbt\/bimber\/wp-content\/uploads\/2020\/09\/Bildschirmfoto-2020-09-15-um-19.00.34-300x197.png 300w, https:\/\/alte.mannschaft.lgbt\/bimber\/wp-content\/uploads\/2020\/09\/Bildschirmfoto-2020-09-15-um-19.00.34-425x279.png 425w, https:\/\/alte.mannschaft.lgbt\/bimber\/wp-content\/uploads\/2020\/09\/Bildschirmfoto-2020-09-15-um-19.00.34-768x505.png 768w, https:\/\/alte.mannschaft.lgbt\/bimber\/wp-content\/uploads\/2020\/09\/Bildschirmfoto-2020-09-15-um-19.00.34-561x369.png 561w, https:\/\/alte.mannschaft.lgbt\/bimber\/wp-content\/uploads\/2020\/09\/Bildschirmfoto-2020-09-15-um-19.00.34-364x239.png 364w, https:\/\/alte.mannschaft.lgbt\/bimber\/wp-content\/uploads\/2020\/09\/Bildschirmfoto-2020-09-15-um-19.00.34-728x478.png 728w, https:\/\/alte.mannschaft.lgbt\/bimber\/wp-content\/uploads\/2020\/09\/Bildschirmfoto-2020-09-15-um-19.00.34-608x399.png 608w, https:\/\/alte.mannschaft.lgbt\/bimber\/wp-content\/uploads\/2020\/09\/Bildschirmfoto-2020-09-15-um-19.00.34-758x498.png 758w, https:\/\/alte.mannschaft.lgbt\/bimber\/wp-content\/uploads\/2020\/09\/Bildschirmfoto-2020-09-15-um-19.00.34-73x48.png 73w, https:\/\/alte.mannschaft.lgbt\/bimber\/wp-content\/uploads\/2020\/09\/Bildschirmfoto-2020-09-15-um-19.00.34-146x96.png 146w, https:\/\/alte.mannschaft.lgbt\/bimber\/wp-content\/uploads\/2020\/09\/Bildschirmfoto-2020-09-15-um-19.00.34-313x206.png 313w, https:\/\/alte.mannschaft.lgbt\/bimber\/wp-content\/uploads\/2020\/09\/Bildschirmfoto-2020-09-15-um-19.00.34-400x263.png 400w\" data-sizes=\"(max-width: 1026px) 100vw, 1026px\" \/><\/a>In seinem Unternehmen gebe es viele LGBTIQ-Mitarbeiter*innen, die sich bei L\u00e4derach sehr wohl f\u00fchlten. \u00abSie haben uns auch Mut gemacht, als wir in der Kritik standen, und gesagt, dass sie die Aufregung nicht verstehen.\u00bb Von einer homosexuellen Mitarbeiterin wurde ein Statement auf der <a href=\"https:\/\/eu.laderach.com\/our-values\/\" target=\"_blank\" rel=\"noopener noreferrer\">Homepage<\/a> ver\u00f6ffentlicht. Dort wird Emanuela lo Piccolo mit den Worten zitiert, sie f\u00fchle sich bei L\u00e4derach nicht als Nummer, sondern als Frau und Mensch wertgesch\u00e4tzt. \u00abDas hat mich sehr gefreut\u00bb, so Johannes L\u00e4derach.<\/p>\n<p>Ein weiterer Kritikpunkt: L\u00e4derach hatte SVP-Mann Daniel Regli seinerzeit Sch\u00fctzenhilfe gegeben, als der einen Zusammenhang zwischen Suiziden bei Homosexuellen und der Funktionalit\u00e4t ihres Schliessmuskels hergestellt hat <a href=\"https:\/\/mannschaft.com\/2018\/05\/03\/analmuskel-2-0-regli-laesst-nicht-locker\/\" target=\"_blank\" rel=\"noopener noreferrer\">(MANNSCHAFT berichtete)<\/a>.<\/p>\n<p>Hier sei L\u00e4derach \u00abmissverstanden worden\u00bb. Es sei ihm nicht darum gegangen, die Aussage inhaltlich zu verteidigen.. Er wollte nur sagen, dass er es schade fand, dass man Regli nicht mit Argumenten widersprochen habe. \u00abHeute bin ich mir aber bewusst, und habe das an anderer Stelle auch schon gesagt, dass das ein schlecht gew\u00e4hltes Beispiel war, um die Debattenkultur zu thematisieren, weil es die Gef\u00fchle von Homosexuellen verletzt hat.\u00bb Das lag ihm damals fern und heute ebenso.<\/p>\n<p>Was die Fluggesellschaft Swiss angeht: Es hab ein gutes erstes kl\u00e4rendes Gespr\u00e4ch mit dem CEO gegeben, in dem viele Missverst\u00e4ndnisse ausger\u00e4umt worden. Ende des Jahres soll ein Treffen mit LGBTIQ-Vertretern der Swiss folgen.<\/p>\n<p>Die Familie L\u00e4derach ist in christlichen Kreisen aktiv, unter anderem in der Organisation des \u00abMarsch f\u00fcrs L\u00e4be\u00bb, ein j\u00e4hrlich stattfindender Demonstrationsmarsch f\u00fcr die Einf\u00fchrung eines generellen Abtreibungsverbots sowie eines Verbots der aktiven Sterbehilfe.<\/p>\n<p>Auf Anfrage der MANNSCHAFT beteuerte die Pressesprecherin von L\u00e4derach im vergangenen Jahr, dass das Unternehmen auf keine finanzielle Weise mit dem Verein \u00abMarsch f\u00fcrs L\u00e4be\u00bb verbunden sei. \u00abDas Engagement der Familie L\u00e4derach ist privater Natur und geschieht unabh\u00e4ngig von ihren Funktionen im Unternehmen.\u00bb Offen schwule und lesbische Angestellte seien bei der Firma willkommen und eine Nicht-Diskriminierung am Arbeitsplatz sei \u00abintegraler Teil der christlichen Ethik\u00bb.<\/p>\n<p>Das Engagement der Familie L\u00e4derach f\u00fchrte im August 2019 vermehrt zu Boykott-Aufrufen. \u00abViele wissen nicht, was dahintersteckt\u00bb, sagte Michael De Silva <a href=\"https:\/\/mannschaft.com\/2019\/09\/18\/alleine-gegen-den-schoggi-giganten-laederach\/\">gegen\u00fcber MANNSCHAFT<\/a>, der vor einer Filiale in Z\u00fcrich demonstrierte. L\u00e4derach ist u. a. auch in Berlin und Leipzig zu finden.<\/p>\n","protected":false},"excerpt":{"rendered":"<p>Chocolatier L\u00e4derach steht in der Kritik wegen der Verbindungen zu christlich-konservativen Vereinen. Jetzt nimmt Chef Johannes L\u00e4derach Stellung. Man habe \u00fcberhaupt kein Problem mit Lesben und Schwulen. <a class=\"g1-link g1-link-more\" href=\"https:\/\/alte.mannschaft.lgbt\/bimber\/laederach-wuerde-nie-menschen-wegen-der-sexuellen-ausrichtung-verurteilen\/\">Weiterlesen<\/a><\/p>\n","protected":false},"author":1,"featured_media":62027,"comment_status":"closed","ping_status":"closed","sticky":false,"template":"","format":"standard","meta":[],"categories":[1340],"tags":[5466,5461,56],"wps_subtitle":"Man habe \u00fcberhaupt kein Problem mit Lesben und Schwulen, sagt der L\u00e4derach-Chef","_links":{"self":[{"href":"https:\/\/alte.mannschaft.lgbt\/bimber\/wp-json\/wp\/v2\/posts\/91743"}],"collection":[{"href":"https:\/\/alte.mannschaft.lgbt\/bimber\/wp-json\/wp\/v2\/posts"}],"about":[{"href":"https:\/\/alte.mannschaft.lgbt\/bimber\/wp-json\/wp\/v2\/types\/post"}],"author":[{"embeddable":true,"href":"https:\/\/alte.mannschaft.lgbt\/bimber\/wp-json\/wp\/v2\/users\/1"}],"replies":[{"embeddable":true,"href":"https:\/\/alte.mannschaft.lgbt\/bimber\/wp-json\/wp\/v2\/comments?post=91743"}],"version-history":[{"count":0,"href":"https:\/\/alte.mannschaft.lgbt\/bimber\/wp-json\/wp\/v2\/posts\/91743\/revisions"}],"wp:featuredmedia":[{"embeddable":true,"href":"https:\/\/alte.mannschaft.lgbt\/bimber\/wp-json\/wp\/v2\/media\/62027"}],"wp:attachment":[{"href":"https:\/\/alte.mannschaft.lgbt\/bimber\/wp-json\/wp\/v2\/media?parent=91743"}],"wp:term":[{"taxonomy":"category","embeddable":true,"href":"https:\/\/alte.mannschaft.lgbt\/bimber\/wp-json\/wp\/v2\/categories?post=91743"},{"taxonomy":"post_tag","embeddable":true,"href":"https:\/\/alte.mannschaft.lgbt\/bimber\/wp-json\/wp\/v2\/tags?post=91743"}],"curies":[{"name":"wp","href":"https:\/\/api.w.org\/{rel}","templated":true}]}}