{"id":91724,"date":"2020-09-15T16:58:33","date_gmt":"2020-09-15T14:58:33","guid":{"rendered":"https:\/\/mannschaft.com\/?p=91724"},"modified":"2020-09-15T17:10:54","modified_gmt":"2020-09-15T15:10:54","slug":"appell-an-von-der-leyen-klare-worte-zu-polen","status":"publish","type":"post","link":"https:\/\/alte.mannschaft.lgbt\/bimber\/appell-an-von-der-leyen-klare-worte-zu-polen\/","title":{"rendered":"Appell an Ursula von der Leyen: Klare Worte zu Polen!"},"content":{"rendered":"<h3>Am Dienstag zeigten 32 Abgeordnete des Europ\u00e4schen Parlaments ihre Solidarit\u00e4t mit LGBTIQ in Polen und fordern von Kommissionspr\u00e4sidentin von der Leyen klare Worte.<\/h3>\n<p>Gemeinsam zeigten sich mit ihren farbigen Kleidern und Anz\u00fcgen die Regenbogen-Flagge. Bei Twitter erkl\u00e4rten sie: Morgen erhoffen wir uns von Kommissionspr\u00e4sidentin Ursula von der Leyen<br \/>\nklare Worte zu den Rechten von LGBTIQ-Personen und konkrete Massnahmen zum Schutz der Grundrechte. Am Mittwochmorgen h\u00e4lt von der Leyen ihre Rede zur Lage der Union.<\/p>\n<blockquote class=\"twitter-tweet lazyload\" data-expand=\"600\" data-script=\"https:\/\/platform.twitter.com\/widgets.js\"  data-width=\"550\" data-dnt=\"true\">\n<p lang=\"en\" dir=\"ltr\">\ud83c\udff3\ufe0f\u200d\ud83c\udf08\ud83c\uddf5\ud83c\uddf1 Today, 32 of our MEPs stood in solidarity with the Polish <a href=\"https:\/\/twitter.com\/hashtag\/LGBTI?src=hash&amp;ref_src=twsrc%5Etfw\">#LGBTI<\/a> community<\/p>\n<p>\ud83c\uddea\ud83c\uddfa\ud83c\udff3\ufe0f\u200d\ud83c\udf08 Tomorrow, we hope to see Pres. <a href=\"https:\/\/twitter.com\/vonderleyen?ref_src=twsrc%5Etfw\">@vonderleyen<\/a> clearly addressing the rights of <a href=\"https:\/\/twitter.com\/hashtag\/LGBTI?src=hash&amp;ref_src=twsrc%5Etfw\">#LGBTI<\/a> persons in Poland during the &#39;State of the Union&#39; and proposing concrete actions to protect fundamental rights <a href=\"https:\/\/t.co\/M8m0joTjmG\">pic.twitter.com\/M8m0joTjmG<\/a><\/p>\n<p>&mdash; LGBTI Intergroup (@LGBTIintergroup) <a href=\"https:\/\/twitter.com\/LGBTIintergroup\/status\/1305845701558050817?ref_src=twsrc%5Etfw\">September 15, 2020<\/a><\/p><\/blockquote>\n<p>Die LGBTI Intergroup ist ein partei\u00fcbergreifendes Netzwerk von Abgeordneten, die f\u00fcr LGBTIQ-Rechte k\u00e4mpfen. <a href=\"https:\/\/lgbti-ep.eu\/who-we-are\/members\/\" target=\"_blank\" rel=\"noopener noreferrer\">Dies sind die aktuellen Mitglieder, 138 an der Zahl.<\/a><\/p>\n<p>Monika Vana, Delegationsleiterin der \u00f6sterreichischen GR\u00dcNEN im Europ\u00e4ischen Parlament, fordert Anfang der Woche erkl\u00e4rt, das \u00abVertragsverletzungsverfahren gegen Polen m\u00fcsse ausgeweitet und versch\u00e4rft\u00bb werden. Die Kommission und Rat d\u00fcrften der offenen Verfolgung von LGBTIQ-Personen nicht l\u00e4nger tatenlos zuschauen.<\/p>\n<p>In Richtung der\u00a0Kommissionspr\u00e4sidentin forderte sie echtes Engagement f\u00fcr die verfolgte LGBTIQ-Community \u2013 man d\u00fcrfe sich nicht auf \u00abTwitter-Solidarit\u00e4tsadressen beschr\u00e4nken\u00bb.<\/p>\n<blockquote class=\"wp-embedded-content\" data-secret=\"aLHtjSwlwi\"><p><a href=\"https:\/\/mannschaft.com\/2020\/07\/16\/egmr-ungarn-muss-trans-mann-geschlechtsanpassung-ermoeglichen\/\">Ungarn muss trans Mann Geschlechtsanpassung erm\u00f6glichen<\/a><\/p><\/blockquote>\n<p><iframe class=\"wp-embedded-content\" sandbox=\"allow-scripts\" security=\"restricted\" style=\"position: absolute; clip: rect(1px, 1px, 1px, 1px);\" title=\"&#8222;Ungarn muss trans Mann Geschlechtsanpassung erm\u00f6glichen&#8220; &#8212; Mannschaft Magazin\" src=\"https:\/\/mannschaft.com\/2020\/07\/16\/egmr-ungarn-muss-trans-mann-geschlechtsanpassung-ermoeglichen\/embed\/#?secret=aLHtjSwlwi\" data-secret=\"aLHtjSwlwi\" width=\"600\" height=\"338\" frameborder=\"0\" marginwidth=\"0\" marginheight=\"0\" scrolling=\"no\"><\/iframe><\/p>\n<p>Die Europ\u00e4ische Union versteht sich als Raum der Freiheit, der Sicherheit und des Rechts f\u00fcr alle B\u00fcrger*innen . Da k\u00f6nne es nicht sein, \u00abdass Polens Regierung eine Gruppe von Staatsb\u00fcrger*innen konsequent ihrer Freiheit, Sicherheit und Rechte beraubt, dass Lesben, Schwule, trans und inter Personen zu politischen Zielscheiben von Hass gemacht und \u00f6ffentlich diskriminiert werden\u00bb, kritisiert Monika Vana.<\/p>\n<p>Dazu kommt, dass sich seit Mitte August mindestens 60 Kirchen einer \u00abStop LGBT\u00bb genannten Sammlung von Unterschriften angeschlossen haben, mit der die polnische \u00abPro Life\u00bb- und Anti-LGBTIQ-Aktivistin Katja Godek Pride Paraden verbieten lassen will. Mindestens 25 von ihnen haben dies in den letzten 25 Stunden getan, berichtete der LGBTIQ-Aktivist Kuba Gawron am Montag.<\/p>\n<p>Zusammen mit seiner Organisation\u00a0KPH (Kampagne gegen Homophobie) reichte\u00a0ILGA Europe am Montag bei der EU rechtliche Beschwerde gegen Polen ein <a href=\"https:\/\/mannschaft.com\/2020\/09\/15\/ilga-europe-reicht-bei-eu-rechtliche-beschwerde-gegen-polen-ein\/\" target=\"_blank\" rel=\"noopener noreferrer\">(MANNSCHAFT berichtete)<\/a>.<\/p>\n","protected":false},"excerpt":{"rendered":"<p>Am Dienstag zeigten 32 Abgeordnete des Europ\u00e4schen Parlaments ihre Solidarit\u00e4t mit LGBTIQ in Polen und fordern von Kommissionspr\u00e4sidentin von der Leyen klare Worte. Gemeinsam zeigten sich mit ihren farbigen Kleidern und Anz\u00fcgen die Regenbogen-Flagge. Bei Twitter erkl\u00e4rten sie: Morgen erhoffen wir uns von Kommissionspr\u00e4sidentin Ursula von der Leyen klare Worte zu den Rechten von LGBTIQ-Personen [&hellip;] <a class=\"g1-link g1-link-more\" href=\"https:\/\/alte.mannschaft.lgbt\/bimber\/appell-an-von-der-leyen-klare-worte-zu-polen\/\">Weiterlesen<\/a><\/p>\n","protected":false},"author":3,"featured_media":91730,"comment_status":"closed","ping_status":"closed","sticky":false,"template":"","format":"standard","meta":[],"categories":[2],"tags":[106,5544,2965],"wps_subtitle":"Am Mittwoch h\u00e4lt die EU-Kommissionspr\u00e4sidentin ihre Rede zur Lage der Union","_links":{"self":[{"href":"https:\/\/alte.mannschaft.lgbt\/bimber\/wp-json\/wp\/v2\/posts\/91724"}],"collection":[{"href":"https:\/\/alte.mannschaft.lgbt\/bimber\/wp-json\/wp\/v2\/posts"}],"about":[{"href":"https:\/\/alte.mannschaft.lgbt\/bimber\/wp-json\/wp\/v2\/types\/post"}],"author":[{"embeddable":true,"href":"https:\/\/alte.mannschaft.lgbt\/bimber\/wp-json\/wp\/v2\/users\/3"}],"replies":[{"embeddable":true,"href":"https:\/\/alte.mannschaft.lgbt\/bimber\/wp-json\/wp\/v2\/comments?post=91724"}],"version-history":[{"count":0,"href":"https:\/\/alte.mannschaft.lgbt\/bimber\/wp-json\/wp\/v2\/posts\/91724\/revisions"}],"wp:featuredmedia":[{"embeddable":true,"href":"https:\/\/alte.mannschaft.lgbt\/bimber\/wp-json\/wp\/v2\/media\/91730"}],"wp:attachment":[{"href":"https:\/\/alte.mannschaft.lgbt\/bimber\/wp-json\/wp\/v2\/media?parent=91724"}],"wp:term":[{"taxonomy":"category","embeddable":true,"href":"https:\/\/alte.mannschaft.lgbt\/bimber\/wp-json\/wp\/v2\/categories?post=91724"},{"taxonomy":"post_tag","embeddable":true,"href":"https:\/\/alte.mannschaft.lgbt\/bimber\/wp-json\/wp\/v2\/tags?post=91724"}],"curies":[{"name":"wp","href":"https:\/\/api.w.org\/{rel}","templated":true}]}}