{"id":90893,"date":"2020-09-05T14:23:31","date_gmt":"2020-09-05T12:23:31","guid":{"rendered":"https:\/\/mannschaft.com\/?p=90893"},"modified":"2020-09-06T21:22:03","modified_gmt":"2020-09-06T19:22:03","slug":"erfurt-will-hass-bus-der-demo-fuer-alle-stoppen","status":"publish","type":"post","link":"https:\/\/alte.mannschaft.lgbt\/bimber\/erfurt-will-hass-bus-der-demo-fuer-alle-stoppen\/","title":{"rendered":"Erfurt will \u00abHass-Bus\u00bb der Demo f\u00fcr alle stoppen"},"content":{"rendered":"<h3>Der sogenannte \u00abHass-Bus\u00bb der Demo f\u00fcr alle tourt vom 6. bis 12. September wieder durch Deutschland. Am kommenden Sonntag machen die erzkonservativen Aktivist*innen Station in Erfurt. Der LSVD ruft zur Gegenkundgebung.<\/h3>\n<p>Die Bewegung\u00a0Demo f\u00fcr alle selbst nennt ihn \u00abBus der Meinungsfreiheit\u00bb und macht Stimmung gegen das Thematisieren von sexueller und geschlechtlicher Vielfalt im Unterricht. Man will ein Zeichen \u00abf\u00fcr den Schutz unserer Kinder und gegen Kindesmissbrauch\u00bb setzen. Zum Protest dagegen ruft der LSVD auf.<\/p>\n<blockquote class=\"wp-embedded-content\" data-secret=\"dv0NAIGgEG\"><p><a href=\"https:\/\/mannschaft.com\/2020\/03\/31\/corona-so-nutzen-rechte-die-krise-fuer-hetze-gegen-lgbtiq\/\">So nutzen AfD &#038; Co. die Krise f\u00fcr Hetze gegen \u00abGendergaga\u00bb<\/a><\/p><\/blockquote>\n<p><iframe class=\"wp-embedded-content\" sandbox=\"allow-scripts\" security=\"restricted\" style=\"position: absolute; clip: rect(1px, 1px, 1px, 1px);\" title=\"&#8222;So nutzen AfD &#038; Co. die Krise f\u00fcr Hetze gegen \u00abGendergaga\u00bb&#8220; &#8212; Mannschaft Magazin\" src=\"https:\/\/mannschaft.com\/2020\/03\/31\/corona-so-nutzen-rechte-die-krise-fuer-hetze-gegen-lgbtiq\/embed\/#?secret=dv0NAIGgEG\" data-secret=\"dv0NAIGgEG\" width=\"600\" height=\"338\" frameborder=\"0\" marginwidth=\"0\" marginheight=\"0\" scrolling=\"no\"><\/iframe><\/p>\n<p>\u00abDie Demo f\u00fcr alle ist ein antifeministisches B\u00fcndnis aus dem ultrakatholischen Spektrum, das regelm\u00e4ssig gegen die Akzeptanz von LGBTIQ Stimmung macht\u00bb, heisst es in der Ank\u00fcndigung des LSVD Th\u00fcringen. Er ruft unter dem Motto \u00abKein Millimeter nach Rechts \u2013 Queerfeindlichkeit konsequent entgegenstellen!\u00bb gemeinsam mit weiteren Organisationen zu Protesten in Erfurt auf. Auch die CSD-Vereine aus Erfurt, Jena und Weimar, die Mitte Oktober zur gemeinsamen Pride einladen <a href=\"https:\/\/mannschaft.com\/2020\/07\/30\/der-erste-csd-thueringen-soll-in-weimar-stattfinden\/\" target=\"_blank\" rel=\"noopener noreferrer\">(MANNSCHAFT berichtete)<\/a>, rufen zur Teilnahme auf.<\/p>\n<p>Die Anh\u00e4ngerschaft aus dem \u00abHass-Bus\u00bb der Demo f\u00fcr alle wolle aus Kita und Schule verdr\u00e4ngen, was heute schon Realit\u00e4t ist, heisst es in der Ank\u00fcndigung weiter. \u00abFamilien und Kinder sind vielf\u00e4ltig. Diese Vielfalt muss sich genauso in Kinder- und Schulb\u00fcchern wiederfinden, wie auch im Unterricht.\u00bb<\/p>\n<p>Die Demo-f\u00fcr-alle-Bewegung sieht darin einen Angriff auf Ehe und Familie. \u00abStatt Kinder und Jugendliche vor Anfeindungen und Ausgrenzungen zu sch\u00fctzen, gef\u00e4hrdet sie besonders junge Menschen mit ihren kruden Thesen\u00bb, erkl\u00e4rt Sabine Stelzl aus dem Landesvorstand LSVD Th\u00fcringen.<\/p>\n<p>Initiatorin der bundesweiten Stimmungsmache ist Hedwig von Beverfoerde. Das ehemalige CDU-Mitglied ist Autorin der rechtpopulistischen <em>Freien Welt<\/em>\u00a0und war lange Zeit Sprecherin der Initiative Familienschutz um die AfD-Politikerin Beatrix von Storch.<\/p>\n<p>Beverfoerde und ihre Mitstreiter*innen polemisieren gegen Vielfalt und Aufkl\u00e4rung im Unterricht. Lehrpl\u00e4ne mit dem Ziel, Homophobie abzubauen und eine offene, respektvolle Gesellschaft zu schaffen, werden von Hedwig von Beverfoerde und den evangelikalen Christ*innen um sie herum als \u00ab\u00fcbergriffiger Sex-Unterricht\u00bb verleumdet.<\/p>\n<blockquote class=\"wp-embedded-content\" data-secret=\"Yep3Ht3EIF\"><p><a href=\"https:\/\/mannschaft.com\/2020\/08\/20\/premiere-jugendsender-fritz-vom-rbb-gendert-jetzt\/\">Premiere: Jugendsender Fritz vom RBB gendert k\u00fcnftig<\/a><\/p><\/blockquote>\n<p><iframe class=\"wp-embedded-content\" sandbox=\"allow-scripts\" security=\"restricted\" style=\"position: absolute; clip: rect(1px, 1px, 1px, 1px);\" title=\"&#8222;Premiere: Jugendsender Fritz vom RBB gendert k\u00fcnftig&#8220; &#8212; Mannschaft Magazin\" src=\"https:\/\/mannschaft.com\/2020\/08\/20\/premiere-jugendsender-fritz-vom-rbb-gendert-jetzt\/embed\/#?secret=Yep3Ht3EIF\" data-secret=\"Yep3Ht3EIF\" width=\"600\" height=\"338\" frameborder=\"0\" marginwidth=\"0\" marginheight=\"0\" scrolling=\"no\"><\/iframe><\/p>\n<p>Es gehe im Kern darum, die \u00abnat\u00fcrlichen Schamgrenzen der Kinder und Jugendlichen zu \u00fcberwinden und zu durchbrechen\u00bb, wird etwa auf dem<a href=\"https:\/\/demofueralle.blog\/2018\/09\/07\/bus-der-meinungsfreiheit-startet-mit-auftaktdemo-am-8-sept-in-regensburg\/#more-18109\" target=\"_blank\" rel=\"noopener noreferrer\">\u00a0demofueralle.blog<\/a> behauptet. Mit solchen Argumenten ist man ganz auf Linie der AfD, die immer wieder gegen \u00abFr\u00fchsexualisierung\u00bb hetzt.<\/p>\n<p>Bruder im Geiste der Demo f\u00fcr alle ist Polens Kommissar f\u00fcr Kinderrechte. Miko\u0142aj Pawlak behauptet n\u00e4mlich, Sexualerzieher*innen pumpten Kinder mit Drogen voll, um deren Geschlecht zu \u00e4ndern <a href=\"https:\/\/mannschaft.com\/2020\/09\/04\/polens-kommissar-fuer-kinderrechte-verbreitet-luegen-ueber-lgbtiq\/\" target=\"_blank\" rel=\"noopener noreferrer\">(MANNSCHAFT berichtete)<\/a>.<\/p>\n<p>Die Demo f\u00fcr alle unterst\u00fctze laut LSVD die Hetze gegen Lesben, Schwule, Bisexuelle, trans, inter und queere Menschen in Polen und agitiere gegen die Istanbul-Konvention, die sich f\u00fcr den Gewaltschutz von Frauen ausspricht. In Deutschland setze sich das LGBTIQ-feindliche B\u00fcndnis gegen die Aufnahme der Kinderrechte ins Grundgesetz ein und zeige damit \u00abihr wahres Verst\u00e4ndnis von Kinderschutz\u00bb.<\/p>\n<p><a href=\"https:\/\/www.facebook.com\/events\/706735176851562\/\" target=\"_blank\" rel=\"noopener noreferrer\">Die Gegenkundgebung findet am Sonntag, den 6. September ab 11.30 Uhr auf dem Domplatz in Erfurt statt. <\/a>Zwei Tage sp\u00e4ter, am Dienstag, will der Bus um 15 Uhr vor dem Roten Rathaus in Berlin Station machen.<\/p>\n<p>Die Anti-LGBTIQ-Aktivist*innen k\u00fcndigen eine siebent\u00e4gige Bustour an, die erneut in Kooperation mit der Petitionsplattform CitizenGO durchgef\u00fchrt werde. Man wolle \u00abaufgrund pandemie-begr\u00fcndeter beh\u00f6rdlicher Einschr\u00e4nkungen\u00bb auf weitere Kundgebungen verzichten.<\/p>\n","protected":false},"excerpt":{"rendered":"<p>Der sogenannte \u00abHass-Bus\u00bb der Demo f\u00fcr alle tourt wieder durch Deutschland. Am Sonntag machen die erzkonservativen Aktivist*innen Station in Erfurt. <a class=\"g1-link g1-link-more\" href=\"https:\/\/alte.mannschaft.lgbt\/bimber\/erfurt-will-hass-bus-der-demo-fuer-alle-stoppen\/\">Weiterlesen<\/a><\/p>\n","protected":false},"author":1,"featured_media":90899,"comment_status":"closed","ping_status":"closed","sticky":false,"template":"","format":"standard","meta":[],"categories":[3],"tags":[5531,5466,5544,5461,2803],"wps_subtitle":"Der Lesben- und Schwulenverband Th\u00fcringen ruft f\u00fcr Sonntag zur Gegenkundgebung auf","_links":{"self":[{"href":"https:\/\/alte.mannschaft.lgbt\/bimber\/wp-json\/wp\/v2\/posts\/90893"}],"collection":[{"href":"https:\/\/alte.mannschaft.lgbt\/bimber\/wp-json\/wp\/v2\/posts"}],"about":[{"href":"https:\/\/alte.mannschaft.lgbt\/bimber\/wp-json\/wp\/v2\/types\/post"}],"author":[{"embeddable":true,"href":"https:\/\/alte.mannschaft.lgbt\/bimber\/wp-json\/wp\/v2\/users\/1"}],"replies":[{"embeddable":true,"href":"https:\/\/alte.mannschaft.lgbt\/bimber\/wp-json\/wp\/v2\/comments?post=90893"}],"version-history":[{"count":0,"href":"https:\/\/alte.mannschaft.lgbt\/bimber\/wp-json\/wp\/v2\/posts\/90893\/revisions"}],"wp:featuredmedia":[{"embeddable":true,"href":"https:\/\/alte.mannschaft.lgbt\/bimber\/wp-json\/wp\/v2\/media\/90899"}],"wp:attachment":[{"href":"https:\/\/alte.mannschaft.lgbt\/bimber\/wp-json\/wp\/v2\/media?parent=90893"}],"wp:term":[{"taxonomy":"category","embeddable":true,"href":"https:\/\/alte.mannschaft.lgbt\/bimber\/wp-json\/wp\/v2\/categories?post=90893"},{"taxonomy":"post_tag","embeddable":true,"href":"https:\/\/alte.mannschaft.lgbt\/bimber\/wp-json\/wp\/v2\/tags?post=90893"}],"curies":[{"name":"wp","href":"https:\/\/api.w.org\/{rel}","templated":true}]}}