{"id":90852,"date":"2020-09-04T22:00:52","date_gmt":"2020-09-04T20:00:52","guid":{"rendered":"https:\/\/mannschaft.com\/?p=90852"},"modified":"2020-09-08T09:31:54","modified_gmt":"2020-09-08T07:31:54","slug":"coming-out-um-ein-zufriedenes-leben-zu-fuehren","status":"publish","type":"post","link":"https:\/\/alte.mannschaft.lgbt\/bimber\/coming-out-um-ein-zufriedenes-leben-zu-fuehren\/","title":{"rendered":"\u00abMuss ich mich outen, um zufrieden zu leben?\u00bb"},"content":{"rendered":"<h3>Peter F\u00e4sslacher ist Moderator und Sendungsverantwortlicher bei ORF III und Stimme des Podcasts <a href=\"https:\/\/mannschaft.com\/2020\/02\/06\/podcast-schwul-schluss-mit-dem-schweigen\/\" target=\"_blank\" rel=\"noopener noreferrer\">\u00abReden ist Gold\u00bb<\/a> \u00fcber die Liebe und das Leben mit Menschen der LGBTIQ-Community. In seinem Kommentar* geht es um den Wert des Coming-outs.\u00a0 Der Text stammt aus der <a href=\"https:\/\/mannschaft.com\/2020\/07\/01\/lgbtiq-news-mit-der-mannschaft-durch-den-sommer\/\" target=\"_blank\" rel=\"noopener noreferrer\">Sommer-Ausgabe der MANNSCHAFT<\/a>.<\/h3>\n<p>Es gibt eine Frage, die sich jeder schwule Mann schon einmal gestellt hat. Zumindest f\u00fcr einen kurzen Moment. Sie lautet: \u00abMuss ich mich eigentlich outen, um ein zufriedenes Leben zu f\u00fchren?\u00bb<\/p>\n<blockquote class=\"wp-embedded-content\" data-secret=\"Ww2GtysGsY\"><p><a href=\"https:\/\/mannschaft.com\/2020\/08\/31\/ich-hatte-auch-nie-ein-coming-out-ich-habe-ein-buehnenprogramm\/\">\u00abIch hatte nie ein Coming-out \u2013 ich habe ein B\u00fchnenprogramm!\u00bb<\/a><\/p><\/blockquote>\n<p><iframe class=\"wp-embedded-content\" sandbox=\"allow-scripts\" security=\"restricted\" style=\"position: absolute; clip: rect(1px, 1px, 1px, 1px);\" title=\"&#8222;\u00abIch hatte nie ein Coming-out \u2013 ich habe ein B\u00fchnenprogramm!\u00bb&#8220; &#8212; Mannschaft Magazin\" src=\"https:\/\/mannschaft.com\/2020\/08\/31\/ich-hatte-auch-nie-ein-coming-out-ich-habe-ein-buehnenprogramm\/embed\/#?secret=Ww2GtysGsY\" data-secret=\"Ww2GtysGsY\" width=\"600\" height=\"338\" frameborder=\"0\" marginwidth=\"0\" marginheight=\"0\" scrolling=\"no\"><\/iframe><\/p>\n<p>Viele w\u00fcrden darauf intuitiv mit \u00abJa\u00bb antworten: Weil man erst danach wirklich frei sein k\u00f6nne. Weil man sich sonst ein Leben lang verstecken m\u00fcsse. Aber stimmt das wirklich? Ist ein Coming-out notwendig, um gl\u00fccklich zu sein?<\/p>\n<p>Der pers\u00f6nliche Reifegrad schwuler M\u00e4nner wird mittlerweile daran gemessen, wie entspannt sie in der \u00d6ffentlichkeit mit ihrem Schwulsein umgehen. Dabei gilt: Wer sich zeigt, hat das Ziel erreicht. Wer sich nicht zeigt, ist bestenfalls noch auf dem Weg.<\/p>\n<p>Heute lautet der Refrain des \u00abrichtigen\u00bb schwulen Lebens: \u00abOut and Proud\u00bb. Sichtbarkeit hat l\u00e4ngst einen h\u00f6heren Wert als Unsichtbarkeit. Aber warum eigentlich?<\/p>\n<p>Nur weil die Gesellschaft liberaler wird, bedeutet es nicht zwangsl\u00e4ufig, dass der pers\u00f6nliche Schritt, sich zu zeigen, dadurch leichter f\u00e4llt. \u00c4ngste sind irrational und richten sich in ihrer Intensit\u00e4t nicht unbedingt nach dem steigenden Toleranzgrad einer Gesellschaft. Viele Jahrzehnte wurde \u2013 und wird noch immer\u202f\u2013 daf\u00fcr gek\u00e4mpft, dass Homo- und Heterosexuelle als gleichwertig angesehen werden. Vielleicht sollte man auch einmal daf\u00fcr k\u00e4mpfen, dass die pers\u00f6nliche Entscheidung f\u00fcr oder gegen ein Coming-out als ebenso gleichwertig angesehen wird?<\/p>\n<p><strong>Coming-out und die Dimension der Notwendigkeit<br \/>\n<\/strong>Man k\u00f6nnte versuchen, die Frage \u00abMuss ich mich eigentlich outen?\u00bb neu zu formulieren. Sie k\u00f6nnte lauten: \u00abWer bin ich in meiner sexuellen Identit\u00e4t als schwuler Mann? Bin ich jemand, der sich \u00f6ffentlich zeigt? Oder bin ich jemand, der es lieber f\u00fcr sich beh\u00e4lt?\u00bb So gestellt, bekommt die Frage nach der Notwendigkeit des Coming-out eine ganz andere Dimension: Es geht pl\u00f6tzlich um so viel mehr als nur um ein Ja oder ein Nein.<\/p>\n<blockquote class=\"wp-embedded-content\" data-secret=\"L21yyskH3Z\"><p><a href=\"https:\/\/mannschaft.com\/2020\/08\/13\/belgischer-pop-star-angele-outet-sich-als-lesbisch\/\">Belgischer Pop-Star Ang\u00e8le outet sich als lesbisch<\/a><\/p><\/blockquote>\n<p><iframe class=\"wp-embedded-content\" sandbox=\"allow-scripts\" security=\"restricted\" style=\"position: absolute; clip: rect(1px, 1px, 1px, 1px);\" title=\"&#8222;Belgischer Pop-Star Ang\u00e8le outet sich als lesbisch&#8220; &#8212; Mannschaft Magazin\" src=\"https:\/\/mannschaft.com\/2020\/08\/13\/belgischer-pop-star-angele-outet-sich-als-lesbisch\/embed\/#?secret=L21yyskH3Z\" data-secret=\"L21yyskH3Z\" width=\"600\" height=\"338\" frameborder=\"0\" marginwidth=\"0\" marginheight=\"0\" scrolling=\"no\"><\/iframe><\/p>\n<p>Es geht darum, wer ich bin und wie ich mein Leben f\u00fchren m\u00f6chte. Es geht darum, zu erforschen, welche Bed\u00fcrfnisse ich habe und wie ich mich und mein Selbstverst\u00e4ndnis definiere. Und egal,ob ich mich dann f\u00fcr oder gegen ein Coming-out entscheide: So, wie ich mich entscheide, ist es f\u00fcr mich richtig. Die Entscheidung f\u00fcr ein Coming-out ist gleich viel wert wie die Entscheidung gegen ein Coming-out.<\/p>\n<p>Wer sich dagegen entscheidet, muss etwas genauer hinsehen und sich fragen: Wer hat diese Entscheidung eigentlich getroffen? War ich es selbst? Oder war es die Angst, die sich als freie Entscheidung verkleidet hat?<\/p>\n<p>Das Ziel der LGBTIQ-Aktivist*innen ist eine gleichberechtigte Gesellschaft \u2013 Voraussetzung daf\u00fcr ist die Sichtbarkeit. Das Ziel jedes einzelnen sollte es jedoch sein, die individuell stimmigste Form zu finden, sein eigenes Leben zu gestalten. Und die Voraussetzung daf\u00fcr ist die M\u00f6glichkeit zur freien Wahl: M\u00f6chte ich mich zeigen oder m\u00f6chte ich es nicht?<\/p>\n<blockquote><p>Kein Druck entstehen, sich \u00f6ffentlich bekennen zu m\u00fcssen<\/p><\/blockquote>\n<p>Die Entwicklung hin zu einer liberaleren Gesellschaft darf nicht als Befehl an die pers\u00f6nliche Entwicklung verstanden werden. Sondern als Angebot. Es soll kein Druck entstehen, sich \u00f6ffentlich bekennen zu m\u00fcssen. Eine liberale Gesellschaft soll die freie Wahl erm\u00f6glichen und einem die Angst nehmen, etwas bef\u00fcrchten zu m\u00fcssen, wenn man sich f\u00fcr ein Coming-out entscheidet.<\/p>\n<blockquote class=\"wp-embedded-content\" data-secret=\"bZU4w3y2dI\"><p><a href=\"https:\/\/mannschaft.com\/2020\/05\/28\/neue-studie-lgbtiq-sichtbarkeit-erhoeht-akzeptanz\/\">Neue Studie: LGBTIQ-Sichtbarkeit erh\u00f6ht Akzeptanz<\/a><\/p><\/blockquote>\n<p><iframe class=\"wp-embedded-content\" sandbox=\"allow-scripts\" security=\"restricted\" style=\"position: absolute; clip: rect(1px, 1px, 1px, 1px);\" title=\"&#8222;Neue Studie: LGBTIQ-Sichtbarkeit erh\u00f6ht Akzeptanz&#8220; &#8212; Mannschaft Magazin\" src=\"https:\/\/mannschaft.com\/2020\/05\/28\/neue-studie-lgbtiq-sichtbarkeit-erhoeht-akzeptanz\/embed\/#?secret=bZU4w3y2dI\" data-secret=\"bZU4w3y2dI\" width=\"600\" height=\"338\" frameborder=\"0\" marginwidth=\"0\" marginheight=\"0\" scrolling=\"no\"><\/iframe><\/p>\n<p>\u00abDon\u2019t hide your Pride\u00bb \u2013 so lautete das Motto des diesj\u00e4hrigen CSD in Berlin <a href=\"https:\/\/mannschaft.com\/2020\/06\/29\/ich-mach-dich-platt-lesbenfeindlicher-angriff-am-rande-des-csd\/\" target=\"_blank\" rel=\"noopener noreferrer\">(der einen lesbenfeindlichen Angriff nach sich zog &#8211; MANNSCHAFT berichtete)<\/a>. F\u00fcr das Ziel einer liberaleren Gesellschaft ist dieser Spruch ein kraftvolles State\u00adment. F\u00fcr die pers\u00f6nliche Entwicklung ein charmanter Befehl. Dabei m\u00fcsste man dem Motto nur einen kurzen Satz hinzuf\u00fcgen, damit sich darin alle wiederfinden k\u00f6nnen: \u00abDon\u2019t hide your Pride. But you decide.\u00bb<\/p>\n<p><em>*Jeden Samstag ver\u00f6ffentlichen wir auf MANNSCHAFT.com einen Kommentar oder eine Glosse zu einem aktuellen Thema, das die LGBTIQ-Community bewegt. Die Meinung der Autor*innen spiegelt nicht zwangsl\u00e4ufig die Meinung der Redaktion wider.<\/em><\/p>\n","protected":false},"excerpt":{"rendered":"<p>Peter F\u00e4sslacher ist Moderator und Sendungsverantwortlicher bei ORF III und Stimme des Podcasts \u00abReden ist Gold\u00bb \u00fcber die Liebe und das Leben mit Menschen der LGBTIQ-Community. Er lebt in Wien. <a class=\"g1-link g1-link-more\" href=\"https:\/\/alte.mannschaft.lgbt\/bimber\/coming-out-um-ein-zufriedenes-leben-zu-fuehren\/\">Weiterlesen<\/a><\/p>\n","protected":false},"author":1793,"featured_media":90866,"comment_status":"closed","ping_status":"closed","sticky":false,"template":"","format":"standard","meta":[],"categories":[3270,4371],"tags":[5438,5442,5493],"wps_subtitle":"Es soll keinen Druck geben, die eigene Sexualit\u00e4t \u00f6ffentlich zu machen, meint unser Kommentator","_links":{"self":[{"href":"https:\/\/alte.mannschaft.lgbt\/bimber\/wp-json\/wp\/v2\/posts\/90852"}],"collection":[{"href":"https:\/\/alte.mannschaft.lgbt\/bimber\/wp-json\/wp\/v2\/posts"}],"about":[{"href":"https:\/\/alte.mannschaft.lgbt\/bimber\/wp-json\/wp\/v2\/types\/post"}],"author":[{"embeddable":true,"href":"https:\/\/alte.mannschaft.lgbt\/bimber\/wp-json\/wp\/v2\/users\/1793"}],"replies":[{"embeddable":true,"href":"https:\/\/alte.mannschaft.lgbt\/bimber\/wp-json\/wp\/v2\/comments?post=90852"}],"version-history":[{"count":0,"href":"https:\/\/alte.mannschaft.lgbt\/bimber\/wp-json\/wp\/v2\/posts\/90852\/revisions"}],"wp:featuredmedia":[{"embeddable":true,"href":"https:\/\/alte.mannschaft.lgbt\/bimber\/wp-json\/wp\/v2\/media\/90866"}],"wp:attachment":[{"href":"https:\/\/alte.mannschaft.lgbt\/bimber\/wp-json\/wp\/v2\/media?parent=90852"}],"wp:term":[{"taxonomy":"category","embeddable":true,"href":"https:\/\/alte.mannschaft.lgbt\/bimber\/wp-json\/wp\/v2\/categories?post=90852"},{"taxonomy":"post_tag","embeddable":true,"href":"https:\/\/alte.mannschaft.lgbt\/bimber\/wp-json\/wp\/v2\/tags?post=90852"}],"curies":[{"name":"wp","href":"https:\/\/api.w.org\/{rel}","templated":true}]}}