{"id":89950,"date":"2020-08-25T18:58:28","date_gmt":"2020-08-25T16:58:28","guid":{"rendered":"https:\/\/mannschaft.com\/?p=89950"},"modified":"2020-08-25T22:31:42","modified_gmt":"2020-08-25T20:31:42","slug":"lgbtiq-jugend-fordert-mehr-einsatz-der-kommunalpolitik-im-coming-out","status":"publish","type":"post","link":"https:\/\/alte.mannschaft.lgbt\/bimber\/lgbtiq-jugend-fordert-mehr-einsatz-der-kommunalpolitik-im-coming-out\/","title":{"rendered":"LGBTIQ-Jugend fordert mehr Einsatz der Kommunalpolitik im Coming-out"},"content":{"rendered":"<h3>Anl\u00e4sslich der bevorstehenden Kommunalwahl in NRW haben 50 LGBTIQ-Jugendliche am Dienstag auf dem Alter Markt in K\u00f6ln demonstriert. Ihr Ziel: mehr Unterst\u00fctzung f\u00fcr ihre Lebenslage.<\/h3>\n<p>Sie fordern unter anderem mehr kommunale F\u00f6rderung f\u00fcr die Aufkl\u00e4rungsarbeit zu sexueller und geschlechtlicher Vielfalt, Angebote f\u00fcr die LGBTIQ-Jugend auch in den rechtsrheinischen Regionen sowie die dauerhafte F\u00f6rderung einer trans Jugendarbeit und eines spezialisierten Angebots f\u00fcr LGBTIQ-Jugendliche mit Migrations- und Fluchtgeschichte.<\/p>\n<figure id=\"attachment_89954\" aria-describedby=\"caption-attachment-89954\" style=\"width: 2560px\" class=\"wp-caption alignnone\"><a href=\"https:\/\/mannschaft.com\/bimber\/wp-content\/uploads\/2020\/08\/MARIUS_4-scaled.jpg\"><img data-expand=\"600\" decoding=\"async\" loading=\"lazy\" class=\"lazyload wp-image-89954 size-full\" src=\"data:image\/svg+xml;charset=utf-8,%3Csvg xmlns%3D'http%3A%2F%2Fwww.w3.org%2F2000%2Fsvg' viewBox%3D'0 0 2560 1707'%2F%3E\" data-src=\"https:\/\/mannschaft.com\/bimber\/wp-content\/uploads\/2020\/08\/MARIUS_4-scaled.jpg\" alt=\"LGBTIQ-Jugend\" width=\"2560\" height=\"1707\" data-srcset=\"https:\/\/alte.mannschaft.lgbt\/bimber\/wp-content\/uploads\/2020\/08\/MARIUS_4-scaled.jpg 2560w, https:\/\/alte.mannschaft.lgbt\/bimber\/wp-content\/uploads\/2020\/08\/MARIUS_4-300x200.jpg 300w, https:\/\/alte.mannschaft.lgbt\/bimber\/wp-content\/uploads\/2020\/08\/MARIUS_4-425x283.jpg 425w, https:\/\/alte.mannschaft.lgbt\/bimber\/wp-content\/uploads\/2020\/08\/MARIUS_4-768x512.jpg 768w, https:\/\/alte.mannschaft.lgbt\/bimber\/wp-content\/uploads\/2020\/08\/MARIUS_4-1536x1024.jpg 1536w, https:\/\/alte.mannschaft.lgbt\/bimber\/wp-content\/uploads\/2020\/08\/MARIUS_4-2048x1366.jpg 2048w, https:\/\/alte.mannschaft.lgbt\/bimber\/wp-content\/uploads\/2020\/08\/MARIUS_4-180x120.jpg 180w, https:\/\/alte.mannschaft.lgbt\/bimber\/wp-content\/uploads\/2020\/08\/MARIUS_4-561x374.jpg 561w, https:\/\/alte.mannschaft.lgbt\/bimber\/wp-content\/uploads\/2020\/08\/MARIUS_4-1122x748.jpg 1122w, https:\/\/alte.mannschaft.lgbt\/bimber\/wp-content\/uploads\/2020\/08\/MARIUS_4-364x243.jpg 364w, https:\/\/alte.mannschaft.lgbt\/bimber\/wp-content\/uploads\/2020\/08\/MARIUS_4-728x485.jpg 728w, https:\/\/alte.mannschaft.lgbt\/bimber\/wp-content\/uploads\/2020\/08\/MARIUS_4-608x405.jpg 608w, https:\/\/alte.mannschaft.lgbt\/bimber\/wp-content\/uploads\/2020\/08\/MARIUS_4-758x505.jpg 758w, https:\/\/alte.mannschaft.lgbt\/bimber\/wp-content\/uploads\/2020\/08\/MARIUS_4-1152x768.jpg 1152w, https:\/\/alte.mannschaft.lgbt\/bimber\/wp-content\/uploads\/2020\/08\/MARIUS_4-72x48.jpg 72w, https:\/\/alte.mannschaft.lgbt\/bimber\/wp-content\/uploads\/2020\/08\/MARIUS_4-144x96.jpg 144w, https:\/\/alte.mannschaft.lgbt\/bimber\/wp-content\/uploads\/2020\/08\/MARIUS_4-313x209.jpg 313w, https:\/\/alte.mannschaft.lgbt\/bimber\/wp-content\/uploads\/2020\/08\/MARIUS_4-400x267.jpg 400w\" data-sizes=\"(max-width: 2560px) 100vw, 2560px\" \/><\/a><figcaption id=\"caption-attachment-89954\" class=\"wp-caption-text\">LGBTIQ-Jugend demonstriert in K\u00f6ln (Foto: Marius Steffen)<\/figcaption><\/figure>\n<p>\u00abK\u00f6ln ist zwar eine der queerfreundlichsten St\u00e4dte in Deutschland, aber trotzdem haben wir als Jugendliche noch immer mit Herausforderungen zu k\u00e4mpfen\u00bb, sagt Bela, Besucher des Jugendhauses anyway. Dort engagiert er sich im Projekt #mitmischen, das sich mit gesellschaftspolitischer Teilhabe von LGBTIQ-Jugendlichen besch\u00e4ftigt.<\/p>\n<p>In den vergangenen Wochen haben die Jugendlichen in diesem Projekt zu Kommunalpolitik und der K\u00f6lnwahl diskutiert. Dabei haben sie erarbeitet, wo sie im Alltag noch Diskriminierung erfahren und Unterst\u00fctzung ben\u00f6tigen. 17 Forderungen sind entstanden \u2013 so genannte Wahlpr\u00fcfsteine. Zu eben diesen haben sie die CDU, SPD, GR\u00dcNE, LINKE und AfD um eine Stellungnahme gebeten. Wie sich die einzelnen Parteien zu im Detail aufstellen, ist <a href=\"http:\/\/www.anyway-koeln.de\/wahl\" target=\"_blank\" rel=\"noopener noreferrer\">hier<\/a> zu finden und soll jenen Menschen bei der Wahlentscheidung helfen, denen ein diskriminierungsfreies Aufwachsen von lesbische, schwulen, bi, trans und queeren Jugendlichen am Herzen liegt.<\/p>\n<p>\u00abDie meisten Parteien haben erkannt, dass sich K\u00f6ln nicht auf dem bereits Erreichten ausruhen kann\u00bb, sagt Thomas aus dem Projekt #mitmischen. \u00abWir als Jugendliche hoffen, dass die Bekenntnisse der Parteien nun auch vom n\u00e4chsten Rat umgesetzt werden\u00bb, so der Student weiter.<\/p>\n<blockquote class=\"wp-embedded-content\" data-secret=\"CEOLdW5uoZ\"><p><a href=\"https:\/\/mannschaft.com\/2020\/08\/24\/jennifer-lopez-zeigt-film-ueber-trans-familienmitglied\/\">Jennifer Lopez zeigt Film \u00fcber trans Familienmitglied<\/a><\/p><\/blockquote>\n<p><iframe class=\"wp-embedded-content\" sandbox=\"allow-scripts\" security=\"restricted\" style=\"position: absolute; clip: rect(1px, 1px, 1px, 1px);\" title=\"&#8222;Jennifer Lopez zeigt Film \u00fcber trans Familienmitglied&#8220; &#8212; Mannschaft Magazin\" src=\"https:\/\/mannschaft.com\/2020\/08\/24\/jennifer-lopez-zeigt-film-ueber-trans-familienmitglied\/embed\/#?secret=CEOLdW5uoZ\" data-secret=\"CEOLdW5uoZ\" width=\"600\" height=\"338\" frameborder=\"0\" marginwidth=\"0\" marginheight=\"0\" scrolling=\"no\"><\/iframe><\/p>\n<p>Grosse Einigkeit herrscht bereits bei der Frage, dass die Bedarfe rund um das Coming-out statistisch erhoben werden soll. Bei der letzten Jugendbefragung der Stadt wurden LGBTIQ-Jugendliche zum Beispiel vergessen. Das darf nicht wieder vorkommen. Eine kleine Studie des anyway r\u00fcttelte in der ersten Jahresh\u00e4lfte die Kommunalpolitik wach. In dieser war herausgekommen, dass mehr als die H\u00e4lfte der LGBTIQ-Jugendlichen aufgrund ihrer Identit\u00e4t gemobbt oder beschimpft werden, jede 4. Person sogar k\u00f6rperliche Gewalt erfahren hat und 17 Prozent der queeren Jugendlichen bereits einen oder mehrere Suizidversuche hinter sich haben.<\/p>\n<p>Das hat auch James erlebt. Der 23-J\u00e4hrige hatte nichts \u00fcber sexuelle oder geschlechtliche Vielfalt in der Schule gelernt. Lange Zeit wusste er nicht, wo er hingeh\u00f6rt. Er erlebte deshalb doppeltes Coming-out \u2013 erst als lesbische Frau, sp\u00e4ter als trans Mann. F\u00fcr ihn waren die Pubert\u00e4t und die Jahre danach vor allem eine Zeit der Diskriminierung und psychischen Belastung.<\/p>\n<p>\u00abMich hat das Coming-out und die heftigen Reaktionen darauf f\u00fcnf Jahre Lebensqualit\u00e4t gekostet\u201c, sagt James. Ein Suizidversuch und schwere Depressionen waren die Folge des Mobbing in Schule und auf der Arbeit. Unter anderem durfte er als trans Mann nicht die M\u00e4nnertoilette benutzen, wurde konsequent mit seinem alten Frauennamen angesprochen und das Getuschel unter den Kolleg*innen war gross. Am Anfang seines trans Coming-outs h\u00e4tte er sich deshalb besonders ein w\u00f6chentliches Angebot gew\u00fcnscht, an der er einfach nur er selbst sein und sich mit anderen Jugendlichen austauschen kann. In K\u00f6ln allerdings ist das so nicht m\u00f6glich. Eigene Angebote f\u00fcr trans Jugendliche werden nur von Jahr zu Jahr vom Land NRW gef\u00f6rdert.<\/p>\n<blockquote class=\"wp-embedded-content\" data-secret=\"ckxWnDtKxu\"><p><a href=\"https:\/\/mannschaft.com\/2020\/08\/20\/premiere-jugendsender-fritz-vom-rbb-gendert-jetzt\/\">Premiere: Jugendsender Fritz vom RBB gendert k\u00fcnftig<\/a><\/p><\/blockquote>\n<p><iframe class=\"wp-embedded-content\" sandbox=\"allow-scripts\" security=\"restricted\" style=\"position: absolute; clip: rect(1px, 1px, 1px, 1px);\" title=\"&#8222;Premiere: Jugendsender Fritz vom RBB gendert k\u00fcnftig&#8220; &#8212; Mannschaft Magazin\" src=\"https:\/\/mannschaft.com\/2020\/08\/20\/premiere-jugendsender-fritz-vom-rbb-gendert-jetzt\/embed\/#?secret=ckxWnDtKxu\" data-secret=\"ckxWnDtKxu\" width=\"600\" height=\"338\" frameborder=\"0\" marginwidth=\"0\" marginheight=\"0\" scrolling=\"no\"><\/iframe><\/p>\n<p>Diskriminierung erlebte auch Jara in der Schule. \u00abVon meiner Klasse kamen Kommentare, die mir mein Lesbischsein ausreden wollten und die sagten, dass ich ekelhaft sei. Meine Erfahrungen zu teilen, war in der Schule schwer. Am schlimmsten finde ich, dass ich auch von einem Lehrer die Abneigung zu sp\u00fcren bekam. Er wollte sogar, dass ich mich mit Jungen treffen, obwohl er wusste, dass ich mich nicht f\u00fcr Jungs interessiere\u00bb, sagt die 16-j\u00e4hrige.<\/p>\n<p>Auch sie hatte alles in sich reingefressen. Selbstverletzendes Verhalten und auch Suizidgedanken waren die Folge. Jara fordert deshalb, dass die Aufkl\u00e4rungs- und Antidiskriminierungsarbeit in K\u00f6ln ausgebaut wird, sodass zuk\u00fcnftig an jeder Schule eine Sensibilisierung f\u00fcr sexuelle und geschlechtliche Vielfalt stattfinden kann.<\/p>\n<p>Das Projekt #mitmischen wird gef\u00f6rdert vom Ministerium f\u00fcr Kinder, Familie, Fl\u00fcchtlinge und Integration des Landes Nordrhein-Westfalen.<\/p>\n<hr \/>\n<p><strong>Brauchst du Hilfe?<\/strong>\u00a0Wende dich in der Schweiz telefonisch an die Nummer 147 (mehr Informationen auf\u00a0<a href=\"http:\/\/www.147.ch\/\">www.147.ch<\/a>) oder schreibe an die Berater*innen von\u00a0<a href=\"http:\/\/www.du-bist-du.ch\/\" target=\"_blank\" rel=\"noopener noreferrer\">Du-bist-Du.ch.\u00a0<\/a>\u00a0In<strong>\u00a0\u00d6sterreich<\/strong>\u00a0hilft die HOSI Wien (zu B\u00fcro\u00f6ffnungszeiten) unter (+43) 660 2166605, das\u00a0<a href=\"https:\/\/www.gesundheit.gv.at\/leben\/suizidpraevention\/inhalt\" target=\"_blank\" rel=\"noopener noreferrer\">Kriseninterventionszentrum<\/a>\u00a0oder f\u00fcr LGBTIQ die psychosoziale Beratungsstelle\u00a0<a href=\"https:\/\/www.courage-beratung.at\/\" target=\"_blank\" rel=\"noopener noreferrer\">Courage<\/a>. In\u00a0<strong>Deutschland<\/strong>\u00a0gibt es unter anderem den\u00a0<a href=\"https:\/\/www.vlsp.de\/beratung-therapie\/informationen\" target=\"_blank\" rel=\"noopener noreferrer\">Verband f\u00fcr lesbische, schwule, bisexuelle, trans, intersexuelle und queere Menschen in der Psychologie<\/a>, in St\u00e4dten wie K\u00f6ln hilft\u00a0<a href=\"https:\/\/www.rubicon-koeln.de\/Kontakt.493.0.html\" target=\"_blank\" rel=\"noopener noreferrer\">Rubicon<\/a>.<\/p>\n","protected":false},"excerpt":{"rendered":"<p>Anl\u00e4sslich der Kommunalwahl im September haben 50 LGBTIQ-Jugendliche am Dienstag auf dem Alter Markt in K\u00f6ln demonstriert. Ihr Ziel: mehr Unterst\u00fctzung f\u00fcr ihre Lebenslage. <a class=\"g1-link g1-link-more\" href=\"https:\/\/alte.mannschaft.lgbt\/bimber\/lgbtiq-jugend-fordert-mehr-einsatz-der-kommunalpolitik-im-coming-out\/\">Weiterlesen<\/a><\/p>\n","protected":false},"author":1,"featured_media":89951,"comment_status":"closed","ping_status":"closed","sticky":false,"template":"","format":"standard","meta":[],"categories":[3],"tags":[5442,5434,5544],"wps_subtitle":"Am 13. September 2020 wird in NRW gew\u00e4hlt","_links":{"self":[{"href":"https:\/\/alte.mannschaft.lgbt\/bimber\/wp-json\/wp\/v2\/posts\/89950"}],"collection":[{"href":"https:\/\/alte.mannschaft.lgbt\/bimber\/wp-json\/wp\/v2\/posts"}],"about":[{"href":"https:\/\/alte.mannschaft.lgbt\/bimber\/wp-json\/wp\/v2\/types\/post"}],"author":[{"embeddable":true,"href":"https:\/\/alte.mannschaft.lgbt\/bimber\/wp-json\/wp\/v2\/users\/1"}],"replies":[{"embeddable":true,"href":"https:\/\/alte.mannschaft.lgbt\/bimber\/wp-json\/wp\/v2\/comments?post=89950"}],"version-history":[{"count":0,"href":"https:\/\/alte.mannschaft.lgbt\/bimber\/wp-json\/wp\/v2\/posts\/89950\/revisions"}],"wp:featuredmedia":[{"embeddable":true,"href":"https:\/\/alte.mannschaft.lgbt\/bimber\/wp-json\/wp\/v2\/media\/89951"}],"wp:attachment":[{"href":"https:\/\/alte.mannschaft.lgbt\/bimber\/wp-json\/wp\/v2\/media?parent=89950"}],"wp:term":[{"taxonomy":"category","embeddable":true,"href":"https:\/\/alte.mannschaft.lgbt\/bimber\/wp-json\/wp\/v2\/categories?post=89950"},{"taxonomy":"post_tag","embeddable":true,"href":"https:\/\/alte.mannschaft.lgbt\/bimber\/wp-json\/wp\/v2\/tags?post=89950"}],"curies":[{"name":"wp","href":"https:\/\/api.w.org\/{rel}","templated":true}]}}