{"id":89305,"date":"2020-08-16T17:23:04","date_gmt":"2020-08-16T15:23:04","guid":{"rendered":"https:\/\/mannschaft.com\/?p=89305"},"modified":"2020-08-20T23:17:52","modified_gmt":"2020-08-20T21:17:52","slug":"budapest-pride-stadt-gehoert-allen-auch-lgbtiq","status":"publish","type":"post","link":"https:\/\/alte.mannschaft.lgbt\/bimber\/budapest-pride-stadt-gehoert-allen-auch-lgbtiq\/","title":{"rendered":"\u00abBudapest geh\u00f6rt allen!\u00bb &#8211; auch LGBTIQ"},"content":{"rendered":"<h3>Gergely Szilveszter Kar\u00e1csony ist seit Oktober Oberb\u00fcrgermeister von Budapest und Ko-Vorsitzender der gr\u00fcnen Partei Dialog f\u00fcr Ungarn <em>(P\u00e1rbesz\u00e9d). <\/em>Zur Budapest Pride liess er jetzt die Regenbogenfahne vor dem Rathaus hissen.<\/h3>\n<p>Im Oktober 2019 wurde der bisherige Budapester Bezirksb\u00fcrgermeister von Zugl\u00f3 zum Oberb\u00fcrgermeister gew\u00e4hlt, Sein Wahlkampf-Slogan lautete: \u00abBudapest geh\u00f6rt allen!\u00bb<\/p>\n<blockquote class=\"wp-embedded-content\" data-secret=\"3e7Me7UvpY\"><p><a href=\"https:\/\/mannschaft.com\/2020\/07\/16\/egmr-ungarn-muss-trans-mann-geschlechtsanpassung-ermoeglichen\/\">Ungarn muss trans Mann Geschlechtsanpassung erm\u00f6glichen<\/a><\/p><\/blockquote>\n<p><iframe class=\"wp-embedded-content\" sandbox=\"allow-scripts\" security=\"restricted\" style=\"position: absolute; clip: rect(1px, 1px, 1px, 1px);\" title=\"&#8222;Ungarn muss trans Mann Geschlechtsanpassung erm\u00f6glichen&#8220; &#8212; Mannschaft Magazin\" src=\"https:\/\/mannschaft.com\/2020\/07\/16\/egmr-ungarn-muss-trans-mann-geschlechtsanpassung-ermoeglichen\/embed\/#?secret=3e7Me7UvpY\" data-secret=\"3e7Me7UvpY\" width=\"600\" height=\"338\" frameborder=\"0\" marginwidth=\"0\" marginheight=\"0\" scrolling=\"no\"><\/iframe><\/p>\n<p>Dass das nicht nur leere Worte sind, bewies Gergely Kar\u00e1csony jetzt anl\u00e4sslich des Budapest Pride Festivals die Regenbogenflagge vor dem Budapester Rathauses hissen &#8211; zum ersten Mal seit dem Regierungswechsel in der Hauptstadt. <a href=\"https:\/\/mannschaft.com\/2020\/08\/14\/innenminister-verbietet-regenbogenflagge-in-neustrelitz\/\" target=\"_blank\" rel=\"noopener noreferrer\">(In Neustrelitz wurde das gleiche Vorhaben gerade vom zust\u00e4ndigen CDU-Landesminister verboten &#8211; MANNSCHAFT berichtete)<\/a>.<\/p>\n<p>Aufgrund der aktuellen Corona-Situation wird die geplant Pride Parade durch alternative Ereignisse ersetzt. Das Pride Festival bleibe aber unver\u00e4ndert,<a href=\"https:\/\/www.facebook.com\/budapestpride\/\" target=\"_blank\" rel=\"noopener noreferrer\"> teilten die Organisator*innen auf Facebook mit <\/a>&#8211; und laden zu insgesamt 37 Veranstaltungen bis zum 23. August ein.<\/p>\n<p>Die F\u00fchrung der Hauptstadt arbeite seit Oktober daran, dass alle Bewohner*innen und Gemeinden sp\u00fcren k\u00f6nnen, dass Budapest auch ihr Zuhause ist, schrieb Gergely Kar\u00e1csony bei Facebook. \u00abWir glauben, dass Budapest die Stadt der Rechte statt die Stadt der Privilegien sein sollte, in der jeder f\u00fcr seine Meinung, Weltsicht und Identit\u00e4t einstehen kann.&#8220;<\/p>\n<p><iframe loading=\"lazy\" style=\"border: none; overflow: hidden;\" src=\"https:\/\/www.facebook.com\/plugins\/post.php?href=https%3A%2F%2Fwww.facebook.com%2Fkaracsonygergely%2Fposts%2F3497778506921637&amp;width=500\" width=\"500\" height=\"630\" frameborder=\"0\" scrolling=\"no\"><\/iframe><\/p>\n<p>Die LGBTQ Community setzt sich zum 25. Mal in diesem Jahr f\u00fcr ihre Rechte ein. In den letzten Jahren konnten sie dank der zunehmend akzeptierenden Gemeinschaft Budapests und der professionellen Zusammenarbeit mit Organisatoren die Freiheit der Liebe mit einer friedlichen und fr\u00f6hlichen Parade feiern. Leider l\u00e4sst die Pandemie-Situation dieses Jahr keine \u00e4hnlichen Massenveranstaltungen zu, aber die Programme des Budapest Pride Cultural Festival werden gem\u00e4ss den Gesundheitsvorschriften durchgef\u00fchrt.<\/p>\n<p>Mit dem Hissen der Regenbogenflagge vor dem Rathaus wolle man klarstellen: Budapest sei stolz auf alle B\u00fcrger*innen, die ihre Freiheit leben und f\u00fcr ihre eigene Gemeinschaft einstehen. \u00abJeder, der dies tut, tut es schliesslich nicht nur f\u00fcr seine eigene Gemeinde, sondern f\u00fcr alle Gemeinden. Eine akzeptierende Stadt ist gut f\u00fcr alle Gemeinden. Nicht nur f\u00fcr diejenigen, die zur LGBTIQ Community geh\u00f6ren, sondern auch f\u00fcr diejenigen, die ihr Leben auf ganz andere Weise leben\u00bb, erkl\u00e4rte der linke Politiker.<\/p>\n<blockquote class=\"wp-embedded-content\" data-secret=\"lopsVIIW1Y\"><p><a href=\"https:\/\/mannschaft.com\/2020\/07\/01\/lgbtiq-news-mit-der-mannschaft-durch-den-sommer\/\">Mit der neuen MANNSCHAFT durch den Sommer<\/a><\/p><\/blockquote>\n<p><iframe class=\"wp-embedded-content\" sandbox=\"allow-scripts\" security=\"restricted\" style=\"position: absolute; clip: rect(1px, 1px, 1px, 1px);\" title=\"&#8222;Mit der neuen MANNSCHAFT durch den Sommer&#8220; &#8212; Mannschaft Magazin\" src=\"https:\/\/mannschaft.com\/2020\/07\/01\/lgbtiq-news-mit-der-mannschaft-durch-den-sommer\/embed\/#?secret=lopsVIIW1Y\" data-secret=\"lopsVIIW1Y\" width=\"600\" height=\"338\" frameborder=\"0\" marginwidth=\"0\" marginheight=\"0\" scrolling=\"no\"><\/iframe><\/p>\n<p>\u00abIch hoffe, dass wir n\u00e4chstes Jahr gemeinsam in Budapest die Pride Route gehen und gemeinsam die Freiheit der Liebe feiern k\u00f6nnen\u00bb, so der 45-J\u00e4hrige, der bei einer Umfrage vor zwei Jahren zum beliebtesten Oppositionspolitiker gek\u00fcrt wurde.<\/p>\n<p>Auf Landesebene sieht es in Ungarn ganz anders aus. Im Mai hatte das ungarische Parlament mit der rechtsnationalen Regierungsmehrheit aus Fidesz und Christdemokraten ein Gesetz (Artikel 33) verabschiedet, nach dem beim Standesamt k\u00fcnftig nur noch das \u00abGeschlecht zur Geburt\u00bb erfasst werden soll <a href=\"https:\/\/mannschaft.com\/2020\/05\/19\/ungarn-versagt-trans-und-inter-menschen-rechtliche-anerkennung\/\" target=\"_blank\" rel=\"noopener noreferrer\">(MANNSCHAFT berichtete)<\/a>. Vorname und Geschlechtsangabe sind damit nicht mehr \u00e4nderbar.<\/p>\n<p>In Sachen Homohass kooperiert das Land mit Russland. Dort ist\u00a0der Kampf gegen LGBTIQ-Rechte \u2013 auch international \u2013 ein fester Bestandteil der Strategie, die liberale Demokratie der Europ\u00e4ischen Union zu untergraben. \u00dcber internationale homophobe Netzwerke kn\u00fcpfte der russische Geheimdienst Kontakte zu Vertreter*innen der Regierung Ungarns <a href=\"https:\/\/mannschaft.com\/2019\/10\/21\/so-kooperieren-russland-und-ungarn-in-sachen-homohass\/\" target=\"_blank\" rel=\"noopener noreferrer\">(MANNSCHAFT berichtete)<\/a>.<\/p>\n","protected":false},"excerpt":{"rendered":"<p>Gergely Kar\u00e1csony ist seit Oktober Oberb\u00fcrgermeister von Budapest und Ko-Vorsitzender der gr\u00fcnen Partei P\u00e1rbesz\u00e9d. Zur Budapest Pride liess er jetzt die Regenbogenfahne vor dem Rathaus hissen. <a class=\"g1-link g1-link-more\" href=\"https:\/\/alte.mannschaft.lgbt\/bimber\/budapest-pride-stadt-gehoert-allen-auch-lgbtiq\/\">Weiterlesen<\/a><\/p>\n","protected":false},"author":1,"featured_media":89306,"comment_status":"closed","ping_status":"closed","sticky":false,"template":"","format":"standard","meta":[],"categories":[2],"tags":[5531,3196],"wps_subtitle":"Zur Budapest Pride liess Oberb\u00fcrgermeister Kar\u00e1csony die Regenbogenfahne vor dem Rathaus hissen","_links":{"self":[{"href":"https:\/\/alte.mannschaft.lgbt\/bimber\/wp-json\/wp\/v2\/posts\/89305"}],"collection":[{"href":"https:\/\/alte.mannschaft.lgbt\/bimber\/wp-json\/wp\/v2\/posts"}],"about":[{"href":"https:\/\/alte.mannschaft.lgbt\/bimber\/wp-json\/wp\/v2\/types\/post"}],"author":[{"embeddable":true,"href":"https:\/\/alte.mannschaft.lgbt\/bimber\/wp-json\/wp\/v2\/users\/1"}],"replies":[{"embeddable":true,"href":"https:\/\/alte.mannschaft.lgbt\/bimber\/wp-json\/wp\/v2\/comments?post=89305"}],"version-history":[{"count":0,"href":"https:\/\/alte.mannschaft.lgbt\/bimber\/wp-json\/wp\/v2\/posts\/89305\/revisions"}],"wp:featuredmedia":[{"embeddable":true,"href":"https:\/\/alte.mannschaft.lgbt\/bimber\/wp-json\/wp\/v2\/media\/89306"}],"wp:attachment":[{"href":"https:\/\/alte.mannschaft.lgbt\/bimber\/wp-json\/wp\/v2\/media?parent=89305"}],"wp:term":[{"taxonomy":"category","embeddable":true,"href":"https:\/\/alte.mannschaft.lgbt\/bimber\/wp-json\/wp\/v2\/categories?post=89305"},{"taxonomy":"post_tag","embeddable":true,"href":"https:\/\/alte.mannschaft.lgbt\/bimber\/wp-json\/wp\/v2\/tags?post=89305"}],"curies":[{"name":"wp","href":"https:\/\/api.w.org\/{rel}","templated":true}]}}