{"id":87695,"date":"2020-07-27T08:33:55","date_gmt":"2020-07-27T06:33:55","guid":{"rendered":"https:\/\/mannschaft.com\/?p=87695"},"modified":"2020-07-27T08:53:15","modified_gmt":"2020-07-27T06:53:15","slug":"so-kaempft-queer-pfaffenhofen-fuer-die-polnischen-lgbtiq","status":"publish","type":"post","link":"https:\/\/alte.mannschaft.lgbt\/bimber\/so-kaempft-queer-pfaffenhofen-fuer-die-polnischen-lgbtiq\/","title":{"rendered":"So k\u00e4mpft Queer Pfaffenhofen f\u00fcr die polnischen LGBTIQ"},"content":{"rendered":"<h3>Pfaffenhofen hat die Partnerschaft mit dem polnischen Tarn\u00f3w auslaufen lassen, nachdem sich die Gemeinde einer LGBTIQ-feindlichen Resolution angeschlossen hatte. Das queere Netzwerk im Regierungsbezirk Oberbayern k\u00e4mpft nun f\u00fcr die Wiederherstellung der W\u00fcrde der polnischen Queers und ihrer Menschenrechte.<\/h3>\n<p>Als bekannt wurde, dass sich die Partnergemeinde Tarn\u00f3w &#8211; in der sich auch der Ort Tuch\u00f3w liegt, mit dem der Gemeinderat des franz\u00f6sischen Saint-Jean-de-Braye die 25-j\u00e4hrige Partnerschaft aufgek\u00fcndigt hat &#8211; einer LGBTIQ-feindlichen Resolution angeschlossen hatte, wollten die Aktivist*innen vom Netzwerk <a href=\"http:\/\/www.queer-pfaffenhofen.de\/\" target=\"_blank\" rel=\"noopener noreferrer\">Queer Pfaffenhofen\u00a0<\/a> genauere Informationen erhalten und suchten Kontakt zu einem queeren Netzwerk in Polen. So kam der Kontakt zwischen den Aktivist*innen von <em>T\u0119czowy Tarn\u00f3w<\/em> und dem Netzwerk Queer Pfaffenhofen zustande. Danach wandte man sich an die lokale Politik.<\/p>\n<blockquote class=\"wp-embedded-content\" data-secret=\"2x99KWiZyB\"><p><a href=\"https:\/\/mannschaft.com\/2020\/07\/24\/polen-zieht-ikea-nach-einsatz-gegen-homophobie-vor-gericht\/\">Wegen Homophobie entlassen: Polen zieht Ikea vor Gericht<\/a><\/p><\/blockquote>\n<p><iframe class=\"wp-embedded-content\" sandbox=\"allow-scripts\" security=\"restricted\" style=\"position: absolute; clip: rect(1px, 1px, 1px, 1px);\" title=\"&#8222;Wegen Homophobie entlassen: Polen zieht Ikea vor Gericht&#8220; &#8212; Mannschaft Magazin\" src=\"https:\/\/mannschaft.com\/2020\/07\/24\/polen-zieht-ikea-nach-einsatz-gegen-homophobie-vor-gericht\/embed\/#?secret=2x99KWiZyB\" data-secret=\"2x99KWiZyB\" width=\"600\" height=\"338\" frameborder=\"0\" marginwidth=\"0\" marginheight=\"0\" scrolling=\"no\"><\/iframe><\/p>\n<p>Am 12. Juni fand die erste Videokonferenz mit <em>T\u0119czowy Tarn\u00f3w<\/em> statt. F\u00fcr die Queers aus Pfaffenhofen nahmen Claudia Hander und Norbert M\u00e4rz teil sowie der Stadtrat und SPD-Kreisvorsitzende Markus K\u00e4ser.<\/p>\n<p><strong>Erste Hilferufe gingen unter<\/strong><br \/>\n\u00abWir tauschten uns mit den drei polnischen Aktivistinnen Monika, Greta und Zuzanna zur aktuellen Lage in Tarn\u00f3w aus und empfingen ihre klare Bitte, die Landkreispartnerschaft zu beenden, um ein Signal zu setzen\u00bb, berichten die drei gegen\u00fcber MANNSCHAFT.<\/p>\n<p>In jenem Gespr\u00e4ch stellte sich heraus, dass die polnischen Aktivist*innen bereits im Februar und M\u00e4rz mit zwei deutlichen Hilferufen an das Landratsamt herangetreten war. Doch die Appelle blieben unbeantwortet. \u00abDer erste Hilferuf fiel in die Zeit des Wechsels des Landrats und wurde auf die Seite gelegt und der zweite Hilferuf landete Angabe gem\u00e4ss im Spam-Ordner\u00bb.<\/p>\n<p>In der Folge vereinbarten die beiden queeren Netzwerke eine Zusammenarbeit, und auch SPD-Mann K\u00e4ser bot seine Unterst\u00fctzung an. DiePartnerschaft wurde daraufhin in einem einstimmigen Kreistagsbeschluss Mitte Juni auf Eis gelegt <a href=\"https:\/\/mannschaft.com\/2020\/06\/19\/pfaffenhofen-legt-partnerschaft-mit-tarnow-polen-auf-eis\/\" target=\"_blank\" rel=\"noopener noreferrer\">(MANNSCHAFT berichtete)<\/a><\/p>\n<blockquote><p>Unser Selbstvertrauen und unsere Selbstachtung wurden zerst\u00f6rt.<\/p><\/blockquote>\n<p>Zwar hat die Resolution keine rechtlichen Konsequenzen. Doch sie habe \u00abgr\u00fcnes Licht f\u00fcr physische Gewalt, Mangel an Respekt und Hassreden gegen LGBTIQ gegeben\u00bb, so die Aktivistin Monika Bujak gegen\u00fcber dem <a href=\"https:\/\/www.donaukurier.de\/lokales\/pfaffenhofen\/Ich-muss-mich-verstecken;art600,4605556\" target=\"_blank\" rel=\"noopener noreferrer\"><em>Donaukurier<\/em><\/a>. \u00abMich sch\u00fcchtert das ein\u00bb, erkl\u00e4rte ein\u00a0 weiteres Mitglied der LGBTIQ-Community. \u00abDas ist der erste Schritt, ich habe Angst, was als N\u00e4chstes kommt.\u00bb Eine andere meint: \u00abUnser Selbstvertrauen und unsere Selbstachtung wurden zerst\u00f6rt.\u00bb<br \/>\n<iframe loading=\"lazy\" style=\"border: none; overflow: hidden;\" src=\"https:\/\/www.facebook.com\/plugins\/video.php?href=https%3A%2F%2Fwww.facebook.com%2Fschaffenhofen%2Fvideos%2F2711449879111259%2F&amp;show_text=0&amp;width=560\" width=\"560\" height=\"315\" frameborder=\"0\" scrolling=\"no\" allowfullscreen=\"allowfullscreen\"><\/iframe><\/p>\n<p>Der Landkreis Pfaffenhofen liess die Partnerschaft mit Tarn\u00f3w zum 3. Juli auslaufen, und im Kreisausschuss einigten sich die Mitglieder schliesslich darauf, einen offenen Dialog mit dem polnischen Landkreis zu starten. Die Entscheidung \u00fcber eine Fortsetzung der Partnerschaft soll der Kreistag im September treffen.<\/p>\n<p>Die SPD Pfaffenhofen startete eine Aktion, die zu einem offenen Brief mit vielen offiziellen und privaten Unterschriften f\u00fchrte, der in der <em>Gazeta Wyborcza<\/em> ganzseitig abgedruckt wird. Queer Pfaffenhofen wollte ein deutlicheres Signal setzen, und so entwickelte man mit den polnischen Aktivist*innen zus\u00e4tzlich einen eigenen Brief <a href=\"https:\/\/mannschaft.com\/bimber\/wp-content\/uploads\/2020\/07\/Wyborcza_Krakow.pdf\">(PDF)<\/a>, der Mitte Juli in derselben Zeitung ver\u00f6ffentlicht wurde. Darin heisst es u.a.:<\/p>\n<p>\u00abWir werden Euch bei Eurem Kampf f\u00fcr Aufkl\u00e4rung und Wiederherstellung der Menschenrechte und Eure gesellschaftliche Gleichstellung unterst\u00fctzen [&#8230;] Ihr seid nicht allein. Nehmen wir die Partnerschaft in unsere eigene Hand.\u00bb<\/p>\n<p>Die Aktivistin Monika Bujak hat Queer Pfaffenhofen daraufhin \u00fcbermittelt: \u00abIch habe ein paar Nachrichten von LGBTIQ-Leuten bekommen, die sagten, dass das sehr herzerw\u00e4rmend war und dass sie sich gesehen f\u00fchlten. Sie waren auch dankbar f\u00fcr unsere Initiative.\u00bb Sie wollte beide Publikationen an den Kreisvorsitzenden von Tarn\u00f3w, Roman \u0141ucarz, senden und auf eine Antwort warten.<\/p>\n<blockquote class=\"wp-embedded-content\" data-secret=\"TNSRL8upR7\"><p><a href=\"https:\/\/mannschaft.com\/2020\/07\/01\/lgbtiq-news-mit-der-mannschaft-durch-den-sommer\/\">Mit der neuen MANNSCHAFT durch den Sommer<\/a><\/p><\/blockquote>\n<p><iframe class=\"wp-embedded-content\" sandbox=\"allow-scripts\" security=\"restricted\" style=\"position: absolute; clip: rect(1px, 1px, 1px, 1px);\" title=\"&#8222;Mit der neuen MANNSCHAFT durch den Sommer&#8220; &#8212; Mannschaft Magazin\" src=\"https:\/\/mannschaft.com\/2020\/07\/01\/lgbtiq-news-mit-der-mannschaft-durch-den-sommer\/embed\/#?secret=TNSRL8upR7\" data-secret=\"TNSRL8upR7\" width=\"600\" height=\"338\" frameborder=\"0\" marginwidth=\"0\" marginheight=\"0\" scrolling=\"no\"><\/iframe><\/p>\n<p>Der PiS-Politiker \u0141ucarz (PiS), hatte noch im Juni seine Position bekr\u00e4ftigt. Man wolle selber entscheiden, welche Werte man in den Schulen den Kindern beibringe &#8211; offiziell wird in Polen Homophobie verpackt als ein Bem\u00fchen, junge Menschen zu \u00absch\u00fctzen\u00bb. \u00abAls freie Menschen, da wir Katholiken sind, da wir Werte vertreten \u2013 sprich Glaube und Familie \u2013, die seit tausend Jahren unsere nationale Identit\u00e4t gebildet haben, so haben wir das Recht und die Pflicht, dies auch klar und deutlich auszusprechen.\u00bb Eine Partnerschaft bedeute schliesslich auch nicht, in allen Punkten einverstanden zu sein, so der PiS-Mann.<\/p>\n<p>In Pfaffenhofen, berichten die drei Aktivist*innen Norbert M\u00e4rz, Andreas Sigl-M\u00e4rz und Claudia Hander, sei die Stimmung gespalten. \u00abEinige Parteien unterst\u00fctzen uns in unserem Einsatz f\u00fcr Tarn\u00f3w und bef\u00fcrworten, die Partnerschaft erst fortzusetzen, wenn sich Roman \u0141ucarz gegen die Resolution entscheidet und die EU-Charta der Menschenrechte in den neuen Vertrag einfliesst.\u00bb<\/p>\n<p>Andere Parteien, vom rechten bis ganz rechten Spektrum, w\u00fcnschen keine Einmischung und wollen das Thema klein reden. Die AfD sprach von \u00abschlechtem Stil\u00bb <a href=\"https:\/\/mannschaft.com\/2020\/06\/23\/afd-gegen-beendigung-von-staedtepartnerschaft-wegen-lgbt-freie-zonen\/\" target=\"_blank\" rel=\"noopener noreferrer\">(MANNSCHAFT berichtete)<\/a>.<\/p>\n<blockquote class=\"wp-embedded-content\" data-secret=\"WxxtbdraWS\"><p><a href=\"https:\/\/mannschaft.com\/2020\/01\/06\/keine-schwule-kunst-mehr-rechtsruck-in-polen-erreicht-museen\/\">Keine schwule Kunst mehr \u2013 Rechtsruck in Polen erreicht Museen<\/a><\/p><\/blockquote>\n<p><iframe class=\"wp-embedded-content\" sandbox=\"allow-scripts\" security=\"restricted\" style=\"position: absolute; clip: rect(1px, 1px, 1px, 1px);\" title=\"&#8222;Keine schwule Kunst mehr \u2013 Rechtsruck in Polen erreicht Museen&#8220; &#8212; Mannschaft Magazin\" src=\"https:\/\/mannschaft.com\/2020\/01\/06\/keine-schwule-kunst-mehr-rechtsruck-in-polen-erreicht-museen\/embed\/#?secret=WxxtbdraWS\" data-secret=\"WxxtbdraWS\" width=\"600\" height=\"338\" frameborder=\"0\" marginwidth=\"0\" marginheight=\"0\" scrolling=\"no\"><\/iframe><\/p>\n<p>\u00dcber den geplanten Dialog mit Tarn\u00f3w wissen man noch nichts Konkretes. \u00abDa wir nicht glauben, dass ein Dialog ohne uns zustande kommt, planen wir Anfang September einen Runden Tisch hier in Pfaffenhofen, wozu wir die Aktivistinnen von T\u0119czowy Tarn\u00f3w und unsere regionalen Politiker einladen.\u00bb Man wolle den Politiker*innen deutlich machen, was die \u00abLGBT-freien Zonen\u00bb f\u00fcr die Menschen dort bedeuten und erreichen, dass die Partnerschaft erst wieder aufgenommen werde, wenn die menschenrechtsverachtende Einstellung fallen gelassen werde.<\/p>\n<p>Derweil marschiert Polen weiter Richtung Mittelalter. Am Wochenende wurde bekannt, dass eine internationale Konvention aufgek\u00fcndigt werden soll, die Gewalt gegen Frauen als Verbrechen einstuft. Der Europarat, eine paneurop\u00e4ische Organisation mit 47 Mitgliedstaaten, die das Abkommen gr\u00fcndete, nannte den Vorstoss des Justizministers \u00abalarmierend\u00bb.<\/p>\n<p>\u00abDas Aufk\u00fcndigen der Istanbuler Konvention w\u00e4re sehr bedauerlich und ein enormer R\u00fcckschritt beim Schutz von Frauen vor Gewalt in Europa\u00bb, so die Generalsekret\u00e4rin des Europarats, Marija Pej\u010dinovi\u0107 Buri\u0107.<\/p>\n","protected":false},"excerpt":{"rendered":"<p>Pfaffenhofen hat die Partnerschaft mit Tarn\u00f3w auslaufen lassen, nachdem sich die Partnergemeinde einer LGBTIQ-feindlichen Resolution angeschlossen hatte. Das queere Netzwerk k\u00e4mpft nun f\u00fcr die polnischen Queers. <a class=\"g1-link g1-link-more\" href=\"https:\/\/alte.mannschaft.lgbt\/bimber\/so-kaempft-queer-pfaffenhofen-fuer-die-polnischen-lgbtiq\/\">Weiterlesen<\/a><\/p>\n","protected":false},"author":3,"featured_media":34579,"comment_status":"closed","ping_status":"closed","sticky":false,"template":"","format":"standard","meta":[],"categories":[3],"tags":[5479,17,106,5544],"wps_subtitle":"Die Partnergemeinde hatte sich der homophoben Resolution zur LGBT-ideologiefreien Zone angeschlossen ","_links":{"self":[{"href":"https:\/\/alte.mannschaft.lgbt\/bimber\/wp-json\/wp\/v2\/posts\/87695"}],"collection":[{"href":"https:\/\/alte.mannschaft.lgbt\/bimber\/wp-json\/wp\/v2\/posts"}],"about":[{"href":"https:\/\/alte.mannschaft.lgbt\/bimber\/wp-json\/wp\/v2\/types\/post"}],"author":[{"embeddable":true,"href":"https:\/\/alte.mannschaft.lgbt\/bimber\/wp-json\/wp\/v2\/users\/3"}],"replies":[{"embeddable":true,"href":"https:\/\/alte.mannschaft.lgbt\/bimber\/wp-json\/wp\/v2\/comments?post=87695"}],"version-history":[{"count":0,"href":"https:\/\/alte.mannschaft.lgbt\/bimber\/wp-json\/wp\/v2\/posts\/87695\/revisions"}],"wp:featuredmedia":[{"embeddable":true,"href":"https:\/\/alte.mannschaft.lgbt\/bimber\/wp-json\/wp\/v2\/media\/34579"}],"wp:attachment":[{"href":"https:\/\/alte.mannschaft.lgbt\/bimber\/wp-json\/wp\/v2\/media?parent=87695"}],"wp:term":[{"taxonomy":"category","embeddable":true,"href":"https:\/\/alte.mannschaft.lgbt\/bimber\/wp-json\/wp\/v2\/categories?post=87695"},{"taxonomy":"post_tag","embeddable":true,"href":"https:\/\/alte.mannschaft.lgbt\/bimber\/wp-json\/wp\/v2\/tags?post=87695"}],"curies":[{"name":"wp","href":"https:\/\/api.w.org\/{rel}","templated":true}]}}