{"id":87671,"date":"2020-07-26T12:42:15","date_gmt":"2020-07-26T10:42:15","guid":{"rendered":"https:\/\/mannschaft.com\/?p=87671"},"modified":"2020-07-26T16:30:51","modified_gmt":"2020-07-26T14:30:51","slug":"richarlison-und-digne-wollen-schwule-fussballer-unterstuetzen","status":"publish","type":"post","link":"https:\/\/alte.mannschaft.lgbt\/bimber\/richarlison-und-digne-wollen-schwule-fussballer-unterstuetzen\/","title":{"rendered":"Profis Richarlison und Digne wollen schwule Fussballer unterst\u00fctzen"},"content":{"rendered":"<h3>Richarlison (de Andrade) und Lucas Digne vom FC Everton sind \u00fcberzeugt, dass der Profifussball einen offen schwulen Spieler akzeptieren w\u00fcrde.<\/h3>\n<p>Der Spitzenfussball ist bereit f\u00fcr einen offen schwulen Spieler. Davon sind die Profifussballer Richarlison und Lucas Digne \u00fcberzeugt, wie sie <a href=\"https:\/\/www.evertonfc.com\/news\/1738501\/everton-pair-on-reaction-if-player-revealed-he-was-gay\" target=\"_blank\" rel=\"noopener noreferrer\">auf der offiziellen Website<\/a> ihres Vereins FC Everton beteuern.<\/p>\n<blockquote class=\"wp-embedded-content\" data-secret=\"hXHBayT0FC\"><p><a href=\"https:\/\/mannschaft.com\/2020\/05\/12\/wir-zelebrierten-es-dass-wir-das-einzige-team-ohne-lesbe-waren\/\">\u00abWir zelebrierten es, dass wir das einzige Team ohne Lesbe waren\u00bb<\/a><\/p><\/blockquote>\n<p><iframe class=\"wp-embedded-content\" sandbox=\"allow-scripts\" security=\"restricted\" style=\"position: absolute; clip: rect(1px, 1px, 1px, 1px);\" title=\"&#8222;\u00abWir zelebrierten es, dass wir das einzige Team ohne Lesbe waren\u00bb&#8220; &#8212; Mannschaft Magazin\" src=\"https:\/\/mannschaft.com\/2020\/05\/12\/wir-zelebrierten-es-dass-wir-das-einzige-team-ohne-lesbe-waren\/embed\/#?secret=hXHBayT0FC\" data-secret=\"hXHBayT0FC\" width=\"600\" height=\"338\" frameborder=\"0\" marginwidth=\"0\" marginheight=\"0\" scrolling=\"no\"><\/iframe><\/p>\n<p>\u00abIch glaube nicht, dass es hier oder andernorts ein Problem sein w\u00fcrde\u00bb, sagte Richarlison. Der 23-j\u00e4hrige St\u00fcrmer der Nationalmannschaft Brasiliens sagt, dass die Inklusion auch im Fussball angekommen sei. \u00abDie Welt hat sich stark ver\u00e4ndert. Wir k\u00f6nnen nicht wie vor 100 Jahren leben. Wir sind alle gleich und sollten dementsprechend behandelt werden.\u00bb<\/p>\n<p>Das Statement der beiden Topspieler kam p\u00fcnktlich zur Pride in Liverpool, die aufgrund der Corona-Pandemie in den virtuellen Raum verschoben wurde. Der FC Everton belegt zurzeit den 11. Platz der britischen Premier League und verf\u00fcgt mit den Rainbow Toffees \u00fcber einen LGBTIQ-Fanclub. Bei Everton hatte der deutsche Fussballprofi Thomas Hitzlsperger seine Karriere beendet, bevor er im Ruhestand schliesslich sein \u00f6ffentliches Coming-out wagte <a href=\"https:\/\/mannschaft.com\/2014\/01\/08\/nach-ruecktritt-hitzlsperger-outet-sich\/\" target=\"_blank\" rel=\"noopener noreferrer\">(MANNSCHAFT berichtete)<\/a>.<\/p>\n<blockquote class=\"wp-embedded-content\" data-secret=\"3vjhBi8U3i\"><p><a href=\"https:\/\/mannschaft.com\/2020\/06\/24\/ehemaliger-fussballer-thomas-beattie-outet-sich-als-schwul\/\">Ehemaliger Fussballer Thomas Beattie outet sich als schwul<\/a><\/p><\/blockquote>\n<p><iframe class=\"wp-embedded-content\" sandbox=\"allow-scripts\" security=\"restricted\" style=\"position: absolute; clip: rect(1px, 1px, 1px, 1px);\" title=\"&#8222;Ehemaliger Fussballer Thomas Beattie outet sich als schwul&#8220; &#8212; Mannschaft Magazin\" src=\"https:\/\/mannschaft.com\/2020\/06\/24\/ehemaliger-fussballer-thomas-beattie-outet-sich-als-schwul\/embed\/#?secret=3vjhBi8U3i\" data-secret=\"3vjhBi8U3i\" width=\"600\" height=\"338\" frameborder=\"0\" marginwidth=\"0\" marginheight=\"0\" scrolling=\"no\"><\/iframe><\/p>\n<p>&nbsp;<\/p>\n<p>Auf Twitter nannte Hitzlsperger die \u00c4usserungen der beiden Profis \u00abermutigend\u00bb. Der<a href=\"https:\/\/mannschaft.com\/2019\/10\/08\/thomas-hitzlsberger-wird-beim-vfb-vorstands-vorsitzender\/\" target=\"_blank\" rel=\"noopener noreferrer\"> heutige\u00a0Vorstandsvorsitzende des VfB Stuttgart<\/a> weiter: \u00abIch kann mich noch an die Tage erinnern, als meine Teamkollegen sagten, sie w\u00fcrden sich nicht in derselben Umkleidekabine wie ein schwuler Teamkollege umziehen &#8211; ganz zu schweigen vom Duschen!\u00bb<\/p>\n<p>Auf ein Coming-out w\u00fcrde die Mannschaft \u00abnormal reagieren\u00bb, so auch Lucas Digne. \u00abWir Spieler sind offen, wir sprechen \u00fcber alle Themen\u00bb, sagt der 27-j\u00e4hrige Franzose. \u00abNiemand w\u00e4re schockiert, alles w\u00e4re okay.\u00bb<\/p>\n<blockquote class=\"twitter-tweet\">\n<p dir=\"ltr\" lang=\"en\">\ud83c\udf08 | A message from our captain Seamus Coleman for <a href=\"https:\/\/twitter.com\/PrideInLpool?ref_src=twsrc%5Etfw\">@PrideInLpool<\/a>.<a href=\"https:\/\/twitter.com\/RainbowToffees?ref_src=twsrc%5Etfw\">@RainbowToffees<\/a> <a href=\"https:\/\/twitter.com\/hashtag\/AllTogetherNow?src=hash&amp;ref_src=twsrc%5Etfw\">#AllTogetherNow<\/a> <a href=\"https:\/\/t.co\/SGkK3OdbXu\">pic.twitter.com\/SGkK3OdbXu<\/a><\/p>\n<p>\u2014 Everton (@Everton) <a href=\"https:\/\/twitter.com\/Everton\/status\/1286949310265868288?ref_src=twsrc%5Etfw\">July 25, 2020<\/a><\/p><\/blockquote>\n<p><script async src=\"https:\/\/platform.twitter.com\/widgets.js\" charset=\"utf-8\"><\/script><\/p>\n<p>Richarlison f\u00fcgt hinzu, dass die Anti-Rassismus-Bewegung nach dem Tod von George Floyd in den USA auch nicht vor dem Spitzenfussball Halt gemacht habe. Seit der Wiederaufnahme des Spielbetriebs in der Premier League sei jeweils die ganze Mannschaft auf die Knie gegangen.<\/p>\n<p>Der k\u00fcrzlich verstorbene Basketballspieler Kobe Bryant habe sich stets gegen Rassismus ausgesprochen und ist f\u00fcr Richarlison daher ein Vorbild. \u00abEs kann nicht sein, dass Spieler \u00fcber nichts anderes als den Sport sprechen d\u00fcrfen\u00bb, sagt er. \u00abKobe Bryant h\u00e4tte schweigen k\u00f6nnen. Er h\u00e4tte aber niemand ausserhalb des Basketballs beeinflusst.\u00bb<\/p>\n<blockquote class=\"wp-embedded-content\" data-secret=\"f6X1JdewhH\"><p><a href=\"https:\/\/mannschaft.com\/2019\/11\/27\/ich-kenne-lgbtiq-personen-im-fussball-die-das-coming-out-scheuen\/\">\u00abIch kenne LGBTIQ-Personen im Fussball, die Coming-out scheuen\u00bb<\/a><\/p><\/blockquote>\n<p><iframe class=\"wp-embedded-content\" sandbox=\"allow-scripts\" security=\"restricted\" style=\"position: absolute; clip: rect(1px, 1px, 1px, 1px);\" title=\"&#8222;\u00abIch kenne LGBTIQ-Personen im Fussball, die Coming-out scheuen\u00bb&#8220; &#8212; Mannschaft Magazin\" src=\"https:\/\/mannschaft.com\/2019\/11\/27\/ich-kenne-lgbtiq-personen-im-fussball-die-das-coming-out-scheuen\/embed\/#?secret=f6X1JdewhH\" data-secret=\"f6X1JdewhH\" width=\"600\" height=\"338\" frameborder=\"0\" marginwidth=\"0\" marginheight=\"0\" scrolling=\"no\"><\/iframe><\/p>\n<p>&nbsp;<\/p>\n<p>Zurzeit gibt es im britischen Profifussball keinen einzigen offen schwulen Spieler. \u00abWir alle, die in grossen Ligen spielen und in den Medien Sichtbarkeit geniessen, haben eine grosse soziale Verantwortung\u00bb, sagt Richarlison. \u00abDas muss mehr als leere Worte sein. wir m\u00fcssen mehr und mehr handeln, um zu helfen und zu versuchen, die Realit\u00e4t der Menschen zu ver\u00e4ndern. Ich m\u00f6chte als jemand in Erinnerung bleiben, der versucht hat, die Dinge in seinem Umfeld zum Besseren zu ver\u00e4ndern.\u00bb<\/p>\n<p>&nbsp;<\/p>\n","protected":false},"excerpt":{"rendered":"<p>Richarlison und Lucas Digne vom FC Everton sind \u00fcberzeugt, dass der Profifussball einen offen schwulen Spieler akzeptieren wird. <a class=\"g1-link g1-link-more\" href=\"https:\/\/alte.mannschaft.lgbt\/bimber\/richarlison-und-digne-wollen-schwule-fussballer-unterstuetzen\/\">Weiterlesen<\/a><\/p>\n","protected":false},"author":1,"featured_media":87672,"comment_status":"closed","ping_status":"closed","sticky":false,"template":"","format":"standard","meta":[],"categories":[4447],"tags":[5442,5543,405],"wps_subtitle":"\u00abWir k\u00f6nnen nicht wie vor 100 Jahren leben\u00bb","_links":{"self":[{"href":"https:\/\/alte.mannschaft.lgbt\/bimber\/wp-json\/wp\/v2\/posts\/87671"}],"collection":[{"href":"https:\/\/alte.mannschaft.lgbt\/bimber\/wp-json\/wp\/v2\/posts"}],"about":[{"href":"https:\/\/alte.mannschaft.lgbt\/bimber\/wp-json\/wp\/v2\/types\/post"}],"author":[{"embeddable":true,"href":"https:\/\/alte.mannschaft.lgbt\/bimber\/wp-json\/wp\/v2\/users\/1"}],"replies":[{"embeddable":true,"href":"https:\/\/alte.mannschaft.lgbt\/bimber\/wp-json\/wp\/v2\/comments?post=87671"}],"version-history":[{"count":0,"href":"https:\/\/alte.mannschaft.lgbt\/bimber\/wp-json\/wp\/v2\/posts\/87671\/revisions"}],"wp:featuredmedia":[{"embeddable":true,"href":"https:\/\/alte.mannschaft.lgbt\/bimber\/wp-json\/wp\/v2\/media\/87672"}],"wp:attachment":[{"href":"https:\/\/alte.mannschaft.lgbt\/bimber\/wp-json\/wp\/v2\/media?parent=87671"}],"wp:term":[{"taxonomy":"category","embeddable":true,"href":"https:\/\/alte.mannschaft.lgbt\/bimber\/wp-json\/wp\/v2\/categories?post=87671"},{"taxonomy":"post_tag","embeddable":true,"href":"https:\/\/alte.mannschaft.lgbt\/bimber\/wp-json\/wp\/v2\/tags?post=87671"}],"curies":[{"name":"wp","href":"https:\/\/api.w.org\/{rel}","templated":true}]}}