{"id":87639,"date":"2020-07-26T07:55:49","date_gmt":"2020-07-26T05:55:49","guid":{"rendered":"https:\/\/mannschaft.com\/?p=87639"},"modified":"2020-07-26T10:15:13","modified_gmt":"2020-07-26T08:15:13","slug":"nach-diebstahl-verdacht-maenner-homofeindlich-beleidigt","status":"publish","type":"post","link":"https:\/\/alte.mannschaft.lgbt\/bimber\/nach-diebstahl-verdacht-maenner-homofeindlich-beleidigt\/","title":{"rendered":"Nach Diebstahl-Verdacht &#8211; M\u00e4nner homofeindlich beleidigt"},"content":{"rendered":"<h3>In der Nacht zum Samstag sollen drei M\u00e4nner (22, 24, 26) in Mitte homofeindlich beleidigt worden sein. Vorher hatten sie zwei M\u00e4nner des Diebstahls verd\u00e4chtigt.<\/h3>\n<p>Eigenen Angaben zufolge befanden sich die beiden 22 und 26 Jahren alten M\u00e4nner gemeinsam mit einem Bekannten gegen 2.30 Uhr auf dem Gehweg in der Brunnenstrasse und sollen von zwei M\u00e4nnern mehrfach homophob beleidigt worden sein. Alarmierte Einsatzkr\u00e4fte \u00fcberpr\u00fcften die M\u00e4nner im Alter von 24 und 28 Jahren, die nach Feststellung der Personalien weiterziehen konnten.<\/p>\n<blockquote class=\"wp-embedded-content\" data-secret=\"qWycf7HGcU\"><p><a href=\"https:\/\/mannschaft.com\/2020\/07\/22\/hate-speech-die-beschimpfung-als-schwuchtel-faellt-unter-hasskriminalitaet\/\">\u00abDie Beschimpfung als Schwuchtel f\u00e4llt unter Hasskriminalit\u00e4t\u00bb<\/a><\/p><\/blockquote>\n<p><iframe class=\"wp-embedded-content\" sandbox=\"allow-scripts\" security=\"restricted\" style=\"position: absolute; clip: rect(1px, 1px, 1px, 1px);\" title=\"&#8222;\u00abDie Beschimpfung als Schwuchtel f\u00e4llt unter Hasskriminalit\u00e4t\u00bb&#8220; &#8212; Mannschaft Magazin\" src=\"https:\/\/mannschaft.com\/2020\/07\/22\/hate-speech-die-beschimpfung-als-schwuchtel-faellt-unter-hasskriminalitaet\/embed\/#?secret=qWycf7HGcU\" data-secret=\"qWycf7HGcU\" width=\"600\" height=\"338\" frameborder=\"0\" marginwidth=\"0\" marginheight=\"0\" scrolling=\"no\"><\/iframe><\/p>\n<p>Die Tatverd\u00e4chtigen waren zuvor von den beschimpften M\u00e4nnern und ihrem Begleiter eines Handydiebstahls verd\u00e4chtigt worden. Der Verdacht best\u00e4tigte sich jedoch nicht. Die weiteren Ermittlungen \u00fcbernahm der Polizeiliche Staatsschutz beim Landeskriminalamt Berlin.<\/p>\n<p>Im vergangenen Jahr wurden laut MANEO, dem schwulen Anti-Gewalt-Projekt in Berlin, insgesamt 559 F\u00e4lle mit homo- und transphobem Hintergrund in Berlin erfasst. Damit hat sich die Anzahl der registrierten F\u00e4lle gegen\u00fcber dem Vorjahr um ein Drittel (32%) bzw. 177 F\u00e4lle erh\u00f6ht <a href=\"https:\/\/mannschaft.com\/2020\/05\/15\/berlin-erlebt-hoechsten-anstieg-von-gewalt-gegen-lgbtiq\/\" target=\"_blank\" rel=\"noopener noreferrer\">(MANNSCHAFT berichtete)<\/a>. In keinem Jahr zuvor wurden laut MANEO so viele F\u00e4lle von Gewalt gegen LGBTIQ in der Hauptstadt erfasst wie in 2019.<\/p>\n<p>Zu den Bezirken, in denen LGBTIQ-feindliche \u00dcbergriffe am h\u00e4ufigsten vorkommen, z\u00e4hlten laut MANEO die Regionen Sch\u00f6neberg, Neuk\u00f6lln und Mitte.<\/p>\n<p>So hat etwa auch die Gewalt gegen Lesben leicht zugenommen. Seit dem 1. Januar 2017 wurden demnach 43 F\u00e4lle registriert, bei denen es sich um die Delikte K\u00f6rperverletzung, Gef\u00e4hrliche K\u00f6rperverletzung, Schwerer Raub und Beleidigung handelt <a href=\"https:\/\/mannschaft.com\/2020\/07\/24\/gewalt-gegen-lesben-hat-in-berlin-leicht-zugenommen\/\" target=\"_blank\" rel=\"noopener noreferrer\">(MANNSCHAFT berichtete)<\/a>.<\/p>\n<p>Am gestrigen Samstag zogen etwa 4000 Teilnehmer*innen beim Dyke March durch die Hauptstadt. Das Motto, angelehnt an die Massnahmen zur Eind\u00e4mmung der Corona-Pandemie, lautete: Wir sind ein Haushalt.<\/p>\n<p>https:\/\/www.instagram.com\/p\/CDEzUaXl9pA\/<\/p>\n","protected":false},"excerpt":{"rendered":"<p>In der Nacht zum Samstag sollen drei M\u00e4nner (22, 24, 26) in Mitte homophob beleidigt worden sein. Vorher hatten sie zwei M\u00e4nner des Diebstahls verd\u00e4chtigt. <a class=\"g1-link g1-link-more\" href=\"https:\/\/alte.mannschaft.lgbt\/bimber\/nach-diebstahl-verdacht-maenner-homofeindlich-beleidigt\/\">Weiterlesen<\/a><\/p>\n","protected":false},"author":1,"featured_media":34659,"comment_status":"closed","ping_status":"closed","sticky":false,"template":"","format":"standard","meta":[],"categories":[3],"tags":[128,5478,5501,5461],"wps_subtitle":"Es passierte in der Nacht auf Samstag in Berlin-Mitte","_links":{"self":[{"href":"https:\/\/alte.mannschaft.lgbt\/bimber\/wp-json\/wp\/v2\/posts\/87639"}],"collection":[{"href":"https:\/\/alte.mannschaft.lgbt\/bimber\/wp-json\/wp\/v2\/posts"}],"about":[{"href":"https:\/\/alte.mannschaft.lgbt\/bimber\/wp-json\/wp\/v2\/types\/post"}],"author":[{"embeddable":true,"href":"https:\/\/alte.mannschaft.lgbt\/bimber\/wp-json\/wp\/v2\/users\/1"}],"replies":[{"embeddable":true,"href":"https:\/\/alte.mannschaft.lgbt\/bimber\/wp-json\/wp\/v2\/comments?post=87639"}],"version-history":[{"count":0,"href":"https:\/\/alte.mannschaft.lgbt\/bimber\/wp-json\/wp\/v2\/posts\/87639\/revisions"}],"wp:featuredmedia":[{"embeddable":true,"href":"https:\/\/alte.mannschaft.lgbt\/bimber\/wp-json\/wp\/v2\/media\/34659"}],"wp:attachment":[{"href":"https:\/\/alte.mannschaft.lgbt\/bimber\/wp-json\/wp\/v2\/media?parent=87639"}],"wp:term":[{"taxonomy":"category","embeddable":true,"href":"https:\/\/alte.mannschaft.lgbt\/bimber\/wp-json\/wp\/v2\/categories?post=87639"},{"taxonomy":"post_tag","embeddable":true,"href":"https:\/\/alte.mannschaft.lgbt\/bimber\/wp-json\/wp\/v2\/tags?post=87639"}],"curies":[{"name":"wp","href":"https:\/\/api.w.org\/{rel}","templated":true}]}}