{"id":87607,"date":"2020-07-27T09:34:31","date_gmt":"2020-07-27T07:34:31","guid":{"rendered":"https:\/\/mannschaft.com\/?p=87607"},"modified":"2020-07-31T20:48:54","modified_gmt":"2020-07-31T18:48:54","slug":"die-ralf-koenig-festspiele-haben-begonnen","status":"publish","type":"post","link":"https:\/\/alte.mannschaft.lgbt\/bimber\/die-ralf-koenig-festspiele-haben-begonnen\/","title":{"rendered":"Die Ralf-K\u00f6nig-Festspiele haben begonnen"},"content":{"rendered":"<h3>Der \u00abK\u00f6nig des Comics\u00bb (wie Rosa von Praunheim 2012 seinen Film \u00fcber Ralf K\u00f6nig nannte) wird am 8. August 60. Das Jahr 2020 bedeutet auch: 40 Jahre \u00abSchwulcomix\u00bb. Und weil man nie genug feiern kann, ver\u00f6ffentlicht der M\u00e4nnerschwarm-Verlag neuen Stoff, auf dass man sich k\u00f6niglich am\u00fcsiere.<\/h3>\n<p>In der Pandemie m\u00f6chte man eigentlich nicht Geburtstag feiern &#8211; und wenn es nach Ralf K\u00f6nig geht, m\u00f6chte er am liebsten gar nicht erst Geburtstag haben, jedenfalls nicht den 60. Aber am 8. August ist es nunmal soweit &#8211; und mit seinem Alter kokettiert der K\u00f6lner eh schon l\u00e4nger <a href=\"https:\/\/mannschaft.com\/2017\/06\/16\/das-alter-ist-ein-konkreter-scheiss\/\" target=\"_blank\" rel=\"noopener noreferrer\">(MANNSCHAFT berichtete)<\/a>.<\/p>\n<blockquote class=\"wp-embedded-content\" data-secret=\"UQVxVIkdN1\"><p><a href=\"https:\/\/mannschaft.com\/2020\/07\/24\/bernd-cluever-und-das-verbotene-lied-einer-schwulen-liebe\/\">Bernd Cl\u00fcver und das verbotene Lied einer schwulen Liebe<\/a><\/p><\/blockquote>\n<p><iframe class=\"wp-embedded-content\" sandbox=\"allow-scripts\" security=\"restricted\" style=\"position: absolute; clip: rect(1px, 1px, 1px, 1px);\" title=\"&#8222;Bernd Cl\u00fcver und das verbotene Lied einer schwulen Liebe&#8220; &#8212; Mannschaft Magazin\" src=\"https:\/\/mannschaft.com\/2020\/07\/24\/bernd-cluever-und-das-verbotene-lied-einer-schwulen-liebe\/embed\/#?secret=UQVxVIkdN1\" data-secret=\"UQVxVIkdN1\" width=\"600\" height=\"338\" frameborder=\"0\" marginwidth=\"0\" marginheight=\"0\" scrolling=\"no\"><\/iframe><\/p>\n<p>Vor Arbeit kann er sich nicht retten. Die Krise habe ihn \u00abkreativ enorm gepusht\u00bb, hat er gegen\u00fcber MANNSCHAFT erz\u00e4hlt. \u00abIch war zwei Tage ratlos und irritiert und dann hab ich angefangen mit kleinen Comics zum Lockdown, die hab ich auf Facebook gepostet und da war ein grosses Hallo!\u00bb<\/p>\n<p>K\u00fcrzlich hat er die 100. Folge von Konrad und Paul ver\u00f6ffentlicht. Und ein Ende ist &#8211; zum Gl\u00fcck -nicht in Sicht.<\/p>\n<p><iframe loading=\"lazy\" style=\"border: none; overflow: hidden;\" src=\"https:\/\/www.facebook.com\/plugins\/post.php?href=https%3A%2F%2Fwww.facebook.com%2Fkoenig.ralf%2Fposts%2F3183398395063374&amp;width=500\" width=\"500\" height=\"697\" frameborder=\"0\" scrolling=\"no\"><\/iframe><\/p>\n<p>Er sei bisher sehr zur\u00fcckhaltend mit \u00abUmsonst-Onlineunterhaltung\u00bb gewesen, so Ralf K\u00f6nig weiter. \u00abIch lebe vom Buchverkauf. Aber seitdem poste ich t\u00e4glich diese kleinen Dinger auch auf Instagram und Twitter und hoffe darauf, dass das sp\u00e4ter auch gekauft wird, wenn Rowohlt ein Buch draus macht. Es ist ein Experiment, der Werbeeffekt ist wom\u00f6glich nicht zu untersch\u00e4tzen, aber vielleicht wollen die Leute nach Corona nichts mehr wissen von Corona.\u00bb<\/p>\n<p>Dass er nun schon schon seit 40 Jahren seine Comics ver\u00f6ffentlicht und Geld damit verdient, entspringt zwar einem Wunsch aus Kindheitstagen, war aber nie so richtig geplant.<\/p>\n<p>\u00abIch hab damals in Dortmund naiv drauflos gekritzelt. Ich wollte schon von klein auf Comics zeichnen, war als Teenager auf dem Dorf angefixt von Robert Crumbs \u201aFritz the Cat\u2018 und sp\u00e4ter beeindruckt von Claire Bretecher, die grosse Franz\u00f6sin, die unl\u00e4ngst gestorben ist. Ich hatte frisch mein Coming-out hinter mir und in der Schwulenszene gab es Anfang der 80er noch nicht viel zu lachen.\u00bb<\/p>\n<blockquote class=\"wp-embedded-content\" data-secret=\"j8fYBLMZaU\"><p><a href=\"https:\/\/mannschaft.com\/2020\/06\/30\/marcel-mann-musterung-maenner-in-uniform\/\">Marcel Mann: Musterknabe trifft M\u00e4nner in Uniform<\/a><\/p><\/blockquote>\n<p><iframe class=\"wp-embedded-content\" sandbox=\"allow-scripts\" security=\"restricted\" style=\"position: absolute; clip: rect(1px, 1px, 1px, 1px);\" title=\"&#8222;Marcel Mann: Musterknabe trifft M\u00e4nner in Uniform&#8220; &#8212; Mannschaft Magazin\" src=\"https:\/\/mannschaft.com\/2020\/06\/30\/marcel-mann-musterung-maenner-in-uniform\/embed\/#?secret=j8fYBLMZaU\" data-secret=\"j8fYBLMZaU\" width=\"600\" height=\"338\" frameborder=\"0\" marginwidth=\"0\" marginheight=\"0\" scrolling=\"no\"><\/iframe><\/p>\n<p>Alles, was er zeichnete, wurde sofort gedruckt und fand sein Publikum, auch wenn es noch sehr unausgegoren gewesen sei. Aber: \u00abEin schwuler Witzezeichner wurde wohl dringend gebraucht\u00bb, so K\u00f6nig.<\/p>\n<p>Und das gilt auch noch im Jahr 2020. Mittlerweile wurde er mit zahlreichen Preis geehrt wie etwa dem Wilhelm-Busch-Preis <a href=\"https:\/\/mannschaft.com\/2017\/03\/12\/ralf-koenig-erhaelt-wilhelm-busch-preis\/\" target=\"_blank\" rel=\"noopener noreferrer\">(MANNSCHAFT berichtete)<\/a>, dem Max-und-Moritz-Preis und mit der Kompassnadel des Schwulen Netzwerks NRW.<\/p>\n<p>Anl\u00e4sslich seines Geburtstages erscheint bei M\u00e4nnerschwarm eine Fortsetzung des Hund-Knollennasen-Albums \u00abRoy &amp; Al\u00bb.<\/p>\n<figure id=\"attachment_87608\" aria-describedby=\"caption-attachment-87608\" style=\"width: 1773px\" class=\"wp-caption alignnone\"><a href=\"https:\/\/mannschaft.com\/bimber\/wp-content\/uploads\/2020\/07\/9783863003005-scaled.jpg\"><img data-expand=\"600\" decoding=\"async\" loading=\"lazy\" class=\"lazyload wp-image-87608 size-full\" src=\"data:image\/svg+xml;charset=utf-8,%3Csvg xmlns%3D'http%3A%2F%2Fwww.w3.org%2F2000%2Fsvg' viewBox%3D'0 0 1773 2560'%2F%3E\" data-src=\"https:\/\/mannschaft.com\/bimber\/wp-content\/uploads\/2020\/07\/9783863003005-scaled.jpg\" alt=\"Ralf K\u00f6nig\" width=\"1773\" height=\"2560\" data-srcset=\"https:\/\/alte.mannschaft.lgbt\/bimber\/wp-content\/uploads\/2020\/07\/9783863003005-scaled.jpg 1773w, https:\/\/alte.mannschaft.lgbt\/bimber\/wp-content\/uploads\/2020\/07\/9783863003005-208x300.jpg 208w, https:\/\/alte.mannschaft.lgbt\/bimber\/wp-content\/uploads\/2020\/07\/9783863003005-416x600.jpg 416w, https:\/\/alte.mannschaft.lgbt\/bimber\/wp-content\/uploads\/2020\/07\/9783863003005-768x1109.jpg 768w, https:\/\/alte.mannschaft.lgbt\/bimber\/wp-content\/uploads\/2020\/07\/9783863003005-1064x1536.jpg 1064w, https:\/\/alte.mannschaft.lgbt\/bimber\/wp-content\/uploads\/2020\/07\/9783863003005-1418x2048.jpg 1418w, https:\/\/alte.mannschaft.lgbt\/bimber\/wp-content\/uploads\/2020\/07\/9783863003005-561x810.jpg 561w, https:\/\/alte.mannschaft.lgbt\/bimber\/wp-content\/uploads\/2020\/07\/9783863003005-1122x1620.jpg 1122w, https:\/\/alte.mannschaft.lgbt\/bimber\/wp-content\/uploads\/2020\/07\/9783863003005-364x526.jpg 364w, https:\/\/alte.mannschaft.lgbt\/bimber\/wp-content\/uploads\/2020\/07\/9783863003005-728x1051.jpg 728w, https:\/\/alte.mannschaft.lgbt\/bimber\/wp-content\/uploads\/2020\/07\/9783863003005-608x878.jpg 608w, https:\/\/alte.mannschaft.lgbt\/bimber\/wp-content\/uploads\/2020\/07\/9783863003005-758x1095.jpg 758w, https:\/\/alte.mannschaft.lgbt\/bimber\/wp-content\/uploads\/2020\/07\/9783863003005-1152x1663.jpg 1152w, https:\/\/alte.mannschaft.lgbt\/bimber\/wp-content\/uploads\/2020\/07\/9783863003005-33x48.jpg 33w, https:\/\/alte.mannschaft.lgbt\/bimber\/wp-content\/uploads\/2020\/07\/9783863003005-66x96.jpg 66w, https:\/\/alte.mannschaft.lgbt\/bimber\/wp-content\/uploads\/2020\/07\/9783863003005-313x452.jpg 313w, https:\/\/alte.mannschaft.lgbt\/bimber\/wp-content\/uploads\/2020\/07\/9783863003005-400x578.jpg 400w\" data-sizes=\"(max-width: 1773px) 100vw, 1773px\" \/><\/a><figcaption id=\"caption-attachment-87608\" class=\"wp-caption-text\">Auf den Hund gekommen: Ralf K\u00f6nig macht M\u00e4nnchen (Foto: M\u00e4nnerschwarm)<\/figcaption><\/figure>\n<p>Ausserdem erscheint zum Jubil\u00e4um eine Sonderausgabe der Reihe \u00abDer junge K\u00f6nig\u00bb &#8211; alle drei B\u00e4nde in einem Schuber.<\/p>\n<p><strong>Das vollst\u00e4ndige Interview mit Ralf K\u00f6nig ist im <a href=\"https:\/\/mannschaft.com\/product-category\/abo-print-digital\/\" target=\"_blank\" rel=\"noopener noreferrer\">Sommerheft der MANNSCHAFT (zum Shop)<\/a> erschienen &#8211; und ist auch in K\u00fcrze hier mit <a href=\"https:\/\/mannschaft.com\/2020\/07\/01\/lgbtiq-fuer-ein-volles-lesevergnuegen-das-aendert-sich-auf-mannschaft-com\/\" target=\"_blank\" rel=\"noopener noreferrer\">MANNSCHAFT+<\/a> zu lesen.<\/strong><\/p>\n","protected":false},"excerpt":{"rendered":"<p>Der \u00abK\u00f6nig des Comics\u00bb (wie Rosa von Praunheim seinen Film \u00fcber Ralf K\u00f6nig nannte) wird 60. Das Jahr 2020 bedeutet auch: 40 Jahre \u00abSchwulcomix\u00bb. Und weil man nie genug feiern kann, ver\u00f6ffentlicht der M\u00e4nnerschwarm-Verlag neuen Stoff. <a class=\"g1-link g1-link-more\" href=\"https:\/\/alte.mannschaft.lgbt\/bimber\/die-ralf-koenig-festspiele-haben-begonnen\/\">Weiterlesen<\/a><\/p>\n","protected":false},"author":3,"featured_media":87610,"comment_status":"closed","ping_status":"closed","sticky":false,"template":"","format":"standard","meta":[],"categories":[4382,3],"tags":[5440,5467],"wps_subtitle":"Am 8. August wird der K\u00f6lner Comic-Zeichner 60","_links":{"self":[{"href":"https:\/\/alte.mannschaft.lgbt\/bimber\/wp-json\/wp\/v2\/posts\/87607"}],"collection":[{"href":"https:\/\/alte.mannschaft.lgbt\/bimber\/wp-json\/wp\/v2\/posts"}],"about":[{"href":"https:\/\/alte.mannschaft.lgbt\/bimber\/wp-json\/wp\/v2\/types\/post"}],"author":[{"embeddable":true,"href":"https:\/\/alte.mannschaft.lgbt\/bimber\/wp-json\/wp\/v2\/users\/3"}],"replies":[{"embeddable":true,"href":"https:\/\/alte.mannschaft.lgbt\/bimber\/wp-json\/wp\/v2\/comments?post=87607"}],"version-history":[{"count":0,"href":"https:\/\/alte.mannschaft.lgbt\/bimber\/wp-json\/wp\/v2\/posts\/87607\/revisions"}],"wp:featuredmedia":[{"embeddable":true,"href":"https:\/\/alte.mannschaft.lgbt\/bimber\/wp-json\/wp\/v2\/media\/87610"}],"wp:attachment":[{"href":"https:\/\/alte.mannschaft.lgbt\/bimber\/wp-json\/wp\/v2\/media?parent=87607"}],"wp:term":[{"taxonomy":"category","embeddable":true,"href":"https:\/\/alte.mannschaft.lgbt\/bimber\/wp-json\/wp\/v2\/categories?post=87607"},{"taxonomy":"post_tag","embeddable":true,"href":"https:\/\/alte.mannschaft.lgbt\/bimber\/wp-json\/wp\/v2\/tags?post=87607"}],"curies":[{"name":"wp","href":"https:\/\/api.w.org\/{rel}","templated":true}]}}