{"id":87228,"date":"2020-07-21T17:39:43","date_gmt":"2020-07-21T15:39:43","guid":{"rendered":"https:\/\/mannschaft.com\/?p=87228"},"modified":"2020-07-23T15:42:07","modified_gmt":"2020-07-23T13:42:07","slug":"eine-schweizerin-unterwegs-als-mann-im-kolonialen-kuba","status":"publish","type":"post","link":"https:\/\/alte.mannschaft.lgbt\/bimber\/eine-schweizerin-unterwegs-als-mann-im-kolonialen-kuba\/","title":{"rendered":"Eine Schweizerin unterwegs als Mann im kolonialen Kuba"},"content":{"rendered":"<h3>\u00abInsumisas\u00bb \u00fcber den jungen Arzt Enrique Faber kommt im August in die Schweizer Kinos. Der Film beruht auf wahre Begebenheiten.<\/h3>\n<p>Im Jahr 1819 kommt Enrique Faber nach Kuba. Der junge Schweizer Arzt ist auf der Suche nach seinem Sohn, der auf der Insel verschwunden ist. In der Stadt Baracoa im Osten des Landes behandelt er die Bev\u00f6lkerung, darunter auch Sklav*innen, und heiratet die sch\u00f6ne Juana. Was niemand weiss: Enrique ist in Wahrheit eine Frau.<\/p>\n<p>Am 6. August ist Schweizer Kinostart des Films \u00abInsumisas\u00bb \u00fcber das Leben von Enrique Faber alias Henriette Favez. Die <a href=\"https:\/\/www.arthouse.ch\/uto-goes-pink\/\" target=\"_blank\" rel=\"noopener noreferrer\">queere Filmreihe \u00abUto goes Pink\u00bb<\/a> zeigt die schweizerisch-kubanische Produktion am 5. August als Vorpremiere in Z\u00fcrich, am folgenden Tag ist der Spielfilm <a href=\"https:\/\/www.rexbern.ch\/filme\/inosumises\/\" target=\"_blank\" rel=\"noopener noreferrer\">im Kino Rex in Bern<\/a> zu sehen. Die Regisseurin Laura Cazador ist an beiden Auff\u00fchrungen anwesend.<\/p>\n<p>Neben dem historischen Kontext des Katholizismusses und der Sklaverei im kolonialen Kuba des 19. Jahrhunderts setzt sich \u00abInsumisas\u00bb\u00a0(deutsch etwa: Ungehorsamkeiten) mit Geschlechterfragen und Homosexualit\u00e4t auseinander. Der Film beruht auf wahren Begebenheiten, handelt es sich bei Henriette Favez doch um eine historische Figur und um die erste \u00c4rztin Kubas.<\/p>\n<p><iframe loading=\"lazy\" src=\"https:\/\/www.youtube.com\/embed\/GkPqAqSijCo\" width=\"560\" height=\"315\" frameborder=\"0\" allowfullscreen=\"allowfullscreen\"><\/iframe><\/p>\n<p>\u00dcber das Leben dieser geheimnisvollen Frau ist nicht viel bekannt. Wie die \u00c4rztin selbst w\u00e4hrend Gerichtsanh\u00f6rungen in Kuba zu Protokoll gab, wurde sie 1791 in eine gutb\u00fcrgerliche Familie in Lausanne geboren. Noch als Kleinkind verlor sie ihre Eltern und wurde mit 15 Jahren mit einem franz\u00f6sischen Soldaten verm\u00e4hlt, mit 18 Jahren war sie bereits Witwe. Um an der ausschliesslich f\u00fcr M\u00e4nner zug\u00e4nglichen Sorbonne Medizin zu studieren, verkleidete sich Favez mit Hilfe der Kleidung und Uniform ihres verstorbenen Gatten als Mann und absolvierte so ihr Studium.<\/p>\n<figure id=\"attachment_87231\" aria-describedby=\"caption-attachment-87231\" class=\"wp-caption aligncenter\"><a href=\"https:\/\/mannschaft.com\/bimber\/wp-content\/uploads\/2020\/07\/insumisas-film-2.jpg\"><img data-expand=\"600\" decoding=\"async\" loading=\"lazy\" class=\"lazyload size-full wp-image-87231\" src=\"data:image\/svg+xml;charset=utf-8,%3Csvg xmlns%3D'http%3A%2F%2Fwww.w3.org%2F2000%2Fsvg' viewBox%3D'0 0 1200 800'%2F%3E\" data-src=\"https:\/\/mannschaft.com\/bimber\/wp-content\/uploads\/2020\/07\/insumisas-film-2.jpg\" alt=\"insumisas\" width=\"1200\" height=\"800\" data-srcset=\"https:\/\/alte.mannschaft.lgbt\/bimber\/wp-content\/uploads\/2020\/07\/insumisas-film-2.jpg 1200w, https:\/\/alte.mannschaft.lgbt\/bimber\/wp-content\/uploads\/2020\/07\/insumisas-film-2-300x200.jpg 300w, https:\/\/alte.mannschaft.lgbt\/bimber\/wp-content\/uploads\/2020\/07\/insumisas-film-2-425x283.jpg 425w, https:\/\/alte.mannschaft.lgbt\/bimber\/wp-content\/uploads\/2020\/07\/insumisas-film-2-768x512.jpg 768w, https:\/\/alte.mannschaft.lgbt\/bimber\/wp-content\/uploads\/2020\/07\/insumisas-film-2-180x120.jpg 180w, https:\/\/alte.mannschaft.lgbt\/bimber\/wp-content\/uploads\/2020\/07\/insumisas-film-2-561x374.jpg 561w, https:\/\/alte.mannschaft.lgbt\/bimber\/wp-content\/uploads\/2020\/07\/insumisas-film-2-1122x748.jpg 1122w, https:\/\/alte.mannschaft.lgbt\/bimber\/wp-content\/uploads\/2020\/07\/insumisas-film-2-364x243.jpg 364w, https:\/\/alte.mannschaft.lgbt\/bimber\/wp-content\/uploads\/2020\/07\/insumisas-film-2-728x485.jpg 728w, https:\/\/alte.mannschaft.lgbt\/bimber\/wp-content\/uploads\/2020\/07\/insumisas-film-2-608x405.jpg 608w, https:\/\/alte.mannschaft.lgbt\/bimber\/wp-content\/uploads\/2020\/07\/insumisas-film-2-758x505.jpg 758w, https:\/\/alte.mannschaft.lgbt\/bimber\/wp-content\/uploads\/2020\/07\/insumisas-film-2-1152x768.jpg 1152w, https:\/\/alte.mannschaft.lgbt\/bimber\/wp-content\/uploads\/2020\/07\/insumisas-film-2-72x48.jpg 72w, https:\/\/alte.mannschaft.lgbt\/bimber\/wp-content\/uploads\/2020\/07\/insumisas-film-2-144x96.jpg 144w, https:\/\/alte.mannschaft.lgbt\/bimber\/wp-content\/uploads\/2020\/07\/insumisas-film-2-313x209.jpg 313w, https:\/\/alte.mannschaft.lgbt\/bimber\/wp-content\/uploads\/2020\/07\/insumisas-film-2-400x267.jpg 400w\" data-sizes=\"(max-width: 1200px) 100vw, 1200px\" \/><\/a><figcaption id=\"caption-attachment-87231\" class=\"wp-caption-text\">Henriette Favez (rechts, Sylvie Testud) verliebt sich in die Ausgestossene Juana (Yeni Soria). (Bild: Sister Distribution)<\/figcaption><\/figure>\n<p>Der Film konzentriert sich auf Favez\u2019 Zeit als Enrique Faber (gespielt von Sylvie Testud) auf Kuba, wo sie als Arzt Notleidende behandelt. Bald begegnet sie der sch\u00f6nen Juana de Leon, die von der kubanischen Gesellschaft verstossen wird, weil sie angeblich unverheiratet ihre Jungfr\u00e4ulichkeit verlor, in Wirklichkeit jedoch von einem Sklavenh\u00e4ndler vergewaltigt worden war.<\/p>\n<p>Nachdem Favez Juana von einem hartn\u00e4ckigen Fieber rettet, verliebt sie sich in die junge Frau. Die beiden werden ein Paar und heiraten. Doch die \u00abhohe\u00bb Stimme des Arztes und das \u00abunm\u00e4nnliche\u00bb Benehmen sorgen in der Bev\u00f6lkerung zunehmend f\u00fcr Getuschel. Als aufgedeckt wird, dass sich Henriette bisher als Mann verkleidete, entl\u00e4dt sich ein Sturm der Entr\u00fcstung und sie steht bald im Kreuzfeuer der Kolonialjustiz.<\/p>\n<blockquote class=\"wp-embedded-content\" data-secret=\"u5s1SG77tY\"><p><a href=\"https:\/\/mannschaft.com\/2019\/07\/07\/kuba-land-im-umbruch-aus-schwuler-perspektive\/\">Kuba aus schwuler Perspektive &#8211; Land im Umbruch<\/a><\/p><\/blockquote>\n<p><iframe class=\"wp-embedded-content\" sandbox=\"allow-scripts\" security=\"restricted\" style=\"position: absolute; clip: rect(1px, 1px, 1px, 1px);\" title=\"&#8222;Kuba aus schwuler Perspektive &#8211; Land im Umbruch&#8220; &#8212; Mannschaft Magazin\" src=\"https:\/\/mannschaft.com\/2019\/07\/07\/kuba-land-im-umbruch-aus-schwuler-perspektive\/embed\/#?secret=u5s1SG77tY\" data-secret=\"u5s1SG77tY\" width=\"600\" height=\"338\" frameborder=\"0\" marginwidth=\"0\" marginheight=\"0\" scrolling=\"no\"><\/iframe><\/p>\n<p>&nbsp;<\/p>\n<p>\u00abUm diese schillernde, doch zugleich d\u00fcstere und vielschichtige Figur des Enrqiue Faber auf die Leinwand zu bringen, zeigte Sylvie Testud vollen Einsatz\u00bb, betont Andr\u00e9 Martin, Produzent von \u00abInsumisas\u00bb, in einer Medienmitteilung. \u00abNicht nur in ihrer Spielleistung, sondern auch im Erlernen einer neuen Sprache.\u00bb Die Schauspielerin musste f\u00fcr die Anforderungen des Films Spanisch lernen.<\/p>\n<blockquote class=\"wp-embedded-content\" data-secret=\"mp9GVtFLLH\"><p><a href=\"https:\/\/mannschaft.com\/2020\/07\/05\/kuba-mehr-als-oldtimer-zigarren-und-rum\/\">Kuba ist mehr als Oldtimer, Zigarren und Rum<\/a><\/p><\/blockquote>\n<p><iframe class=\"wp-embedded-content\" sandbox=\"allow-scripts\" security=\"restricted\" style=\"position: absolute; clip: rect(1px, 1px, 1px, 1px);\" title=\"&#8222;Kuba ist mehr als Oldtimer, Zigarren und Rum&#8220; &#8212; Mannschaft Magazin\" src=\"https:\/\/mannschaft.com\/2020\/07\/05\/kuba-mehr-als-oldtimer-zigarren-und-rum\/embed\/#?secret=mp9GVtFLLH\" data-secret=\"mp9GVtFLLH\" width=\"600\" height=\"338\" frameborder=\"0\" marginwidth=\"0\" marginheight=\"0\" scrolling=\"no\"><\/iframe><\/p>\n<p>&nbsp;<\/p>\n<p>Die Dreharbeiten begannen im Sommer 2017 und fanden auf Kuba statt. \u00abWir hatten st\u00e4ndig mit Versorgungsengp\u00e4ssen, dem unaufh\u00f6rlichen L\u00e4rm und dem unbest\u00e4ndigen Wetter zu k\u00e4mpfen\u00bb, so Martin. \u00abKuba ist ein Land am Abgrund, denn das US-Embargo l\u00e4hmt einfach alles.\u00bb So wurden die Dreharbeiten zu einer wahren Herausforderung in Sachen Logistik. \u00abEs kam vor, dass wir alles abbrachen, nur weil N\u00e4gel oder Farbe fehlten, um die der damaligen Zeit nachempfundenen Filmbauten fertigzustellen\u00bb, betont er. \u00abZum Gl\u00fcck bew\u00e4ltigte das Team aber dank seines Improvisationsgeists und seines Know-hows wirklich jedes Problem.\u00bb Die erste und letzte Szene des Films zeigen von gewaltigen Wellen gepeitschte Felsklippen. \u00abGedreht haben wir sie nur wenige Stunden, bevor der Hurrikan Irma die Insel erreichte.\u00bb<\/p>\n<p><em>Ein Kinostart von \u00abInsumisas\u00bb in Deutschland und \u00d6sterreich steht zurzeit noch nicht fest.<\/em><\/p>\n","protected":false},"excerpt":{"rendered":"<p>\u00abInsumisas\u00bb \u00fcber den jungen Arzt Enrique Faber kommt im August in die Schweizer Kinos. Der Film beruht auf wahre Begebenheiten. <a class=\"g1-link g1-link-more\" href=\"https:\/\/alte.mannschaft.lgbt\/bimber\/eine-schweizerin-unterwegs-als-mann-im-kolonialen-kuba\/\">Weiterlesen<\/a><\/p>\n","protected":false},"author":1,"featured_media":87230,"comment_status":"closed","ping_status":"closed","sticky":false,"template":"","format":"standard","meta":[],"categories":[2534],"tags":[672,5512],"wps_subtitle":"Hinter dem neuen Kinofilm \u00abInsumisas\u00bb steckt eine wahre Geschichte","_links":{"self":[{"href":"https:\/\/alte.mannschaft.lgbt\/bimber\/wp-json\/wp\/v2\/posts\/87228"}],"collection":[{"href":"https:\/\/alte.mannschaft.lgbt\/bimber\/wp-json\/wp\/v2\/posts"}],"about":[{"href":"https:\/\/alte.mannschaft.lgbt\/bimber\/wp-json\/wp\/v2\/types\/post"}],"author":[{"embeddable":true,"href":"https:\/\/alte.mannschaft.lgbt\/bimber\/wp-json\/wp\/v2\/users\/1"}],"replies":[{"embeddable":true,"href":"https:\/\/alte.mannschaft.lgbt\/bimber\/wp-json\/wp\/v2\/comments?post=87228"}],"version-history":[{"count":0,"href":"https:\/\/alte.mannschaft.lgbt\/bimber\/wp-json\/wp\/v2\/posts\/87228\/revisions"}],"wp:featuredmedia":[{"embeddable":true,"href":"https:\/\/alte.mannschaft.lgbt\/bimber\/wp-json\/wp\/v2\/media\/87230"}],"wp:attachment":[{"href":"https:\/\/alte.mannschaft.lgbt\/bimber\/wp-json\/wp\/v2\/media?parent=87228"}],"wp:term":[{"taxonomy":"category","embeddable":true,"href":"https:\/\/alte.mannschaft.lgbt\/bimber\/wp-json\/wp\/v2\/categories?post=87228"},{"taxonomy":"post_tag","embeddable":true,"href":"https:\/\/alte.mannschaft.lgbt\/bimber\/wp-json\/wp\/v2\/tags?post=87228"}],"curies":[{"name":"wp","href":"https:\/\/api.w.org\/{rel}","templated":true}]}}