{"id":86419,"date":"2020-07-15T09:38:24","date_gmt":"2020-07-15T07:38:24","guid":{"rendered":"https:\/\/mannschaft.com\/?p=86419"},"modified":"2020-07-16T12:34:31","modified_gmt":"2020-07-16T10:34:31","slug":"polnische-polizei-zerrt-lgbtiq-aktivistin-aus-ihrer-wohnung","status":"publish","type":"post","link":"https:\/\/alte.mannschaft.lgbt\/bimber\/polnische-polizei-zerrt-lgbtiq-aktivistin-aus-ihrer-wohnung\/","title":{"rendered":"Polnische Polizei zerrt LGBTIQ-Aktivistin aus ihrer Wohnung"},"content":{"rendered":"<h3>Am Dienstag wurde die LGBTIQ-Aktivistin Ma\u0142gorzata Szutowicz in ihrer Wohnung festgenommen. Man habe sie ohne Schuhe und Kleidung aus der Wohnung gezogen, berichten <a href=\"https:\/\/warszawa.wyborcza.pl\/warszawa\/7,54420,26128146,aktywistka-zatrzymana-przez-policje-wyciagnieta-z-mieszkania.html?fbclid=IwAR2S86i4T_3hdtHrbFM2W2oTrzg4DmM2zGq10OedKTNJ8A2MuhHFOE3JmvM\" target=\"_blank\" rel=\"noopener noreferrer\">polnische Medien<\/a>.<\/h3>\n<p>UPDATE: Ma\u0142gorzata Szutowicz wurde wieder freigelassen. Laut Gericht gab es nicht gen\u00fcgend Beweise. Die Staatsanwaltschaft will sie wegen Rowdytums beschuldigen: Sie hatte gegen einen Wahlkampf-LKW protestiert, der LGBTIQ mit P\u00e4dophilie in Verbindung bringt.<\/p>\n<blockquote class=\"twitter-tweet lazyload\" data-expand=\"600\" data-script=\"https:\/\/platform.twitter.com\/widgets.js\"  data-width=\"550\" data-dnt=\"true\">\n<p lang=\"en\" dir=\"ltr\">\ud83c\udff3\ufe0f\u200d\ud83c\udf08\ud83c\uddf5\ud83c\uddf1UPDATE<\/p>\n<p>The LGBTI-activist has been released by the court. The judge found that there was not enough evidence to keep her in jail.<\/p>\n<p>The prosecutor(government) wants to charge her for hooliganism, because she staged a protest against a campaign van linking LGBTI to pedophilia. <a href=\"https:\/\/t.co\/MberKGUKnK\">https:\/\/t.co\/MberKGUKnK<\/a><\/p>\n<p>&mdash; R\u00e9my Bonny (@RemyBonny) <a href=\"https:\/\/twitter.com\/RemyBonny\/status\/1283434039362420738?ref_src=twsrc%5Etfw\">July 15, 2020<\/a><\/p><\/blockquote>\n<p>In Zivil gekleidete Polizisten hatten am Dienstagmorgen die Wohnung im Warschauer Bezirk Ursyn\u00f3w betreten, wo Ma\u0142gorzata lebt. Ein Mitbewohner der Aktivistin gab an, die Beamten h\u00e4tten sich nicht identifiziert oder die Gr\u00fcnde f\u00fcr die Verhaftung angegeben. Anschliessend wurde die Aktivistin in einem Auto ohne Kennzeichen weggefahren. Im Netz kursieren Ausschnitte eines Videos, das die Polizeiaktion zeigt.<\/p>\n<p>Aktivist*innen fanden sp\u00e4ter heraus, dass die festgenommene Aktivistin in die Bezirksstaatsanwaltschaft in Warschau gebracht wurde, wo sie befragt wurde.<\/p>\n<figure id=\"attachment_86429\" aria-describedby=\"caption-attachment-86429\" style=\"width: 564px\" class=\"wp-caption alignnone\"><a href=\"https:\/\/mannschaft.com\/bimber\/wp-content\/uploads\/2020\/07\/LKW.png\"><img data-expand=\"600\" decoding=\"async\" loading=\"lazy\" class=\"lazyload wp-image-86429 size-full\" src=\"data:image\/svg+xml;charset=utf-8,%3Csvg xmlns%3D'http%3A%2F%2Fwww.w3.org%2F2000%2Fsvg' viewBox%3D'0 0 564 580'%2F%3E\" data-src=\"https:\/\/mannschaft.com\/bimber\/wp-content\/uploads\/2020\/07\/LKW.png\" alt=\"\" width=\"564\" height=\"580\" data-srcset=\"https:\/\/alte.mannschaft.lgbt\/bimber\/wp-content\/uploads\/2020\/07\/LKW.png 564w, https:\/\/alte.mannschaft.lgbt\/bimber\/wp-content\/uploads\/2020\/07\/LKW-292x300.png 292w, https:\/\/alte.mannschaft.lgbt\/bimber\/wp-content\/uploads\/2020\/07\/LKW-425x437.png 425w, https:\/\/alte.mannschaft.lgbt\/bimber\/wp-content\/uploads\/2020\/07\/LKW-50x50.png 50w, https:\/\/alte.mannschaft.lgbt\/bimber\/wp-content\/uploads\/2020\/07\/LKW-561x577.png 561w, https:\/\/alte.mannschaft.lgbt\/bimber\/wp-content\/uploads\/2020\/07\/LKW-364x374.png 364w, https:\/\/alte.mannschaft.lgbt\/bimber\/wp-content\/uploads\/2020\/07\/LKW-47x48.png 47w, https:\/\/alte.mannschaft.lgbt\/bimber\/wp-content\/uploads\/2020\/07\/LKW-93x96.png 93w, https:\/\/alte.mannschaft.lgbt\/bimber\/wp-content\/uploads\/2020\/07\/LKW-313x322.png 313w, https:\/\/alte.mannschaft.lgbt\/bimber\/wp-content\/uploads\/2020\/07\/LKW-400x411.png 400w\" data-sizes=\"(max-width: 564px) 100vw, 564px\" \/><\/a><figcaption id=\"caption-attachment-86429\" class=\"wp-caption-text\">Foto: Stop Bzdurom<\/figcaption><\/figure>\n<p>Sie geh\u00f6rt dem LGBTIQ-solidarischen Kollektiv Stop Bzdurom (\u00abBullshit stoppen\u00bb) an. Die Organisation wurde 2019 gegr\u00fcndet und bek\u00e4mpft Rechtsextremismus in Polen. So war Ma\u0142gorzata Szutowicz besonders aktiv im Kampf gegen einen LKW, der durch Polen f\u00e4hrt und homophobe Botschaften verbreitet, etwa Mitglieder der LGBTIQ-Community als P\u00e4dophile darstellt.<\/p>\n<p>Offenbar sei die Verhaftung von Ma\u0142gorzata auf den j\u00fcngsten Protest zur\u00fcckzuf\u00fchren, den sie gegen den Van organisiert hatte, so der MANNSCHAFT-Experte f\u00fcr LGBTIQ in Osteuropa, R\u00e9my Bonny.<\/p>\n<p>\u00abDas haben wir alle bef\u00fcrchtet. Kurz nach der Wiederwahl des rechtsextremen Anti-LGBTIQ-Pr\u00e4sidenten Andrzej Duda missbraucht die PiS-Regierung ihre richterliche Gewalt, um das Vorgehen gegen LGBTIQ-Aktivist*innen zu organisieren.\u00bb<\/p>\n<p>Der polnische Generalstaatsanwalt Zbigniew Ziobro ist zugleich der Justizminister, ein PiS-Politiker, erkl\u00e4rt Bonny. Mit der 2016 beschlossenen Zusammenlegung werde das Vertrauen der B\u00fcrger*innen gef\u00f6rdert, hatte die Regierung erkl\u00e4rt; im Februar dieses Jahres folgte ein<br \/>\nGesetz zur Bestrafung kritischer Richter*innen. Es gebe darum Anlass zu bef\u00fcrchten, dass Ma\u0142gorzata kein faires Verfahren erhalten werde.<\/p>\n<blockquote><p>Es ist eine Schande f\u00fcr die Europ\u00e4ische Union<\/p><\/blockquote>\n<p>\u00abIch bin es gewohnt, solche Verhaftungen in Russland zu sehen. Es ist eine Schande f\u00fcr die Europ\u00e4ische Union, dass wir zulassen, dass unsere LGBTIQ-Leute mit staatlicher Gewalt festgenommen und missbraucht werden. Ich fordere die EU auf, sofort einzugreifen. Wir k\u00f6nnen die Verfolgung einer Minderheit in der EU nicht zulassen\u00bb, so Bonny.<\/p>\n<blockquote class=\"wp-embedded-content\" data-secret=\"m0tHTHE7wq\"><p><a href=\"https:\/\/mannschaft.com\/2020\/07\/01\/lgbtiq-fuer-ein-volles-lesevergnuegen-das-aendert-sich-auf-mannschaft-com\/\">F\u00fcr das volle Lesevergn\u00fcgen &#8211; Das \u00e4ndert sich auf MANNSCHAFT.com<\/a><\/p><\/blockquote>\n<p><iframe class=\"wp-embedded-content\" sandbox=\"allow-scripts\" security=\"restricted\" style=\"position: absolute; clip: rect(1px, 1px, 1px, 1px);\" title=\"&#8222;F\u00fcr das volle Lesevergn\u00fcgen &#8211; Das \u00e4ndert sich auf MANNSCHAFT.com&#8220; &#8212; Mannschaft Magazin\" src=\"https:\/\/mannschaft.com\/2020\/07\/01\/lgbtiq-fuer-ein-volles-lesevergnuegen-das-aendert-sich-auf-mannschaft-com\/embed\/#?secret=m0tHTHE7wq\" data-secret=\"m0tHTHE7wq\" width=\"600\" height=\"338\" frameborder=\"0\" marginwidth=\"0\" marginheight=\"0\" scrolling=\"no\"><\/iframe><\/p>\n<p>Am Dienstag hatte der saarl\u00e4ndische Europaminister Peter Strobel Polen ermahnt, Dudas Wiederwahl sei \u00abkein Freibrief f\u00fcr Diskriminierung von LGBTIQ in Polen\u00bb. Das Land sollte sich klar zu den europ\u00e4ischen Werten der Toleranz bekennen <a href=\"https:\/\/mannschaft.com\/2020\/07\/15\/peter-strobel-wiederwahl-von-andrzej-duda-zum-polnischen-praesidenten-kein-freibrief-fuer-diskriminierung-von-lgbt-in-polen\/\" target=\"_blank\" rel=\"noopener noreferrer\">(MANNSCHAFT berichtete<\/a>).<\/p>\n","protected":false},"excerpt":{"rendered":"<p>Am Dienstag morgen wurde die LGBTIQ-Aktivistin Ma\u0142gorzata Szutowicz in ihrer Wohnung festgenommen. Man habe sie ohne Schuhe und Kleidung aus der Wohnung gezogen, berichten polnische Medien. <a class=\"g1-link g1-link-more\" href=\"https:\/\/alte.mannschaft.lgbt\/bimber\/polnische-polizei-zerrt-lgbtiq-aktivistin-aus-ihrer-wohnung\/\">Weiterlesen<\/a><\/p>\n","protected":false},"author":1,"featured_media":86421,"comment_status":"closed","ping_status":"closed","sticky":false,"template":"","format":"standard","meta":[],"categories":[2],"tags":[5479,106,5501,245],"wps_subtitle":"Russische Verh\u00e4ltnisse im EU-Mitgliedstaat","_links":{"self":[{"href":"https:\/\/alte.mannschaft.lgbt\/bimber\/wp-json\/wp\/v2\/posts\/86419"}],"collection":[{"href":"https:\/\/alte.mannschaft.lgbt\/bimber\/wp-json\/wp\/v2\/posts"}],"about":[{"href":"https:\/\/alte.mannschaft.lgbt\/bimber\/wp-json\/wp\/v2\/types\/post"}],"author":[{"embeddable":true,"href":"https:\/\/alte.mannschaft.lgbt\/bimber\/wp-json\/wp\/v2\/users\/1"}],"replies":[{"embeddable":true,"href":"https:\/\/alte.mannschaft.lgbt\/bimber\/wp-json\/wp\/v2\/comments?post=86419"}],"version-history":[{"count":0,"href":"https:\/\/alte.mannschaft.lgbt\/bimber\/wp-json\/wp\/v2\/posts\/86419\/revisions"}],"wp:featuredmedia":[{"embeddable":true,"href":"https:\/\/alte.mannschaft.lgbt\/bimber\/wp-json\/wp\/v2\/media\/86421"}],"wp:attachment":[{"href":"https:\/\/alte.mannschaft.lgbt\/bimber\/wp-json\/wp\/v2\/media?parent=86419"}],"wp:term":[{"taxonomy":"category","embeddable":true,"href":"https:\/\/alte.mannschaft.lgbt\/bimber\/wp-json\/wp\/v2\/categories?post=86419"},{"taxonomy":"post_tag","embeddable":true,"href":"https:\/\/alte.mannschaft.lgbt\/bimber\/wp-json\/wp\/v2\/tags?post=86419"}],"curies":[{"name":"wp","href":"https:\/\/api.w.org\/{rel}","templated":true}]}}