{"id":83298,"date":"2020-07-01T08:49:39","date_gmt":"2020-07-01T06:49:39","guid":{"rendered":"https:\/\/mannschaft.com\/?p=83298"},"modified":"2020-07-01T12:22:39","modified_gmt":"2020-07-01T10:22:39","slug":"mann-in-berlin-homofeindlich-beleidigt-und-geschlagen","status":"publish","type":"post","link":"https:\/\/alte.mannschaft.lgbt\/bimber\/mann-in-berlin-homofeindlich-beleidigt-und-geschlagen\/","title":{"rendered":"Mann in Berlin homofeindlich beleidigt und geschlagen"},"content":{"rendered":"<h3>Am Dienstagabend soll ein Mann in Berlin homophob beleidigt und geschlagen worden sein. Nach bisherigen Ermittlungen gerieten der 38-J\u00e4hrige und dessen fl\u00fcchtiger Bekannter in einer Bar in Streit.<\/h3>\n<p>Es passierte gegen 19.10 Uhr in der Neuenburger Strasse im Stadtteil Kreuzberg: Der bisher nicht identifizierte Mann beleidigte den 38-J\u00e4hrigen zun\u00e4chst homophob und schlug ihm dann mit der Faust ins Gesicht. Dabei erlitt das Opfer leichte Verletzungen. Die weiteren Ermittlungen werden beim Polizeilichen Staatsschutz im Landeskriminalamt gef\u00fchrt.<\/p>\n<blockquote class=\"wp-embedded-content\" data-secret=\"SIUUGhKauZ\"><p><a href=\"https:\/\/mannschaft.com\/2020\/06\/30\/deutschland-muss-in-eu-ratspraesidentschaft-hasskriminalitaet-bekaempfen\/\">\u00abDeutsche EU-Ratspr\u00e4sidentschaft muss Hasskriminalit\u00e4t bek\u00e4mpfen\u00bb<\/a><\/p><\/blockquote>\n<p><iframe class=\"wp-embedded-content\" sandbox=\"allow-scripts\" security=\"restricted\" style=\"position: absolute; clip: rect(1px, 1px, 1px, 1px);\" title=\"&#8222;\u00abDeutsche EU-Ratspr\u00e4sidentschaft muss Hasskriminalit\u00e4t bek\u00e4mpfen\u00bb&#8220; &#8212; Mannschaft Magazin\" src=\"https:\/\/mannschaft.com\/2020\/06\/30\/deutschland-muss-in-eu-ratspraesidentschaft-hasskriminalitaet-bekaempfen\/embed\/#?secret=SIUUGhKauZ\" data-secret=\"SIUUGhKauZ\" width=\"600\" height=\"338\" frameborder=\"0\" marginwidth=\"0\" marginheight=\"0\" scrolling=\"no\"><\/iframe><\/p>\n<p>Im vergangenen Jahr wurden insgesamt 559 F\u00e4lle mit homo- und transphobem Hintergrund in Berlin erfasst. Damit hat sich die Anzahl der erfassten F\u00e4lle gegen\u00fcber dem Vorjahr um ein Drittel (32%) bzw. 177 F\u00e4lle erh\u00f6ht\u00a0<a href=\"https:\/\/mannschaft.com\/2020\/05\/15\/berlin-erlebt-hoechsten-anstieg-von-gewalt-gegen-lgbtiq\/\" target=\"_blank\" rel=\"noopener noreferrer\">(MANNSCHAFT berichtete)<\/a>. In keinem Jahr zuvor wurden so viele F\u00e4lle von Gewalt gegen LGBTIQ in der Hauptstadt erfasst wie in 2019, wie MANEO, das schwule Anti-Gewalt-Projekt in Berlin, im Mai berichtete.<\/p>\n<p>Zu den Bezirken, in denen LGBTIQ-feindliche \u00dcbergriffe am h\u00e4ufigsten vorkommen, z\u00e4hlten laut MANEO die Regionen Sch\u00f6neberg, Neuk\u00f6lln und Mitte.<\/p>\n<blockquote class=\"wp-embedded-content\" data-secret=\"1NY8k7vB1P\"><p><a href=\"https:\/\/mannschaft.com\/2020\/06\/30\/tv-sprecherin-der-muslimbruderschaft-toetet-homosexuelle\/\">TV-Sprecherin der Muslimbruderschaft: \u00abT\u00f6tet Homosexuelle!\u00bb<\/a><\/p><\/blockquote>\n<p><iframe class=\"wp-embedded-content\" sandbox=\"allow-scripts\" security=\"restricted\" style=\"position: absolute; clip: rect(1px, 1px, 1px, 1px);\" title=\"&#8222;TV-Sprecherin der Muslimbruderschaft: \u00abT\u00f6tet Homosexuelle!\u00bb&#8220; &#8212; Mannschaft Magazin\" src=\"https:\/\/mannschaft.com\/2020\/06\/30\/tv-sprecherin-der-muslimbruderschaft-toetet-homosexuelle\/embed\/#?secret=1NY8k7vB1P\" data-secret=\"1NY8k7vB1P\" width=\"600\" height=\"338\" frameborder=\"0\" marginwidth=\"0\" marginheight=\"0\" scrolling=\"no\"><\/iframe><\/p>\n<p>Im Dezember etwa war ein schwules Paar in Neuk\u00f6lln \u00fcberfallen, geschlagen und getreten worden\u00a0<a href=\"https:\/\/mannschaft.com\/2019\/12\/13\/homofeindlicher-angriff-in-berlin-schwules-paar-verletzt\/\" target=\"_blank\" rel=\"noopener noreferrer\">(MANNSCHAFT berichtete).<\/a> Einer der beiden M\u00e4nner erlitt leichte Kopfverletzungen, der andere wurde am Bein verletzt.<\/p>\n<p>Am vergangenen Wochenende wollte der Verein <a href=\"https:\/\/www.facebook.com\/RuTBerlin\/\" target=\"_blank\" rel=\"noopener noreferrer\">Rad und Tat e.V. (RuT)<\/a>\u00a0ein Video zur diesj\u00e4hrigen Pride-Kampagne aufnehmen \u2013 doch ein lesbenfeindlicher Angriff st\u00f6rte das Team und versuchte die Beteiligten einzusch\u00fcchtern.<\/p>\n<p>Der Angriff passierte ebenfalls iNeuk\u00f6lln. Vor allem die Gesch\u00e4ftsf\u00fchrerin des Vereins, Ina Rosenthal, aber auch der Kamera-Mann wurden von einer Gruppe junger M\u00e4nner beleidigt und mit k\u00f6rperlicher Gewalt bedroht. Neben Rosenthal war auch einer der Bundessprecher*innen von DIE LINKE.queer vor Ort <a href=\"https:\/\/mannschaft.com\/2020\/06\/29\/ich-mach-dich-platt-lesbenfeindlicher-angriff-am-rande-des-csd\/\" target=\"_blank\" rel=\"noopener noreferrer\">(MANNSCHAFT berichtete)<\/a>.<\/p>\n<p>Nach wie vor gelte, dass LGBTIQ, die sich in der \u00d6ffentlichkeit zeigen, einem Risiko ausgesetzt sind, beleidigt, bedroht oder angegriffen zu werden. Erst am Donnerstag wurde eine Studie ver\u00f6ffentlicht, derzufolge fast jede*r Zweite in der EU, in Nordmazedonien und Serbien sich nicht trauen, in der \u00d6ffentlichkeit mit dem Partner oder der Partnerin H\u00e4ndchen zu halten (<a href=\"https:\/\/mannschaft.com\/2020\/05\/14\/17-mai-studie-ueber-lgbtiq-diskriminierung-zeigt-klaren-handlungsbedarf\/\" target=\"_blank\" rel=\"noopener noreferrer\">MANNSCHAFT berichtete)<\/a>.<\/p>\n","protected":false},"excerpt":{"rendered":"<p>Am Dienstagabend soll ein Mann in Kreuzberg homophob beleidigt und geschlagen worden sein. Nach bisherigen Ermittlungen gerieten der 38-J\u00e4hrige und dessen fl\u00fcchtiger Bekannter in einer Bar in Streit. <a class=\"g1-link g1-link-more\" href=\"https:\/\/alte.mannschaft.lgbt\/bimber\/mann-in-berlin-homofeindlich-beleidigt-und-geschlagen\/\">Weiterlesen<\/a><\/p>\n","protected":false},"author":1,"featured_media":27785,"comment_status":"closed","ping_status":"closed","sticky":false,"template":"","format":"standard","meta":[],"categories":[3],"tags":[128,5461],"wps_subtitle":"Die Ermittlungen werden beim Polizeilichen Staatsschutz im LKA gef\u00fchrt","_links":{"self":[{"href":"https:\/\/alte.mannschaft.lgbt\/bimber\/wp-json\/wp\/v2\/posts\/83298"}],"collection":[{"href":"https:\/\/alte.mannschaft.lgbt\/bimber\/wp-json\/wp\/v2\/posts"}],"about":[{"href":"https:\/\/alte.mannschaft.lgbt\/bimber\/wp-json\/wp\/v2\/types\/post"}],"author":[{"embeddable":true,"href":"https:\/\/alte.mannschaft.lgbt\/bimber\/wp-json\/wp\/v2\/users\/1"}],"replies":[{"embeddable":true,"href":"https:\/\/alte.mannschaft.lgbt\/bimber\/wp-json\/wp\/v2\/comments?post=83298"}],"version-history":[{"count":0,"href":"https:\/\/alte.mannschaft.lgbt\/bimber\/wp-json\/wp\/v2\/posts\/83298\/revisions"}],"wp:featuredmedia":[{"embeddable":true,"href":"https:\/\/alte.mannschaft.lgbt\/bimber\/wp-json\/wp\/v2\/media\/27785"}],"wp:attachment":[{"href":"https:\/\/alte.mannschaft.lgbt\/bimber\/wp-json\/wp\/v2\/media?parent=83298"}],"wp:term":[{"taxonomy":"category","embeddable":true,"href":"https:\/\/alte.mannschaft.lgbt\/bimber\/wp-json\/wp\/v2\/categories?post=83298"},{"taxonomy":"post_tag","embeddable":true,"href":"https:\/\/alte.mannschaft.lgbt\/bimber\/wp-json\/wp\/v2\/tags?post=83298"}],"curies":[{"name":"wp","href":"https:\/\/api.w.org\/{rel}","templated":true}]}}