{"id":83182,"date":"2020-06-30T18:25:30","date_gmt":"2020-06-30T16:25:30","guid":{"rendered":"https:\/\/mannschaft.com\/?p=83182"},"modified":"2020-07-02T08:53:43","modified_gmt":"2020-07-02T06:53:43","slug":"niederlande-wollen-sexuelle-identitaet-in-der-verfassung-schuetzen","status":"publish","type":"post","link":"https:\/\/alte.mannschaft.lgbt\/bimber\/niederlande-wollen-sexuelle-identitaet-in-der-verfassung-schuetzen\/","title":{"rendered":"Niederlande wollen sexuelle Identit\u00e4t per Verfassung sch\u00fctzen"},"content":{"rendered":"<h3>Vor bald 20 Jahren waren die Niederlande das erste Land weltweit, das die Ehe\u00a0 auch f\u00fcr homosexuelle Paare \u00f6ffnete. Nun folgt ein weiterer historischer Schritt.<\/h3>\n<p>Am heutigen Dienstag stimmte das Repr\u00e4sentantenhaus mit grosser Mehrheit f\u00fcr einen Gesetzentwurf der linksliberalen D66, GroenLinks und der sozialdemokratischen PvdA zur Verankerung der LGBTIQ-Rechte in Artikel 1 der Verfassung. Die LGBTIQ-Organisation COC, die seit fast zwanzig Jahren f\u00fcr eine Grundgesetz\u00e4nderung k\u00e4mpft, ist mit dem Ergebnis zufrieden.<\/p>\n<p><iframe loading=\"lazy\" style=\"border: none; overflow: hidden;\" src=\"https:\/\/www.facebook.com\/plugins\/post.php?href=https%3A%2F%2Fwww.facebook.com%2Fcocnederland%2Fposts%2F10160047180569832&amp;width=500\" width=\"500\" height=\"628\" frameborder=\"0\" scrolling=\"no\"><\/iframe><\/p>\n<p>\u00abDas sind wundervolle Neuigkeiten\u00bb, erkl\u00e4rte COC-Vorsitzende Astrid Oosenbrug auf der <a href=\"https:\/\/www.coc.nl\/politiek-2\/prachtig-nieuws-kamer-stemt-voor-grondwetswijziging\" target=\"_blank\" rel=\"noopener noreferrer\">Homepage der Organisation<\/a>.. \u00abHeute machen wir einen grossen Schritt zur Verankerung unserer Rechte in die Verfassung. Dies ist f\u00fcr heute wichtig, beispielsweise als Mandat f\u00fcr Politiker zur Bek\u00e4mpfung von Gewalt gegen LGBTI-Personen. Und es ist wichtig f\u00fcr die Zukunft, um sicherzustellen, dass wir auch in 50 oder 100 Jahren unsere hart erk\u00e4mpften Rechte geniessen k\u00f6nnen.\u00bb<\/p>\n<p>Am Dienstag stimmten VVD, CDA, D66, GroenLinks, SP, PvdA, ChristenUnie, Partei f\u00fcr die Tiere, 50PLUS, DENK und Groep Krol \/ Van Kooten-Arissen f\u00fcr die Gesetzesvorlage. Die rechtspopulistische PVV unter Geert Wilders, SGP, Forum for Democracy und das Mitglied Van Haga stimmten dagegen. Insgesamt waren 124 Abgeordnete daf\u00fcr und 26 gegen den Vorschlag.<\/p>\n<blockquote class=\"wp-embedded-content\" data-secret=\"F8JaL30mFj\"><p><a href=\"https:\/\/mannschaft.com\/2017\/04\/06\/solidaritaetsmarsch-hand-in-hand-in-amsterdam\/\">Solidarit\u00e4tsmarsch: Hand in Hand durch Amsterdam<\/a><\/p><\/blockquote>\n<p><iframe class=\"wp-embedded-content\" sandbox=\"allow-scripts\" security=\"restricted\" style=\"position: absolute; clip: rect(1px, 1px, 1px, 1px);\" title=\"&#8222;Solidarit\u00e4tsmarsch: Hand in Hand durch Amsterdam&#8220; &#8212; Mannschaft Magazin\" src=\"https:\/\/mannschaft.com\/2017\/04\/06\/solidaritaetsmarsch-hand-in-hand-in-amsterdam\/embed\/#?secret=F8JaL30mFj\" data-secret=\"F8JaL30mFj\" width=\"600\" height=\"338\" frameborder=\"0\" marginwidth=\"0\" marginheight=\"0\" scrolling=\"no\"><\/iframe><\/p>\n<p>Auch Deutschland will den LGBTIQ-Schutz ins Grundgesetz aufnehmen. Das will ein Gesetzesentwurf der Fraktionen FDP, LINKE und GR\u00dcNE erreichen <a href=\"https:\/\/mannschaft.com\/2020\/02\/12\/lgbtiq-schutz-ins-grundgesetz-starkes-signal-bei-anhoerung\/\" target=\"_blank\" rel=\"noopener noreferrer\">(MANNSCHAFT berichtete)<\/a>.<\/p>\n<p>Das COC dankte den Petent*innen &#8211; Vera Bergkamp (D66), Nevin \u00d6z\u00fctok (GroenLinks) und Kirsten van den Hul (PvdA)\u00a0 &#8211; f\u00fcr das Gesetz. Der Vorschlag f\u00fcgt den bereits in Artikel 1 genannten verbotenen Diskriminierungsgr\u00fcnden Religion, Weltanschauung, politische Zugeh\u00f6rigkeit, Rasse und Geschlecht nun auch <em>sexuelle Orientierung <\/em>und <em>Behinderung<\/em> hinzu.<\/p>\n<p>Das 1946 gegr\u00fcndet COC (<em>Cultuur en Ontspanningscentrum<\/em> &#8211; dem Zentrum f\u00fcr Kultur und Freizeit) forderte die Petenten auf, klarzustellen, dass die Verfassung auch die Diskriminierung von trans und inter Menschen verbietet. Dies wurde von den Petent*innen und Innenministerin Kajsa Ollongren (BZK) best\u00e4tigt, die auf Dr\u00e4ngen von GroenLinks, PvdA und Femke Merel van Kooten-Arissen an der Debatte teilnahmen. Der in Artikel 1 erw\u00e4hnte verbotene Diskriminierungsgrund <em>Geschlecht<\/em> sch\u00fctze auch vor Diskriminierung aufgrund von Geschlechtsmerkmalen, Geschlechtsidentit\u00e4t und Geschlechtsausdruck, hiess es.<\/p>\n<blockquote class=\"wp-embedded-content\" data-secret=\"wHUhd7sKXM\"><p><a href=\"https:\/\/mannschaft.com\/2017\/04\/04\/wegen-hassdelikt-niederlaendische-politiker-treten-hand-in-hand-auf\/\">Nach Hassdelikt: Niederl\u00e4ndische Politiker treten Hand in Hand auf<\/a><\/p><\/blockquote>\n<p><iframe class=\"wp-embedded-content\" sandbox=\"allow-scripts\" security=\"restricted\" style=\"position: absolute; clip: rect(1px, 1px, 1px, 1px);\" title=\"&#8222;Nach Hassdelikt: Niederl\u00e4ndische Politiker treten Hand in Hand auf&#8220; &#8212; Mannschaft Magazin\" src=\"https:\/\/mannschaft.com\/2017\/04\/04\/wegen-hassdelikt-niederlaendische-politiker-treten-hand-in-hand-auf\/embed\/#?secret=wHUhd7sKXM\" data-secret=\"wHUhd7sKXM\" width=\"600\" height=\"338\" frameborder=\"0\" marginwidth=\"0\" marginheight=\"0\" scrolling=\"no\"><\/iframe><\/p>\n<p>Henk Krol, LGBTIQ-Aktivist und Fraktionschef der Partei 50Plus, schlug w\u00e4hrend der Debatte vor, dem Gesetz von D66, GroenLinks und PvdA auch den Aspekt <em>Alter<\/em> hinzuzuf\u00fcgen. Mehrere Abgeordnete hielten es aber f\u00fcr besser, diese Diskussion zu einem anderen Zeitpunkt zu f\u00fchren, und der Vorschlag scheiterte. Um sicherzustellen, dass die Gesetzesvorlage erfolgreich war, reichten die CDA-Abgeordneten Harry van der Molen und Lenny Geluk-Poortvliet einen Antrag ein, in dem sie die Regierung aufforderten, separat zu untersuchen, wie das Verbot der Diskriminierung aufgrund des Alters in den Niederlanden verbessert werden kann Gesetzgebung kann verankert werden.<\/p>\n<p>Das COC pl\u00e4diert seit fast zwanzig Jahren f\u00fcr die Verankerung von LGBTIQ-Rechten in der Verfassung. Eine Verfassungs\u00e4nderung ist aber ein langer Prozess. Der Vorschlag geht jetzt an den Senat. Wenn er daf\u00fcr stimmt, muss es nach den Parlamentswahlen im M\u00e4rz 2021 erneut mit Zweidrittelmehrheit angenommen werden, bevor es in Kraft tritt.<\/p>\n","protected":false},"excerpt":{"rendered":"<p>Vor bald 20 Jahren waren die Niederlande das erste Land weltweit, das die Ehe\u00a0 auch f\u00fcr homosexuelle Paare \u00f6ffnete. Nun folgt ein weiterer historischer Schritt. <a class=\"g1-link g1-link-more\" href=\"https:\/\/alte.mannschaft.lgbt\/bimber\/niederlande-wollen-sexuelle-identitaet-in-der-verfassung-schuetzen\/\">Weiterlesen<\/a><\/p>\n","protected":false},"author":1,"featured_media":83188,"comment_status":"closed","ping_status":"closed","sticky":false,"template":"","format":"standard","meta":[],"categories":[2],"tags":[5531,5493,3428,5544],"wps_subtitle":"Das Repr\u00e4sentantenhaus stimmte mit grosser Mehrheit daf\u00fcr","_links":{"self":[{"href":"https:\/\/alte.mannschaft.lgbt\/bimber\/wp-json\/wp\/v2\/posts\/83182"}],"collection":[{"href":"https:\/\/alte.mannschaft.lgbt\/bimber\/wp-json\/wp\/v2\/posts"}],"about":[{"href":"https:\/\/alte.mannschaft.lgbt\/bimber\/wp-json\/wp\/v2\/types\/post"}],"author":[{"embeddable":true,"href":"https:\/\/alte.mannschaft.lgbt\/bimber\/wp-json\/wp\/v2\/users\/1"}],"replies":[{"embeddable":true,"href":"https:\/\/alte.mannschaft.lgbt\/bimber\/wp-json\/wp\/v2\/comments?post=83182"}],"version-history":[{"count":0,"href":"https:\/\/alte.mannschaft.lgbt\/bimber\/wp-json\/wp\/v2\/posts\/83182\/revisions"}],"wp:featuredmedia":[{"embeddable":true,"href":"https:\/\/alte.mannschaft.lgbt\/bimber\/wp-json\/wp\/v2\/media\/83188"}],"wp:attachment":[{"href":"https:\/\/alte.mannschaft.lgbt\/bimber\/wp-json\/wp\/v2\/media?parent=83182"}],"wp:term":[{"taxonomy":"category","embeddable":true,"href":"https:\/\/alte.mannschaft.lgbt\/bimber\/wp-json\/wp\/v2\/categories?post=83182"},{"taxonomy":"post_tag","embeddable":true,"href":"https:\/\/alte.mannschaft.lgbt\/bimber\/wp-json\/wp\/v2\/tags?post=83182"}],"curies":[{"name":"wp","href":"https:\/\/api.w.org\/{rel}","templated":true}]}}