{"id":82611,"date":"2020-06-24T16:04:03","date_gmt":"2020-06-24T14:04:03","guid":{"rendered":"https:\/\/mannschaft.com\/?p=82611"},"modified":"2020-08-12T17:38:21","modified_gmt":"2020-08-12T15:38:21","slug":"ehemaliger-fussballer-thomas-beattie-outet-sich-als-schwul","status":"publish","type":"post","link":"https:\/\/alte.mannschaft.lgbt\/bimber\/ehemaliger-fussballer-thomas-beattie-outet-sich-als-schwul\/","title":{"rendered":"Ehemaliger Fussballer Thomas Beattie outet sich als schwul"},"content":{"rendered":"<h3>F\u00fcnf Jahre nach seinem R\u00fccktritt wagt der britische Fussballprofi Thomas Beattie sein Coming-out. Er habe lange einen gesellschaftlichen Druck versp\u00fcrt, seine Sexualit\u00e4t geheim zu halten.<\/h3>\n<p>\u00abMein Name ist Thomas Beattie. Ich bin ein Bruder, ein Sohn, ein Freund, ein ehemaliger Fussballer, ein Unternehmer und ehrgeizig auf eine nervige Art. Ich bin viele Dinge, eines davon ist schwul.\u00bb Mit diesen Worten bestreitet der Thomas Beattie auf der Website des US-amerikanischen Sportsenders <a href=\"https:\/\/www.espn.com\/soccer\/blog-espn-fc-united\/story\/4116107\/my-hidden-journey-a-professional-soccer-player-reveals-he-is-gay\"><em>ESPN<\/em><\/a> sein Coming-out. In einem langen Beitrag mit dem Titel \u00abMeine versteckte Reise\u00bb\u00a0beschreibt der 33-J\u00e4hrige den Druck und die innere Zerrissenheit, die ihn w\u00e4hrend seiner ganzen Zeit als Profifussballer begleiteten.<\/p>\n<p>Der Brite begann seine Karriere bereits im Alter von zehn Jahren, als er in der Nachwuchsmannschaft des FC Hull aufgenommen wurde. Mit 19 Jahren erhielt er ein Stipendium, um am Limestone College im US-Bundesstaat South Carolina Fussball zu spielen. Das Sport- und Biologiestudium gab ihm die M\u00f6glichkeit, der Isolation zu entfliehen, die er aufgrund seiner Sexualit\u00e4t versp\u00fcrte.<\/p>\n<p>Auch auf dem Fussballfeld brillierte er: An seinem College war Beattie der erfolgreichste Athlet der erste \u00abAll-American-Athlete\u00bb im F\u00f6rderprogramm von Adidas. Das harte Training wurde zur Ausrede. \u00abW\u00e4hrend mein Umfeld herumexperimentierte, f\u00fchlte ich mich in Bars nie wohl\u00bb, schreibt er. \u00abDer Fussball war immer meine Ausrede. Ich w\u00fcrde sagen: \u2039Ich habe keine Zeit, ich muss trainieren.\u203a\u00bb<\/p>\n<blockquote class=\"wp-embedded-content\" data-secret=\"TkEPyj0BXH\"><p><a href=\"https:\/\/mannschaft.com\/2020\/06\/10\/fussballstar-wegen-neymar-homophobie-angeklagt\/\">Fussballstar Neymar wegen Homophobie angeklagt<\/a><\/p><\/blockquote>\n<p><iframe class=\"wp-embedded-content\" sandbox=\"allow-scripts\" security=\"restricted\" style=\"position: absolute; clip: rect(1px, 1px, 1px, 1px);\" title=\"&#8222;Fussballstar Neymar wegen Homophobie angeklagt&#8220; &#8212; Mannschaft Magazin\" src=\"https:\/\/mannschaft.com\/2020\/06\/10\/fussballstar-wegen-neymar-homophobie-angeklagt\/embed\/#?secret=TkEPyj0BXH\" data-secret=\"TkEPyj0BXH\" width=\"600\" height=\"338\" frameborder=\"0\" marginwidth=\"0\" marginheight=\"0\" scrolling=\"no\"><\/iframe><\/p>\n<p>Nach seinem Abschluss brachte ihn ein Talentscout zur\u00fcck nach Europa, wo er unter anderem in Schottland und in der Eliteserien spielte, der h\u00f6chsten Spielklasse im norwegischen Fussball. Die Karriere brachte ihn nach Kanada, wo er die Auszeichnung \u00abSL Rookie of the Year\u00bb erhielt und schliesslich f\u00fcr den FC Ottawa spielte.<\/p>\n<p>Als Profifussballer habe er stets den Druck versp\u00fcrt, \u00fcber seine Sexualit\u00e4t zu schweigen. \u00abNie habe ich daran gedacht, mich w\u00e4hrend meiner Karriere zu outen\u00bb, schreibt er. \u00abIch hatte im wahrsten Sinne des Wortes den Eindruck, mich f\u00fcr das eine oder das andere entscheiden zu m\u00fcssen: Wer ich bin oder der Sport, den ich seit jeher liebe.\u00bb<\/p>\n<p>Nach seiner Zeit in Kanada spielte Beattie in Asien, wo er gemeinsam mit dem FC Warriors in Singapur den Meistertitel holte. Bei einem frontalen Zusammenstoss w\u00e4hrend eines Spiels zog er sich 2015 schwere Kopfverletzungen zu, die seine Profikarriere beendeten. Er erlitt eine Gehirnblutung sowie mehrere Frakturen im Gesicht, unter anderem an der Stirn, in den Augenh\u00f6hlen und an den Wangen.<\/p>\n<blockquote class=\"instagram-media\" style=\"background: #FFF; border: 0; border-radius: 3px; box-shadow: 0 0 1px 0 rgba(0,0,0,0.5),0 1px 10px 0 rgba(0,0,0,0.15); margin: 1px; max-width: 540px; min-width: 326px; padding: 0; width: calc(100% - 2px);\" data-instgrm-permalink=\"https:\/\/www.instagram.com\/p\/CBx9HKRAOOZ\/?utm_source=ig_embed&amp;utm_campaign=loading\" data-instgrm-version=\"12\">\n<div style=\"padding: 16px;\">\n<p>&nbsp;<\/p>\n<div style=\"display: flex; flex-direction: row; align-items: center;\">\n<div style=\"background-color: #f4f4f4; border-radius: 50%; flex-grow: 0; height: 40px; margin-right: 14px; width: 40px;\"><\/div>\n<div style=\"display: flex; flex-direction: column; flex-grow: 1; justify-content: center;\">\n<div style=\"background-color: #f4f4f4; border-radius: 4px; flex-grow: 0; height: 14px; margin-bottom: 6px; width: 100px;\"><\/div>\n<div style=\"background-color: #f4f4f4; border-radius: 4px; flex-grow: 0; height: 14px; width: 60px;\"><\/div>\n<\/div>\n<\/div>\n<div style=\"padding: 19% 0;\"><\/div>\n<div style=\"display: block; height: 50px; margin: 0 auto 12px; width: 50px;\"><\/div>\n<div style=\"padding-top: 8px;\">\n<div style=\"color: #3897f0; font-family: Arial,sans-serif; font-size: 14px; font-style: normal; font-weight: 550; line-height: 18px;\">Sieh dir diesen Beitrag auf Instagram an<\/div>\n<\/div>\n<div style=\"padding: 12.5% 0;\"><\/div>\n<div style=\"display: flex; flex-direction: row; margin-bottom: 14px; align-items: center;\">\n<div>\n<div style=\"background-color: #f4f4f4; border-radius: 50%; height: 12.5px; width: 12.5px; transform: translateX(0px) translateY(7px);\"><\/div>\n<div style=\"background-color: #f4f4f4; height: 12.5px; transform: rotate(-45deg) translateX(3px) translateY(1px); width: 12.5px; flex-grow: 0; margin-right: 14px; margin-left: 2px;\"><\/div>\n<div style=\"background-color: #f4f4f4; border-radius: 50%; height: 12.5px; width: 12.5px; transform: translateX(9px) translateY(-18px);\"><\/div>\n<\/div>\n<div style=\"margin-left: 8px;\">\n<div style=\"background-color: #f4f4f4; border-radius: 50%; flex-grow: 0; height: 20px; width: 20px;\"><\/div>\n<div style=\"width: 0; height: 0; border-top: 2px solid transparent; border-left: 6px solid #f4f4f4; border-bottom: 2px solid transparent; transform: translateX(16px) translateY(-4px) rotate(30deg);\"><\/div>\n<\/div>\n<div style=\"margin-left: auto;\">\n<div style=\"width: 0px; border-top: 8px solid #F4F4F4; border-right: 8px solid transparent; transform: translateY(16px);\"><\/div>\n<div style=\"background-color: #f4f4f4; flex-grow: 0; height: 12px; width: 16px; transform: translateY(-4px);\"><\/div>\n<div style=\"width: 0; height: 0; border-top: 8px solid #F4F4F4; border-left: 8px solid transparent; transform: translateY(-4px) translateX(8px);\"><\/div>\n<\/div>\n<\/div>\n<div style=\"display: flex; flex-direction: column; flex-grow: 1; justify-content: center; margin-bottom: 24px;\">\n<div style=\"background-color: #f4f4f4; border-radius: 4px; flex-grow: 0; height: 14px; margin-bottom: 6px; width: 224px;\"><\/div>\n<div style=\"background-color: #f4f4f4; border-radius: 4px; flex-grow: 0; height: 14px; width: 144px;\"><\/div>\n<\/div>\n<p>&nbsp;<\/p>\n<p style=\"color: #c9c8cd; font-family: Arial,sans-serif; font-size: 14px; line-height: 17px; margin-bottom: 0; margin-top: 8px; overflow: hidden; padding: 8px 0 7px; text-align: center; text-overflow: ellipsis; white-space: nowrap;\"><a style=\"color: #c9c8cd; font-family: Arial,sans-serif; font-size: 14px; font-style: normal; font-weight: normal; line-height: 17px; text-decoration: none;\" href=\"https:\/\/www.instagram.com\/p\/CBx9HKRAOOZ\/?utm_source=ig_embed&amp;utm_campaign=loading\" target=\"_blank\" rel=\"noopener noreferrer\">Ein Beitrag geteilt von T H O M A S B E A T T I E (@iamthomasbeattie)<\/a> am <time style=\"font-family: Arial,sans-serif; font-size: 14px; line-height: 17px;\" datetime=\"2020-06-23T14:13:39+00:00\">Jun 23, 2020 um 7:13 PDT<\/time><\/p>\n<\/div>\n<\/blockquote>\n<p><script async src=\"\/\/www.instagram.com\/embed.js\"><\/script><\/p>\n<p>Beattie bezeichnet seinen Unfall als \u00abwundersch\u00f6nen Albtraum\u00bb. \u00abAls ich nach der Operation aus dem Krankenhaus entlassen wurde, sagte ich mir, dass \u2013 sollte ich alles \u00fcberstehen \u2013 ich mir die Zeit und den Raum g\u00f6nnen w\u00fcrde, um mich so zu akzeptieren, wie ich bin\u00bb, schreibt er. \u00abKein Geld, keine H\u00e4user, Autos oder Leistungen im Fussball werden mir je Zufriedenheit bringen, wenn ich nicht in mein Inneres blicke und meine Gef\u00fchle zu verstehen versuche.\u00bb<\/p>\n<p>Nach seinem Unfall blieb Beattie in Singapur, wo er nun als Investor t\u00e4tig ist. 2019 bezeichnete ihn ein Frauenmagazin als einer der \u00abbegehrtesten Junggesellen Singapurs\u00bb \u2013 Aufmerksamkeit, die er nicht gesucht hattte. \u00abIch hatte einige Verpflichtungen, die ich erf\u00fcllen sollte: an Konferenzen sprechen, Frauen an einen Event begleiten, meine Follower*innen dazu zu bringen, f\u00fcr mich abzustimmen\u00bb, schreibt er. \u00abW\u00e4hrend der ganzen Qual fragte ich mich: \u2039Warum tue ich das immer noch?\u203a\u00bb<\/p>\n<p>In den vergangenen drei Monaten hat sich Beattie allm\u00e4hlich gegen\u00fcber seinem privaten Umfeld geoutet. Auch mit ehemaligen Teamkollegen habe er gesprochen. Die Reaktionen seien \u00abgrossartig\u00bb gewesen. Jetzt wolle er den Schritt in die \u00d6ffentlichkeit wagen \u2013 als erster Profifussballer Asiens. \u00abIch f\u00fchle mich verpflichtet, meine Geschichte jetzt zu erz\u00e4hlen\u00bb, schreibt er. In seiner Jugend habe er nie eine solche Geschichte gelesen. \u00abIch frage mich, wie mein Leben anders verlaufen w\u00e4re, wenn ich es getan h\u00e4tte.\u00bb<\/p>\n<p>Er schreibe diese Zeilen in einer Zeit, in der die Corona-Pandemie viele Leben durcheinandergebracht habe. \u00abDas gegenw\u00e4rtige Klima hat uns mehr denn je in unserem Inneren gefangen und isoliert. F\u00fcr einen ungeouteten schwulen Sportler ist das nichts Neues. Versuch einmal, dein ganzes Leben lang mit diesem Gef\u00fchl umzugehen; es kann l\u00e4hmend sein.\u00bb<\/p>\n<blockquote class=\"wp-embedded-content\" data-secret=\"cmmx3x38sr\"><p><a href=\"https:\/\/mannschaft.com\/2019\/11\/27\/ich-kenne-lgbtiq-personen-im-fussball-die-das-coming-out-scheuen\/\">\u00abIch kenne LGBTIQ-Personen im Fussball, die Coming-out scheuen\u00bb<\/a><\/p><\/blockquote>\n<p><iframe class=\"wp-embedded-content\" sandbox=\"allow-scripts\" security=\"restricted\" style=\"position: absolute; clip: rect(1px, 1px, 1px, 1px);\" title=\"&#8222;\u00abIch kenne LGBTIQ-Personen im Fussball, die Coming-out scheuen\u00bb&#8220; &#8212; Mannschaft Magazin\" src=\"https:\/\/mannschaft.com\/2019\/11\/27\/ich-kenne-lgbtiq-personen-im-fussball-die-das-coming-out-scheuen\/embed\/#?secret=cmmx3x38sr\" data-secret=\"cmmx3x38sr\" width=\"600\" height=\"338\" frameborder=\"0\" marginwidth=\"0\" marginheight=\"0\" scrolling=\"no\"><\/iframe><\/p>\n<p>Beattie hofft, dass er andere Sportler*innen dazu animieren kann, sich selbst zu akzeptieren und zu verstehen. \u00abIch hoffe, dass meine Geschichte bei dir nachhallt, damit du weisst, dass du nicht alleine bist. Ich hoffe, dass wir schliesslich an einen Ort kommen, an dem du dich selbst nicht opfern musst, um einen Athlet oder eine Athletin zu werden.\u00bb<\/p>\n<p>Am Ende seines Texts nimmt er die Fussballwelt in die Pflicht. \u00abSpieler, Trainer, Management, Eigent\u00fcmer, Fans: Euch fordere ich auf, mitf\u00fchlend zu sein\u00bb, schreibt Beattie. \u00abFragt euch selbst: Was glaubt ihr, wirklich \u00fcber Vielfalt, \u00fcber Ungleichheit und soziale Ungerechtigkeit zu wissen? Habt keine Angst vor dem Tag, an dem ein schwuler Sportler euer Trikot tr\u00e4gt. F\u00fcrchtet den langen Zeitraum, in dem es keinen gibt. Schliesslich besteht die Gefahr, dass wir den n\u00e4chsten Lionel Messi verpassen, weil er zuf\u00e4llig schwul ist.\u00bb<\/p>\n<p><strong>Mehr zum Thema:<\/strong> Fussballweltmeister Toni Kroos w\u00fcrde zwar einen Spieler nach einem Coming-out unterst\u00fctzen, warnt aber auch vor negativen Konsequenzen <a href=\"https:\/\/mannschaft.com\/2020\/06\/12\/toni-kroos-wuerde-mitspieler-nach-coming-out-unterstuetzen\/\">(MANNSCHAFT berichtete)<\/a>.<\/p>\n<p>&nbsp;<\/p>\n","protected":false},"excerpt":{"rendered":"<p>F\u00fcnf Jahre nach seinem R\u00fccktritt wagt der britische Fussballprofi Thomas Beattie sein Coming-out. Er habe lange einen gesellschaftlichen Druck versp\u00fcrt, seine Sexualit\u00e4t geheim zu halten.  <a class=\"g1-link g1-link-more\" href=\"https:\/\/alte.mannschaft.lgbt\/bimber\/ehemaliger-fussballer-thomas-beattie-outet-sich-als-schwul\/\">Weiterlesen<\/a><\/p>\n","protected":false},"author":1,"featured_media":0,"comment_status":"closed","ping_status":"closed","sticky":false,"template":"","format":"standard","meta":[],"categories":[2,4447],"tags":[5442,1426,5543],"wps_subtitle":"Nach einer Kopfverletzung musste er seine Karriere aufgeben","_links":{"self":[{"href":"https:\/\/alte.mannschaft.lgbt\/bimber\/wp-json\/wp\/v2\/posts\/82611"}],"collection":[{"href":"https:\/\/alte.mannschaft.lgbt\/bimber\/wp-json\/wp\/v2\/posts"}],"about":[{"href":"https:\/\/alte.mannschaft.lgbt\/bimber\/wp-json\/wp\/v2\/types\/post"}],"author":[{"embeddable":true,"href":"https:\/\/alte.mannschaft.lgbt\/bimber\/wp-json\/wp\/v2\/users\/1"}],"replies":[{"embeddable":true,"href":"https:\/\/alte.mannschaft.lgbt\/bimber\/wp-json\/wp\/v2\/comments?post=82611"}],"version-history":[{"count":0,"href":"https:\/\/alte.mannschaft.lgbt\/bimber\/wp-json\/wp\/v2\/posts\/82611\/revisions"}],"wp:attachment":[{"href":"https:\/\/alte.mannschaft.lgbt\/bimber\/wp-json\/wp\/v2\/media?parent=82611"}],"wp:term":[{"taxonomy":"category","embeddable":true,"href":"https:\/\/alte.mannschaft.lgbt\/bimber\/wp-json\/wp\/v2\/categories?post=82611"},{"taxonomy":"post_tag","embeddable":true,"href":"https:\/\/alte.mannschaft.lgbt\/bimber\/wp-json\/wp\/v2\/tags?post=82611"}],"curies":[{"name":"wp","href":"https:\/\/api.w.org\/{rel}","templated":true}]}}