{"id":82308,"date":"2020-06-22T18:09:17","date_gmt":"2020-06-22T16:09:17","guid":{"rendered":"https:\/\/mannschaft.com\/?p=82308"},"modified":"2020-06-25T12:04:09","modified_gmt":"2020-06-25T10:04:09","slug":"kenneth-felts-fand-endlich-den-mut-coming-out-mit-90","status":"publish","type":"post","link":"https:\/\/alte.mannschaft.lgbt\/bimber\/kenneth-felts-fand-endlich-den-mut-coming-out-mit-90\/","title":{"rendered":"Coming-out mit 90 &#8211; Kenneth Felts fand endlich den Mut!"},"content":{"rendered":"<h3>Kenneth Felts aus Colorado hat bewiesen, dass es nie zu sp\u00e4t ist, seine Identit\u00e4t offen zu leben und sich zu outen. Und wenn es erst mit 90 passiert.<\/h3>\n<p>Kenneth Felts hat seine Sexualit\u00e4t sein ganzes Leben lang geheim gehalten. Aber als Erinnerungen an seine erste Liebe zur\u00fcckkamen und er beschloss, seine Memoiren zu schreiben, f\u00fchrte er ein sehr emotionales Gespr\u00e4ch mit seiner einzigen Tochter Rebecca &#8211; Rebecca ist lesbisch. Nun war es Zeit f\u00fcr sein Coming-out.<\/p>\n<blockquote class=\"wp-embedded-content\" data-secret=\"ZW5ieayUjP\"><p><a href=\"https:\/\/mannschaft.com\/2020\/06\/21\/srf-sportmoderator-olivier-borer\/\">SRF-Sportmoderator: \u00abHatte Angst, von Fans angep\u00f6belt zu werden\u00bb<\/a><\/p><\/blockquote>\n<p><iframe class=\"wp-embedded-content\" sandbox=\"allow-scripts\" security=\"restricted\" style=\"position: absolute; clip: rect(1px, 1px, 1px, 1px);\" title=\"&#8222;SRF-Sportmoderator: \u00abHatte Angst, von Fans angep\u00f6belt zu werden\u00bb&#8220; &#8212; Mannschaft Magazin\" src=\"https:\/\/mannschaft.com\/2020\/06\/21\/srf-sportmoderator-olivier-borer\/embed\/#?secret=ZW5ieayUjP\" data-secret=\"ZW5ieayUjP\" width=\"600\" height=\"338\" frameborder=\"0\" marginwidth=\"0\" marginheight=\"0\" scrolling=\"no\"><\/iframe><\/p>\n<p>\u00abEr ist einfach so mutig\u00bb, sagt sie stolz \u00fcber ihren Vater. \u00abUnd er merkt nicht einmal, dass er es ist, aber es ist schon aussergew\u00f6hnlich.\u00bb<\/p>\n<p>Kenneth erz\u00e4hlte seiner Tochter von der Liebesbeziehung mit einem Mann namens Phillip &#8211; und erkl\u00e4rte, dass die Beziehung aufgrund der damaligen Homophobie in der Gesellschaft keine Chance hatte. Ende der 1950er war es, als er Philip traf und sich in ihn verliebte. Doch Kenneth beschloss damals, offiziell als Hetero zu leben &#8211; eine Entscheidung, die er immer bereut hat.<\/p>\n<p>\u00abIch verbrachte mein ganzes Leben im Schrank &#8211; tief im Schrank, hinter Reihen um Reihen von Kleidung\u00bb, erz\u00e4hlte der 90-J\u00e4hrige jetzt der<a href=\"https:\/\/theknow.denverpost.com\/2020\/06\/18\/kenneth-felts-arvada-coming-out-pride-month\/240633\/\" target=\"_blank\" rel=\"noopener noreferrer\"><em> Denver Post<\/em><\/a>. Zun\u00e4chst habe er grosse Angst gehabt, wie die Leute wohl reagieren w\u00fcrden. Er wollte die wichtigsten Menschen in seinem Leben nicht verlieren.<\/p>\n<p>Trotzdem entschied er sich, dass es Zeit war, sich zu outen. Er schrieb Mails an enge Freund*innen: Er hatte immer das Gef\u00fchl, zwei Pers\u00f6nlichkeiten zu haben: einen heterosexuellen Mann namens Ken und einen schwulen Mann namens Larry.<\/p>\n<blockquote class=\"wp-embedded-content\" data-secret=\"Pc1lJ32MzO\"><p><a href=\"https:\/\/mannschaft.com\/2018\/11\/28\/beifall-fuer-coming-out-an-katholischer-eliteschule\/\">Beifall f\u00fcr Coming-out an katholischer Eliteschule<\/a><\/p><\/blockquote>\n<p><iframe class=\"wp-embedded-content\" sandbox=\"allow-scripts\" security=\"restricted\" style=\"position: absolute; clip: rect(1px, 1px, 1px, 1px);\" title=\"&#8222;Beifall f\u00fcr Coming-out an katholischer Eliteschule&#8220; &#8212; Mannschaft Magazin\" src=\"https:\/\/mannschaft.com\/2018\/11\/28\/beifall-fuer-coming-out-an-katholischer-eliteschule\/embed\/#?secret=Pc1lJ32MzO\" data-secret=\"Pc1lJ32MzO\" width=\"600\" height=\"338\" frameborder=\"0\" marginwidth=\"0\" marginheight=\"0\" scrolling=\"no\"><\/iframe><\/p>\n<p>Und \u00fcber 50 Jahre nachdem er seine erste Liebe aufgrund homophober Einstellungen der Gesellschaft hinter sich gelassen hatte, stiess er mit seinem Coming-out auf eine Welle der Liebe und Unterst\u00fctzung. Darum hat Kenneth Felts einen Rat f\u00fcr alle, die mit ihrer Identit\u00e4t hadern. Er findet, man sollte die eigene Familie und Freund*innen nicht untersch\u00e4tzen, wenn man \u00fcberlegt, sich zu outen: Man k\u00f6nnte positiv \u00fcberrascht werden. \u00abGeniess, was du hast &#8211;\u00a0 denn du hast es nur einmal.\u00bb<\/p>\n<p>Ihm fehlte damals der Mut, sich der Gesellschaft zu stellen. \u00abSich in den 50er, 60er oder 70er Jahren zu outen war schrecklich\u00bb, sagt er. Es gab keine schwule Community, da waren wirklich gar keine schwulen Organisationen oder so etwas.<\/p>\n<blockquote class=\"wp-embedded-content\" data-secret=\"UsbmDhwtav\"><p><a href=\"https:\/\/mannschaft.com\/2017\/08\/28\/ehemaliger-spitzensportler-colin-jackson-outet-sich\/\">Ehemaliger Spitzensportler Colin Jackson outet sich<\/a><\/p><\/blockquote>\n<p><iframe class=\"wp-embedded-content\" sandbox=\"allow-scripts\" security=\"restricted\" style=\"position: absolute; clip: rect(1px, 1px, 1px, 1px);\" title=\"&#8222;Ehemaliger Spitzensportler Colin Jackson outet sich&#8220; &#8212; Mannschaft Magazin\" src=\"https:\/\/mannschaft.com\/2017\/08\/28\/ehemaliger-spitzensportler-colin-jackson-outet-sich\/embed\/#?secret=UsbmDhwtav\" data-secret=\"UsbmDhwtav\" width=\"600\" height=\"338\" frameborder=\"0\" marginwidth=\"0\" marginheight=\"0\" scrolling=\"no\"><\/iframe><\/p>\n<p>Seit er offen schwul lebt, sammelt er Spenden f\u00fcr queere Wohlt\u00e4tigkeitsorganisationen. Am 20. Juni nahm er an einem 5 km langen Spaziergang mit Denver Pride Virtual teil und sammelte 450 US-Dollar f\u00fcr das <a href=\"https:\/\/lgbtqcolorado.org\/\" target=\"_blank\" rel=\"noopener noreferrer\">Center on Colfax<\/a>, einer LGBTIQ-Organisation in Colorado &#8211; insgesamt mehr als doppelt so viel, wie er eigentlich sammeln wollte.<\/p>\n<p>Auch Robina Asti, eine 99-j\u00e4hrige trans Frau aus New York, sammelt Geld, um anderen queeren Menschen zu helfen <a href=\"https:\/\/mannschaft.com\/2020\/06\/09\/robina-asti-trans-aktivistin-99-sammelt-1-million-dollar-fuer-lgbtiq\/\" target=\"_blank\" rel=\"noopener noreferrer\">(MANNSCHAFT berichtete)<\/a>.<\/p>\n","protected":false},"excerpt":{"rendered":"<p>Kenneth Felts aus Colorado hat bewiesen, dass es nie zu sp\u00e4t ist, seine Identit\u00e4t offen zu leben und sich zu outen. Und wenn es erst mit 90 passiert. <a class=\"g1-link g1-link-more\" href=\"https:\/\/alte.mannschaft.lgbt\/bimber\/kenneth-felts-fand-endlich-den-mut-coming-out-mit-90\/\">Weiterlesen<\/a><\/p>\n","protected":false},"author":1,"featured_media":82310,"comment_status":"closed","ping_status":"closed","sticky":false,"template":"","format":"standard","meta":[],"categories":[2],"tags":[5442,5509,145],"wps_subtitle":"\u00abEr ist so mutig und merkt nicht einmal, dass er es ist\u00bb, sagt seine Tochter","_links":{"self":[{"href":"https:\/\/alte.mannschaft.lgbt\/bimber\/wp-json\/wp\/v2\/posts\/82308"}],"collection":[{"href":"https:\/\/alte.mannschaft.lgbt\/bimber\/wp-json\/wp\/v2\/posts"}],"about":[{"href":"https:\/\/alte.mannschaft.lgbt\/bimber\/wp-json\/wp\/v2\/types\/post"}],"author":[{"embeddable":true,"href":"https:\/\/alte.mannschaft.lgbt\/bimber\/wp-json\/wp\/v2\/users\/1"}],"replies":[{"embeddable":true,"href":"https:\/\/alte.mannschaft.lgbt\/bimber\/wp-json\/wp\/v2\/comments?post=82308"}],"version-history":[{"count":0,"href":"https:\/\/alte.mannschaft.lgbt\/bimber\/wp-json\/wp\/v2\/posts\/82308\/revisions"}],"wp:featuredmedia":[{"embeddable":true,"href":"https:\/\/alte.mannschaft.lgbt\/bimber\/wp-json\/wp\/v2\/media\/82310"}],"wp:attachment":[{"href":"https:\/\/alte.mannschaft.lgbt\/bimber\/wp-json\/wp\/v2\/media?parent=82308"}],"wp:term":[{"taxonomy":"category","embeddable":true,"href":"https:\/\/alte.mannschaft.lgbt\/bimber\/wp-json\/wp\/v2\/categories?post=82308"},{"taxonomy":"post_tag","embeddable":true,"href":"https:\/\/alte.mannschaft.lgbt\/bimber\/wp-json\/wp\/v2\/tags?post=82308"}],"curies":[{"name":"wp","href":"https:\/\/api.w.org\/{rel}","templated":true}]}}