{"id":81876,"date":"2020-06-19T11:39:58","date_gmt":"2020-06-19T09:39:58","guid":{"rendered":"https:\/\/mannschaft.com\/?p=81876"},"modified":"2020-06-21T21:05:46","modified_gmt":"2020-06-21T19:05:46","slug":"csd-stuttgart-2020-mit-autokino-und-pop-up-store","status":"publish","type":"post","link":"https:\/\/alte.mannschaft.lgbt\/bimber\/csd-stuttgart-2020-mit-autokino-und-pop-up-store\/","title":{"rendered":"CSD Stuttgart 2020 mit Autokino und Pop-Up-Store"},"content":{"rendered":"<h3>Das CSD-Kulturfestival kann in diesem Jahr nicht in der gewohnten Form stattfinden. Doch der CSD Stuttgart soll nicht einfach ausfallen. Man verst\u00e4rke die Vielfalt daher weiter, sagt der veranstaltende Verein.<\/h3>\n<p>Schliesslich sei in Bezug auf die Gleichberechtigung und Akzeptanz von LGBTIQ immer noch viel zu tun. Die Sichtbarkeit von Vielfalt in unserer Gesellschaft sei gerade auch in herausfordernden Situationen, wie wir sie momentan durch die Corona-Pandemie alle gemeinsam erleben, elementar wichtig, heisst es in einer Pressemitteilung von Freitag.<\/p>\n<blockquote class=\"wp-embedded-content\" data-secret=\"MfOf6qmJRS\"><p><a href=\"https:\/\/mannschaft.com\/2020\/06\/16\/mit-merch-und-demo-so-funktioniert-der-csd-muenchen\/\">Mit Merch und Demo &#8211; so funktioniert der CSD M\u00fcnchen<\/a><\/p><\/blockquote>\n<p><iframe class=\"wp-embedded-content\" sandbox=\"allow-scripts\" security=\"restricted\" style=\"position: absolute; clip: rect(1px, 1px, 1px, 1px);\" title=\"&#8222;Mit Merch und Demo &#8211; so funktioniert der CSD M\u00fcnchen&#8220; &#8212; Mannschaft Magazin\" src=\"https:\/\/mannschaft.com\/2020\/06\/16\/mit-merch-und-demo-so-funktioniert-der-csd-muenchen\/embed\/#?secret=MfOf6qmJRS\" data-secret=\"MfOf6qmJRS\" width=\"600\" height=\"338\" frameborder=\"0\" marginwidth=\"0\" marginheight=\"0\" scrolling=\"no\"><\/iframe><\/p>\n<p>Das ehrenamtliche Organisationsteam hat, zusammen mit der hiesigen Regenbogen-Community, in Windeseile ein komplett neues Konzept erarbeitet, wie dem diesj\u00e4hrigen Motto \u00abVielfalt braucht Verst\u00e4rkung\u00bb auch unter Corona-Bedingungen angemessen Geh\u00f6r und Sichtbarkeit verschafft werden kann. \u00abDabei haben der Gesundheitsschutz und das Wohl aller Beteiligten selbstverst\u00e4ndlich stets die h\u00f6chste Priorit\u00e4t\u00bb, stellt Christoph Michl, Gesch\u00e4ftsf\u00fchrer der IG CSD Stuttgart e.V., klar.<\/p>\n<p>Im Rahmen des CSD-Kulturfestivals vom 10. bis 26. Juli stehen also auch 2020 vielf\u00e4ltige Aktionen und unterschiedlichste Veranstaltungen auf dem Programm \u2013 sowohl als Live-Stream wie auch mit Publikum vor Ort. Verschiedene Massnahmen im \u00f6ffentlichen sowie digitalen Raum sorgen f\u00fcr zus\u00e4tzliche Aufmerksamkeit.<\/p>\n<blockquote class=\"wp-embedded-content\" data-secret=\"lzopWUCfL2\"><p><a href=\"https:\/\/mannschaft.com\/2020\/05\/08\/lgbtiq-news-wir-feiern-100-ausgaben-und-10-jahre-mannschaft\/\">Cybersex, Cuba &#038; Corona &#8211; das bringt die 100. MANNSCHAFT-Ausgabe<\/a><\/p><\/blockquote>\n<p><iframe class=\"wp-embedded-content\" sandbox=\"allow-scripts\" security=\"restricted\" style=\"position: absolute; clip: rect(1px, 1px, 1px, 1px);\" title=\"&#8222;Cybersex, Cuba &#038; Corona &#8211; das bringt die 100. MANNSCHAFT-Ausgabe&#8220; &#8212; Mannschaft Magazin\" src=\"https:\/\/mannschaft.com\/2020\/05\/08\/lgbtiq-news-wir-feiern-100-ausgaben-und-10-jahre-mannschaft\/embed\/#?secret=lzopWUCfL2\" data-secret=\"lzopWUCfL2\" width=\"600\" height=\"338\" frameborder=\"0\" marginwidth=\"0\" marginheight=\"0\" scrolling=\"no\"><\/iframe><\/p>\n<p>Vor dem eigentlichen Festivalbeginn bilden zwei Abende im Autokino die passende Einstimmung: Am Mittwoch, 8. Juli\u00a0 wird auf dem Kulturwasen in Bad Cannstatt eine Preview der Culture-Clash-Kom\u00f6die \u00abKiss Me Kosher!\u00bb gezeigt, inklusive Gespr\u00e4chsrunde vor dem Film. Am Donnerstag, 9. Juli l\u00e4uft im Autokino Esslingen der Film <a href=\"https:\/\/mannschaft.com\/2019\/11\/30\/die-glitzernden-garnelen-die-wollen-nur-glitzern\/\" target=\"_blank\" rel=\"noopener noreferrer\">\u00abDie glitzernden Garnelen\u00bb.<\/a><\/p>\n<p>Die zahlreichen Programmbeitr\u00e4ge zu den Kulturtagen werden im Festivalzeitraum vorwiegend aus einem zentralen CSD-Studio im Stadtkaufhaus \u00abDas Gerber\u00bb ins Internet \u00fcbertragen. So werden t\u00e4gliche Live-Streams mit Diskussionen, Talkrunden, Infoabenden, Lesungen, Kultur und vielem mehr das Motto \u00abVielfalt braucht Verst\u00e4rkung\u00bb mit inhaltlichem Leben f\u00fcllen. Unter Einhaltung der geltenden Abstands- und Hygieneregeln wird zudem einem begrenzten Publikum nach Anmeldung die Teilnahme vor Ort im CSD-Studio m\u00f6glich sein.<\/p>\n<p>Die Fl\u00e4che im \u00abGerber\u00bb diene dar\u00fcber hinaus als Pop-Up-Store zum CSD Stuttgart, \u00fcber den Interessierte an alles Wissenswerte und s\u00e4mtliche Neuigkeiten gelangen \u2013 seien es das Programmheft, Fanartikel oder Hintergr\u00fcnde und Materialien rund um die Regenbogen-Community.\u00a0\u00a0Der CSD-Empfang am Abend des 10. Juli wird als Live-Stream aus dem grossen Sitzungssaal des Stuttgarter Rathauses ausgestrahlt werden. Mit einem Grusswort vor Ort dabei ist unter anderem Fritz Kuhn, der Oberb\u00fcrgermeister der Landeshauptstadt Stuttgart.<\/p>\n<p>Ebenfalls als Live-Stream wird die CSD-Gala am Freitag, 17. Juli 2020 im Rahmen des \u00abKastellSommer\u00bb von der neuen Open-Air-Kulturb\u00fchne im Stuttgarter R\u00f6merkastell gesendet. Dort treten unter anderem Desir\u00e9e Nick, Markus Barth, Sweet Sugar Swing auf. Moderiert wird der Abend von Slam-Poetin und Autorin Leticia Wahl. Bei schlechtem Wetter wird die Veranstaltung in die Phoenixhalle verlegt, vor welcher der KastellSommer aufgebaut ist. Zus\u00e4tzlich zur Online-\u00dcbertragung wird es einem begrenzten Publikum \u2013 aktuell 99 Menschen \u2013 m\u00f6glich sein, die Show unter Einhaltung der aktuellen Hygieneregeln live vor Ort in Bad Cannstatt mitzuerleben.<\/p>\n<blockquote class=\"wp-embedded-content\" data-secret=\"yTuCJAQODO\"><p><a href=\"https:\/\/mannschaft.com\/2020\/06\/13\/wien-feiert-pride-als-fensterlparade-und-die-fpoe-staenkert\/\">Wien feiert Pride als \u00abFensterlparade\u00bb &#8211; FP\u00d6 st\u00e4nkert<\/a><\/p><\/blockquote>\n<p><iframe class=\"wp-embedded-content\" sandbox=\"allow-scripts\" security=\"restricted\" style=\"position: absolute; clip: rect(1px, 1px, 1px, 1px);\" title=\"&#8222;Wien feiert Pride als \u00abFensterlparade\u00bb &#8211; FP\u00d6 st\u00e4nkert&#8220; &#8212; Mannschaft Magazin\" src=\"https:\/\/mannschaft.com\/2020\/06\/13\/wien-feiert-pride-als-fensterlparade-und-die-fpoe-staenkert\/embed\/#?secret=yTuCJAQODO\" data-secret=\"yTuCJAQODO\" width=\"600\" height=\"338\" frameborder=\"0\" marginwidth=\"0\" marginheight=\"0\" scrolling=\"no\"><\/iframe><\/p>\n<p>Zum Gala-Wechsel vom Friedrichsbau Variet\u00e9 ins R\u00f6merkastell sagt CSD-Gesch\u00e4ftsf\u00fchrer Christoph Michl: \u00abDie Vorgaben zu Abstand und Hygiene haben uns veranlasst, die Veranstaltung einmalig zu verlegen, wobei uns die Entscheidung ganz und gar nicht leichtgefallen ist.\u00bb Da der Spielbetrieb im Variet\u00e9 jedoch erst im September wieder offiziell startet und der \u201eKastellSommer\u00bb als Aussenlocation mit viel Platz ideale Bedingungen f\u00fcr die momentane Lage bietet, haben wir uns letztendlich zu diesem Schritt durchgerungen. \u201e2021 sind wir aber selbstverst\u00e4ndlich wieder zur\u00fcck auf dem Pragsattel\u00bb, wagt Michl bereits einen Ausblick.<\/p>\n<p>Eine durch die Stadt ziehende Demonstration in der Gr\u00f6sse der bisherigen CSD-Polit-Parade mit \u00fcber 7.500 Teilnehmenden und knapp 200.000 Besuchenden am Strassenrand ist in der derzeitigen Situation leider schlicht nicht m\u00f6glich. \u00abWir arbeiten f\u00fcr den Nachmittag des 25. Juli 2020 jedoch an einer anderen Form der Pr\u00e4senz, um Aufmerksamkeit und Sichtbarkeit f\u00fcr unsere Themen zu schaffen\u201c, berichtet CSD-Koordinator Christoph Michl und erg\u00e4nzt: \u201eAktuell sind wir in der Kl\u00e4rung der organisatorischen Details mit den Beh\u00f6rden und unter Einbeziehung der Community.\u00bb<\/p>\n<p>Fest stehe aber bereits, dass es sich um keine Demonstration mit Musik und LKW handeln kann. Die \u00dcberlegungen gehen eher Richtung einer \u00abStellvertreter*innen-Kundgebung\u00bb mit aktiven Gruppen der Regenbogen-Community und der Stadtgesellschaft, erg\u00e4nzt um einige wenige dezentrale Informationsst\u00e4nde in der Innenstadt.<\/p>\n<p>Diese andere Art der Kundgebung ist zudem Teil des durchg\u00e4ngigen Online-Pride-Event am Hauptwochenende des CSD Stuttgart, dem 25. und 26. Juli 2020, welcher eine vorwiegend virtuelle Alternative zum bisherigen Strassenfest bieten wird. Diese Live-\u00dcbertragung wird ebenfalls von der \u00abKastellSommer\u00bb-B\u00fchne an der Phoenixhalle im R\u00f6merkastell in Bad Cannstatt gesendet.<\/p>\n<p>In diesem zweit\u00e4gigen Online-Event werden Auftritte verschiedener K\u00fcnstler*innen, DJ*ane-Sets, pers\u00f6nliche Grussworte, politische Diskussionen, Gespr\u00e4chsrunden, Film-Einspielungen sowie Verlosungen und Online-Mitmach-Aktionen f\u00fcr ein abwechslungsreiches Programm sorgen. Einer der zahlreichen H\u00f6hepunkte ist sicherlich der Live-Auftritt der <a href=\"https:\/\/mannschaft.com\/2020\/03\/23\/mia-limbo-mannschaft-verlost-drei-cds\/\" target=\"_blank\" rel=\"noopener noreferrer\">Band MiA.<\/a> am Samstagabend.<\/p>\n<p>Besonderer Fokus wird ausserdem darauf liegen, wie sich die Regenbogen-Community in ihrer ganzen Bandbreite in diesem neuen Format pr\u00e4sentieren kann. Beispielsweise wird ein virtuelles Online-Festivalgel\u00e4nde mit digitalen Infost\u00e4nden als \u00abMarkt der M\u00f6glichkeiten\u00bb die Arbeit der vielen Initiativen, Gruppen, Vereine und Unternehmungen vorstellen und zum direkten Dialog einladen. Neben LGBTIQ-Organisationen sind auch weitere Akteur*innen der Stadtgesellschaft zur Teilnahme eingeladen.<\/p>\n<blockquote class=\"wp-embedded-content\" data-secret=\"MsfIY4QuUS\"><p><a href=\"https:\/\/mannschaft.com\/2020\/06\/05\/jason-derulo-schwanz-was-kann-ich-dafuer\/\">\u00abH\u00e4tte ich weniger in der Hose, w\u00e4re das Bild nicht gel\u00f6scht worden\u00bb<\/a><\/p><\/blockquote>\n<p><iframe class=\"wp-embedded-content\" sandbox=\"allow-scripts\" security=\"restricted\" style=\"position: absolute; clip: rect(1px, 1px, 1px, 1px);\" title=\"&#8222;\u00abH\u00e4tte ich weniger in der Hose, w\u00e4re das Bild nicht gel\u00f6scht worden\u00bb&#8220; &#8212; Mannschaft Magazin\" src=\"https:\/\/mannschaft.com\/2020\/06\/05\/jason-derulo-schwanz-was-kann-ich-dafuer\/embed\/#?secret=MsfIY4QuUS\" data-secret=\"MsfIY4QuUS\" width=\"600\" height=\"338\" frameborder=\"0\" marginwidth=\"0\" marginheight=\"0\" scrolling=\"no\"><\/iframe><\/p>\n<p>Alle Live-Streams und Online-Veranstaltungen des CSD-Kulturfestivals werden stets auf <a href=\"http:\/\/www.csd-stuttgart.de\/live\" target=\"_blank\" rel=\"noopener noreferrer\">www.csd-stuttgart.de\/live<\/a> sowie \u00fcber die CSD-Pr\u00e4senzen bei YouTube und Facebook \u00fcbertragen. Bis auf die CSD-Gala werden alle Streams kostenlos zug\u00e4nglich sein.<\/p>\n<p>Das Motto des CSD Stuttgart mit der Botschaft \u00abVielfalt braucht Verst\u00e4rkung\u00bb, werde im Juli im \u00f6ffentlichen und virtuellen Raum eine deutliche Rolle spielen, beispielsweise durch eine gross angelegte Plakatkampagne, zahlreiche Regenbogenflaggen im Stadtgebiet, verschiedene Grussbotschaften, einem Schaufensterwettbewerb sowie weiteren Aktionen zum selbst mitmachen und selbst kreativ werden.<\/p>\n","protected":false},"excerpt":{"rendered":"<p>Das CSD-Kulturfestival kann in diesem Jahr nicht in der gewohnten Form stattfinden. Doch der CSD Stuttgart soll nicht einfach ausfallen. Man verst\u00e4rke die Vielfalt daher weiter, so der CSD-Verein. <a class=\"g1-link g1-link-more\" href=\"https:\/\/alte.mannschaft.lgbt\/bimber\/csd-stuttgart-2020-mit-autokino-und-pop-up-store\/\">Weiterlesen<\/a><\/p>\n","protected":false},"author":1,"featured_media":60550,"comment_status":"closed","ping_status":"closed","sticky":false,"template":"","format":"standard","meta":[],"categories":[3],"tags":[5467],"wps_subtitle":"Das Programm des Kulturfestivals der Community wurde an die neuen Gegebenheiten angepasst","_links":{"self":[{"href":"https:\/\/alte.mannschaft.lgbt\/bimber\/wp-json\/wp\/v2\/posts\/81876"}],"collection":[{"href":"https:\/\/alte.mannschaft.lgbt\/bimber\/wp-json\/wp\/v2\/posts"}],"about":[{"href":"https:\/\/alte.mannschaft.lgbt\/bimber\/wp-json\/wp\/v2\/types\/post"}],"author":[{"embeddable":true,"href":"https:\/\/alte.mannschaft.lgbt\/bimber\/wp-json\/wp\/v2\/users\/1"}],"replies":[{"embeddable":true,"href":"https:\/\/alte.mannschaft.lgbt\/bimber\/wp-json\/wp\/v2\/comments?post=81876"}],"version-history":[{"count":0,"href":"https:\/\/alte.mannschaft.lgbt\/bimber\/wp-json\/wp\/v2\/posts\/81876\/revisions"}],"wp:featuredmedia":[{"embeddable":true,"href":"https:\/\/alte.mannschaft.lgbt\/bimber\/wp-json\/wp\/v2\/media\/60550"}],"wp:attachment":[{"href":"https:\/\/alte.mannschaft.lgbt\/bimber\/wp-json\/wp\/v2\/media?parent=81876"}],"wp:term":[{"taxonomy":"category","embeddable":true,"href":"https:\/\/alte.mannschaft.lgbt\/bimber\/wp-json\/wp\/v2\/categories?post=81876"},{"taxonomy":"post_tag","embeddable":true,"href":"https:\/\/alte.mannschaft.lgbt\/bimber\/wp-json\/wp\/v2\/tags?post=81876"}],"curies":[{"name":"wp","href":"https:\/\/api.w.org\/{rel}","templated":true}]}}