{"id":81808,"date":"2020-06-19T09:12:25","date_gmt":"2020-06-19T07:12:25","guid":{"rendered":"https:\/\/mannschaft.com\/?p=81808"},"modified":"2020-06-22T08:14:45","modified_gmt":"2020-06-22T06:14:45","slug":"pfaffenhofen-legt-partnerschaft-mit-tarnow-polen-auf-eis","status":"publish","type":"post","link":"https:\/\/alte.mannschaft.lgbt\/bimber\/pfaffenhofen-legt-partnerschaft-mit-tarnow-polen-auf-eis\/","title":{"rendered":"Pfaffenhofen legt Partnerschaft mit Tarn\u00f3w (Polen) auf Eis"},"content":{"rendered":"<h3>Klare Ansage aus dem Regierungsbezirk Oberbayern: Pfaffenhofen legt die Partnerschaft mit dem polnischen Partnerlandkreis Tarn\u00f3w erstmal auf Eis.<\/h3>\n<p>Das erkl\u00e4rte das Landratsamt Pfaffenhofen gegen\u00fcber dem <a href=\"https:\/\/www.donaukurier.de\/lokales\/pfaffenhofen\/Partnerschaft-bis-auf-Weiteres-auf-Eis-gelegt;art600,4605542?fbclid=IwAR3MbzyGCxNrHjhvy0RVg9k7la_GlmQyJnBqiRJsYPnJXGPrp0cFeRJZloM\" target=\"_blank\" rel=\"noopener noreferrer\"><em>Donaukurier<\/em><\/a>. Landrat Albert G\u00fcrtner (FW, Freie W\u00e4hler) habe sich mit den drei Stellvertreter*innen sowie den Fraktionssprecher*innen der Freien W\u00e4hlern, SPD, Gr\u00fcnen und B\u00fcrgerliste geeinigt. G\u00fcrtner werde zudem in einem bereits angek\u00fcndigten Brief an den Landrat von Tarn\u00f3w \u00abum eine Erkl\u00e4rung f\u00fcr die umstrittene Resolution bitten, da diese im Landkreis Pfaffenhofen zu vielen sehr negativen Reaktionen gef\u00fchrt hat\u00bb. Eine Basis f\u00fcr eine Partnerschaft habe unter den gegenw\u00e4rtigen Umst\u00e4nden jedenfalls niemand mehr gesehen.<\/p>\n<blockquote class=\"wp-embedded-content\" data-secret=\"Ujb4iJeDSK\"><p><a href=\"https:\/\/mannschaft.com\/2020\/06\/16\/duda-sprecher-praesident-hat-keine-homophoben-ansichten\/\">Duda-Sprecher: Pr\u00e4sident hat keine \u00abhomophoben Ansichten\u00bb<\/a><\/p><\/blockquote>\n<p><iframe class=\"wp-embedded-content\" sandbox=\"allow-scripts\" security=\"restricted\" style=\"position: absolute; clip: rect(1px, 1px, 1px, 1px);\" title=\"&#8222;Duda-Sprecher: Pr\u00e4sident hat keine \u00abhomophoben Ansichten\u00bb&#8220; &#8212; Mannschaft Magazin\" src=\"https:\/\/mannschaft.com\/2020\/06\/16\/duda-sprecher-praesident-hat-keine-homophoben-ansichten\/embed\/#?secret=Ujb4iJeDSK\" data-secret=\"Ujb4iJeDSK\" width=\"600\" height=\"338\" frameborder=\"0\" marginwidth=\"0\" marginheight=\"0\" scrolling=\"no\"><\/iframe><\/p>\n<p>Das sieht der \u00d6DP-Kreisvorsitzende Richard Fischer (\u00d6kologisch-Demokratische Partei) anders. \u00abWann ist das letzte Mal etwas besser geworden, weil man nicht mehr miteinander geredet hat?\u00bb, fragt er. Er k\u00f6nne nicht nachvollziehen, dass auf einmal die sch\u00e4rfsten Gesch\u00fctze aufgefahren w\u00fcrden. Es sei ja wenig \u00fcberraschend, dass es die homofeindlichen Tendenzen dort gebe. Mit der Beendigung der Partnerschaft verschwinde das Problem aber nicht, so Fischer. Man d\u00fcrfe sich keinen Illusionen hingeben: der Landrat von Tarn\u00f3w sei schliesslich von der Bev\u00f6lkerung gew\u00e4hlt.<\/p>\n<p>Selbst wenn die Verantwortlichen die \u00abLGBT-freien Zonen\u00bb auf Druck von aussen zur\u00fccknehmen w\u00fcrden, \u00e4ndere das nichts an der Einstellung der Bev\u00f6lkerung. Lieber solle man in einen intensiveren Dialog eintreten und alle Teile des Partnerlandkreises kennenlernen. \u00abSorgen wir nicht f\u00fcr neue Filterblasen, sondern sagen wir ehrlich und direkt unsere Meinung, ohne dabei bevormundend zu wirken.\u00bb Man m\u00fcsse auch die \u00abeinfachen Leute\u00bb erreichen, nicht nur den Landrat, so Fischer.<\/p>\n<p>Anfang Juli soll in Pfaffenhofen die endg\u00fcltige Entscheidung \u00fcber eine Verl\u00e4ngerung der Partnerschaft anstehen.<\/p>\n<p>2019 hatte sich Tarn\u00f3w wie mittlerweile rund 100 polnische Kommunen zur LGBT-freien Zone erkl\u00e4rt, zudem wurde eine \u00abResolution gegen die LGBT-Ideologie\u00bb und die \u00abCharta der Familienrechte\u00bb verabschiedet. Im M\u00e4rz hatte der B\u00fcrgerrechtsbeauftragte Polens Klage am Krakauer Verwaltungsgericht eingereicht. Zudem kam heraus, dass sich Mitglieder der dortigen LGBTIQ-Bewegung wegen der Entwicklungen bereits an das Pfaffenhofener Landratsamt gewendet hatten.<\/p>\n<blockquote class=\"wp-embedded-content\" data-secret=\"5GbrBFFqGx\"><p><a href=\"https:\/\/mannschaft.com\/2020\/06\/04\/eu-kommission-koennte-lgbtiq-freien-zonen-geldhahn-zudrehen\/\">EU-Kommission k\u00f6nnte \u00abLGBT-freien Zonen\u00bb Geldhahn zudrehen<\/a><\/p><\/blockquote>\n<p><iframe class=\"wp-embedded-content\" sandbox=\"allow-scripts\" security=\"restricted\" style=\"position: absolute; clip: rect(1px, 1px, 1px, 1px);\" title=\"&#8222;EU-Kommission k\u00f6nnte \u00abLGBT-freien Zonen\u00bb Geldhahn zudrehen&#8220; &#8212; Mannschaft Magazin\" src=\"https:\/\/mannschaft.com\/2020\/06\/04\/eu-kommission-koennte-lgbtiq-freien-zonen-geldhahn-zudrehen\/embed\/#?secret=5GbrBFFqGx\" data-secret=\"5GbrBFFqGx\" width=\"600\" height=\"338\" frameborder=\"0\" marginwidth=\"0\" marginheight=\"0\" scrolling=\"no\"><\/iframe><\/p>\n<p>Der damalige CSU-Landrat Martin Wolf habe davon gewusst, so Landratsamtssprecherin Regina Brummer zum <em>Donaukurier<\/em>. Man habe das nicht als Aufforderung verstanden und angesichts der Corona-Krise das Thema erstmal nicht weiter verfolgt.<\/p>\n<p>Im Dezember nahm das EU-Parlament eine Entschliessung an, mit der eine LGBTIQ-Strategie und gezielte Massnahmen der EU-Kommission und der Mitgliedstaaten gefordert wurden, um der Zunahme von Hassreden und ihrer Folgen in der gesamten EU entgegenzuwirken\u00a0<a href=\"https:\/\/mannschaft.com\/2019\/12\/18\/eu-parlament-beklagt-hetze-gegen-lgbtiq-in-polen\/\" target=\"_blank\" rel=\"noopener noreferrer\">(MANNSCHAFT berichtete)<\/a>.<\/p>\n<p>Der LSVD hatte im Fr\u00fchjahr \u00fcber 300 deutsche B\u00fcrgermeister*innen angeschrieben und sie gebeten, LGBTIQ-feindliche Resolutionen anzusprechen, zu kritisieren und zu handeln. Hier die Antwort der St\u00e4dte Weimar und Gotha <a href=\"https:\/\/mannschaft.com\/2020\/05\/29\/thueringer-staedte-irritiert-ueber-polens-lgbt-freie-zonen\/\" target=\"_blank\" rel=\"noopener noreferrer\">(MANNSCHAFT berichtete)<\/a>.<\/p>\n<blockquote class=\"wp-embedded-content\" data-secret=\"FpHV7PbfQS\"><p><a href=\"https:\/\/mannschaft.com\/2020\/06\/18\/homofeindliche-hetze-anzeige-gegen-tvp-korrespondenten\/\">Homofeindliche Hetze &#8211; Anzeige gegen TVP-Korrespondenten!<\/a><\/p><\/blockquote>\n<p><iframe class=\"wp-embedded-content\" sandbox=\"allow-scripts\" security=\"restricted\" style=\"position: absolute; clip: rect(1px, 1px, 1px, 1px);\" title=\"&#8222;Homofeindliche Hetze &#8211; Anzeige gegen TVP-Korrespondenten!&#8220; &#8212; Mannschaft Magazin\" src=\"https:\/\/mannschaft.com\/2020\/06\/18\/homofeindliche-hetze-anzeige-gegen-tvp-korrespondenten\/embed\/#?secret=FpHV7PbfQS\" data-secret=\"FpHV7PbfQS\" width=\"600\" height=\"338\" frameborder=\"0\" marginwidth=\"0\" marginheight=\"0\" scrolling=\"no\"><\/iframe><\/p>\n<p>Zuvor hatte die franz\u00f6sische Gemeinde Saint-Jean-de-Braye beschlossen, die Partnerschaft mit der s\u00fcdpolnischen Kleinstadt Tuch\u00f3w (Woiwodschaft Kleinpolen) zu beenden. Martin-Chabbert, Berater des dortigen B\u00fcrgermeisters, betonte, dass die Gemeinde die Vernachl\u00e4ssigung der Menschenrechte nicht zulassen k\u00f6nne, und verwies auf die Verfolgung von Homosexuellen durch Nazideutschland.<\/p>\n","protected":false},"excerpt":{"rendered":"<p>Klare Ansage aus dem Regierungsbezirk Oberbayern: Pfaffenhofen legt die Partnerschaft mit dem polnischen Partnerlandkreis Tarn\u00f3w bis auf weiteres auf Eis. <a class=\"g1-link g1-link-more\" href=\"https:\/\/alte.mannschaft.lgbt\/bimber\/pfaffenhofen-legt-partnerschaft-mit-tarnow-polen-auf-eis\/\">Weiterlesen<\/a><\/p>\n","protected":false},"author":1,"featured_media":81821,"comment_status":"closed","ping_status":"closed","sticky":false,"template":"","format":"standard","meta":[],"categories":[3],"tags":[17,106],"wps_subtitle":"Anfang Juli steht die endg\u00fcltige Entscheidung \u00fcber eine Verl\u00e4ngerung der Partnerschaft an","_links":{"self":[{"href":"https:\/\/alte.mannschaft.lgbt\/bimber\/wp-json\/wp\/v2\/posts\/81808"}],"collection":[{"href":"https:\/\/alte.mannschaft.lgbt\/bimber\/wp-json\/wp\/v2\/posts"}],"about":[{"href":"https:\/\/alte.mannschaft.lgbt\/bimber\/wp-json\/wp\/v2\/types\/post"}],"author":[{"embeddable":true,"href":"https:\/\/alte.mannschaft.lgbt\/bimber\/wp-json\/wp\/v2\/users\/1"}],"replies":[{"embeddable":true,"href":"https:\/\/alte.mannschaft.lgbt\/bimber\/wp-json\/wp\/v2\/comments?post=81808"}],"version-history":[{"count":0,"href":"https:\/\/alte.mannschaft.lgbt\/bimber\/wp-json\/wp\/v2\/posts\/81808\/revisions"}],"wp:featuredmedia":[{"embeddable":true,"href":"https:\/\/alte.mannschaft.lgbt\/bimber\/wp-json\/wp\/v2\/media\/81821"}],"wp:attachment":[{"href":"https:\/\/alte.mannschaft.lgbt\/bimber\/wp-json\/wp\/v2\/media?parent=81808"}],"wp:term":[{"taxonomy":"category","embeddable":true,"href":"https:\/\/alte.mannschaft.lgbt\/bimber\/wp-json\/wp\/v2\/categories?post=81808"},{"taxonomy":"post_tag","embeddable":true,"href":"https:\/\/alte.mannschaft.lgbt\/bimber\/wp-json\/wp\/v2\/tags?post=81808"}],"curies":[{"name":"wp","href":"https:\/\/api.w.org\/{rel}","templated":true}]}}