{"id":81798,"date":"2020-06-19T07:18:00","date_gmt":"2020-06-19T05:18:00","guid":{"rendered":"https:\/\/mannschaft.com\/?p=81798"},"modified":"2023-01-30T14:02:51","modified_gmt":"2023-01-30T13:02:51","slug":"mann-im-zug-in-genf-als-schwul-und-schwach-beschimpft","status":"publish","type":"post","link":"https:\/\/alte.mannschaft.lgbt\/bimber\/mann-im-zug-in-genf-als-schwul-und-schwach-beschimpft\/","title":{"rendered":"Model in Genf als \u00abschwul und schwach\u00bb beleidigt und geschlagen"},"content":{"rendered":"<h3>Als Reaktion auf wiederholte Angriffe auf LGBTIQ-Personen fordern die LGBTIQ-Verb\u00e4nde einen nationalen Aktionsplan dagegen. Nationalrat Angelo Barrile reichte am Freitag ein Postulat ein, das die Erarbeitung eines solchen Aktionsplans vom Bundesrat fordert. Ein neues Hassverbrechen in Genf zeige die Dringlichkeit, endlich Massnahmen zu ergreifen.<\/h3>\n<p>Seit mehreren Jahren werden LGBTQ-Feindlichkeit und Hate Crimes an lesbischen, schwulen, bisexuellen, trans und queeren Personen breit diskutiert. Trotzdem fehlen in der Schweiz auf allen Ebenen griffige Massnahmen gegen LGBTQ-feindliche\u00a0Hassverbrechen\u00a0und LGBTQ-Feindlichkeit generell, heisst es in einer Medienmitteilung.<\/p>\n<blockquote class=\"wp-embedded-content\" data-secret=\"l1QlcbxSWU\"><p><a href=\"https:\/\/mannschaft.com\/2020\/05\/08\/lgbtiq-news-wir-feiern-100-ausgaben-und-10-jahre-mannschaft\/\">Cybersex, Cuba &#038; Corona &#8211; das bringt die 100. MANNSCHAFT-Ausgabe<\/a><\/p><\/blockquote>\n<p><iframe class=\"wp-embedded-content\" sandbox=\"allow-scripts\" security=\"restricted\" style=\"position: absolute; clip: rect(1px, 1px, 1px, 1px);\" title=\"&#8222;Cybersex, Cuba &#038; Corona &#8211; das bringt die 100. MANNSCHAFT-Ausgabe&#8220; &#8212; Mannschaft Magazin\" src=\"https:\/\/mannschaft.com\/2020\/05\/08\/lgbtiq-news-wir-feiern-100-ausgaben-und-10-jahre-mannschaft\/embed\/#?secret=l1QlcbxSWU\" data-secret=\"l1QlcbxSWU\" width=\"600\" height=\"338\" frameborder=\"0\" marginwidth=\"0\" marginheight=\"0\" scrolling=\"no\"><\/iframe><\/p>\n<p>Die LGBTQ-Verb\u00e4nde forderten deshalb bereits am International Day against Homo-, Bi-, Inter- and Transphobia, kurz: IDAHOBIT (17. Mai 2020), einen nationalen Aktionsplan zur Unterst\u00fctzung und zum Schutz gewaltbetroffener Personen, mit pr\u00e4ventiven Massnahmen und mit spezifischer T\u00e4ter*innenarbeit.<\/p>\n<p>Diese Forderung wurde nun von SP-Nationalrat Angelo Barrile aufgenommen. Mit breiter Unterst\u00fctzung von Nationalr\u00e4t*innen aus SP, Gr\u00fcne, GLP, BDP, CVP und FDP reichte er ein entsprechendes Postulat ein.<\/p>\n<p>Barrile erkl\u00e4rt: \u00abIch selbst habe schon Gewalt erfahren m\u00fcssen, als ich mit meinem Partner in Z\u00fcrich unterwegs war. Solche Erfahrungen sind f\u00fcr LGBTQ-Personen leider allt\u00e4glich \u2013 das muss sich \u00e4ndern! Der Bundesrat ist gefordert, nun endlich griffige Massnahmen auf allen Ebenen zu beschliessen.\u201d Der nationale Aktionsplan soll in Zusammenarbeit mit den Kantonen und Gemeinden sowie mit zivilgesellschaftlichen Organisationen und Expert*innen erarbeitet und umgesetzt werden.<\/p>\n<p>Aktuell wurde ein neuer Fall eines schlimmen Angriffs publik, \u00fcber den <a href=\"https:\/\/www.20min.ch\/story\/maenner-attackierten-lgbtq-model-im-zug-262077009879\" target=\"_blank\" rel=\"noopener noreferrer\"><em>20 Minuten<\/em><\/a> berichtet. Das Z\u00fcrcher Model Miruh Frutiger war im Zug in Genf unterwegs, als es von drei M\u00e4nnern angep\u00f6belt und beschimpft wurde. \u00abSie haben mich wohl aufgrund meines Outfits als schwach und schwul eingestuft, mich beschimpft und meine Tasche geklaut. Ich lief ihnen hinterher, worauf sie auf mich einschlugen, bis meine Nase blutete\u00bb, beschreibt Miruh den Angriff. \u00abEs war ein traumatisches Erlebnis. Ich will, dass niemand mehr angegriffen wird \u2013 nur weil man nicht ganz cis-hetero aussieht. Deshalb rede ich dar\u00fcber, doch nun muss auch die Politik endlich etwas tun!\u00bb<\/p>\n<p>Nur die wenigsten Hate Crimes kommen zur Anzeige. Eine statistische Erfassung der Hate Crimes in der Schweiz fehlt nach wie vor <a href=\"https:\/\/mannschaft.com\/2020\/05\/17\/nur-die-wenigsten-hate-crimes-kommen-zur-anzeige\/\" target=\"_blank\" rel=\"noopener noreferrer\">(MANNSCHAFT berichtete).<\/a><\/p>\n<blockquote class=\"wp-embedded-content\" data-secret=\"KgwxWJh9yN\"><p><a href=\"https:\/\/mannschaft.com\/2020\/05\/14\/lgbtiq-ranking-schweiz-macht-4-plaetze-gut\/\">LGBTIQ-Ranking: Schweiz macht 4 Pl\u00e4tze gut<\/a><\/p><\/blockquote>\n<p><iframe class=\"wp-embedded-content\" sandbox=\"allow-scripts\" security=\"restricted\" style=\"position: absolute; clip: rect(1px, 1px, 1px, 1px);\" title=\"&#8222;LGBTIQ-Ranking: Schweiz macht 4 Pl\u00e4tze gut&#8220; &#8212; Mannschaft Magazin\" src=\"https:\/\/mannschaft.com\/2020\/05\/14\/lgbtiq-ranking-schweiz-macht-4-plaetze-gut\/embed\/#?secret=KgwxWJh9yN\" data-secret=\"KgwxWJh9yN\" width=\"600\" height=\"338\" frameborder=\"0\" marginwidth=\"0\" marginheight=\"0\" scrolling=\"no\"><\/iframe><\/p>\n<p>Obwohl medial meist Angriffe auf Schwule diskutiert werden, so betreffen sie leider auch lesbische, bisexuelle und trans Personen. Alecs Recher, der die Rechtsberatung von Transgender Network Switzerland (TGNS) leitet, h\u00f6rt von seinen Klient*innen regelm\u00e4ssig davon: \u00abDie meisten unserer Klient*innen haben Gewalt erlebt, weil sie trans sind. Sei es zuhause oder im \u00f6ffentlichen Raum, sobald man als trans bekannt oder erkennbar ist, kann es gef\u00e4hrlich werden. Ich erwarte vom Bundesrat, dass er das Problem endlich ernst nimmt!\u00bb<\/p>\n<p>Muriel Waeger, Romandie-Verantwortliche der Lesbenorganisation Schweiz LOS und Pink Cross, zeigt sich k\u00e4mpferisch: \u00abManchmal kleide oder verhalte ich mich nicht, wie es die Gesellschaft von mir als Frau erwarten w\u00fcrde. Ich hoffe, ich kann das bald noch selbstverst\u00e4ndlicher und ohne Angst tun. Wenn wir als Gesellschaft zusammenstehen, und jede*r der Gewalt sieht, interveniert, schaffen wir das!\u00bb<\/p>\n<p><strong>Fu\u0308r eine Doku des SRF zum Thema LGBTIQ-Feindlichkeit in der Schweiz werden queere Personen oder Paare gesucht, die Diskriminierung, Anfeindungen oder gewaltsame U\u0308bergriffe erleb(t)en und bereit sind, daru\u0308ber zu erza\u0308hlen. Ziel des Filmes ist, dem Publikum einen differenzierten und vielschichtigen Einblick in die Thematik zu geben und es darauf zu sensibilisieren. <\/strong><\/p>\n","protected":false},"excerpt":{"rendered":"<p>Als Reaktion auf wiederholte Angriffe auf LGBTIQ-Personen fordern die LGBTIQ-Verb\u00e4nde einen nationalen Aktionsplan. Nationalrat Barrile reichte ein Postulat ein, das die Erarbeitung eines Aktionsplans fordert. Ein neuer Angriff in Genf zeige die Dringlichkeit, endlich Massnahmen zu ergreifen. <a class=\"g1-link g1-link-more\" href=\"https:\/\/alte.mannschaft.lgbt\/bimber\/mann-im-zug-in-genf-als-schwul-und-schwach-beschimpft\/\">Weiterlesen<\/a><\/p>\n","protected":false},"author":1,"featured_media":81977,"comment_status":"closed","ping_status":"closed","sticky":false,"template":"","format":"standard","meta":[],"categories":[1340],"tags":[1415,5538,5544,5461],"wps_subtitle":"Nationaler Aktionsplan gegen LGBTIQ-feindliche Hassverbrechen gefordert","_links":{"self":[{"href":"https:\/\/alte.mannschaft.lgbt\/bimber\/wp-json\/wp\/v2\/posts\/81798"}],"collection":[{"href":"https:\/\/alte.mannschaft.lgbt\/bimber\/wp-json\/wp\/v2\/posts"}],"about":[{"href":"https:\/\/alte.mannschaft.lgbt\/bimber\/wp-json\/wp\/v2\/types\/post"}],"author":[{"embeddable":true,"href":"https:\/\/alte.mannschaft.lgbt\/bimber\/wp-json\/wp\/v2\/users\/1"}],"replies":[{"embeddable":true,"href":"https:\/\/alte.mannschaft.lgbt\/bimber\/wp-json\/wp\/v2\/comments?post=81798"}],"version-history":[{"count":1,"href":"https:\/\/alte.mannschaft.lgbt\/bimber\/wp-json\/wp\/v2\/posts\/81798\/revisions"}],"predecessor-version":[{"id":160795,"href":"https:\/\/alte.mannschaft.lgbt\/bimber\/wp-json\/wp\/v2\/posts\/81798\/revisions\/160795"}],"wp:featuredmedia":[{"embeddable":true,"href":"https:\/\/alte.mannschaft.lgbt\/bimber\/wp-json\/wp\/v2\/media\/81977"}],"wp:attachment":[{"href":"https:\/\/alte.mannschaft.lgbt\/bimber\/wp-json\/wp\/v2\/media?parent=81798"}],"wp:term":[{"taxonomy":"category","embeddable":true,"href":"https:\/\/alte.mannschaft.lgbt\/bimber\/wp-json\/wp\/v2\/categories?post=81798"},{"taxonomy":"post_tag","embeddable":true,"href":"https:\/\/alte.mannschaft.lgbt\/bimber\/wp-json\/wp\/v2\/tags?post=81798"}],"curies":[{"name":"wp","href":"https:\/\/api.w.org\/{rel}","templated":true}]}}