{"id":81717,"date":"2020-06-18T13:41:00","date_gmt":"2020-06-18T11:41:00","guid":{"rendered":"https:\/\/mannschaft.com\/?p=81717"},"modified":"2020-06-23T09:36:31","modified_gmt":"2020-06-23T07:36:31","slug":"homofeindliche-hetze-anzeige-gegen-tvp-korrespondenten","status":"publish","type":"post","link":"https:\/\/alte.mannschaft.lgbt\/bimber\/homofeindliche-hetze-anzeige-gegen-tvp-korrespondenten\/","title":{"rendered":"Homofeindliche Hetze &#8211; Anzeige gegen TVP-Korrespondenten!"},"content":{"rendered":"<h3>\u00abManchmal fehlen einem die Worte\u2026\u00bb, erkl\u00e4rte Ulle Schauws, Sprecherin f\u00fcr Queerpolitik der Gr\u00fcne-Bundestagsfraktion am Donnerstag: Sie zeigte den polnischen Journalisten Cezary Gmyz wegen homofeindlicher Hetze an.<\/h3>\n<p>\u00abIch m\u00f6chte Ihnen mitteilen, dass ich heute aufgrund eines volkshetzerischen und die Naziverbrechen relativierenden Tweets eine Strafanzeige gegen Herrn Cezary Gmyz, den Korrespondenten des \u00f6ffentlichen polnischen Fernsehens TVP in Deutschland gestellt habe\u00bb, schrieb Schauws am Donnerstag in einer kurzen Mitteilung.<\/p>\n<blockquote class=\"wp-embedded-content\" data-secret=\"TWWf6DUoIc\"><p><a href=\"https:\/\/mannschaft.com\/2020\/06\/08\/durex-polen-zeigt-schwules-paar-in-werbespot\/\">Durex Polen zeigt schwules Paar in Werbespot<\/a><\/p><\/blockquote>\n<p><iframe class=\"wp-embedded-content\" sandbox=\"allow-scripts\" security=\"restricted\" style=\"position: absolute; clip: rect(1px, 1px, 1px, 1px);\" title=\"&#8222;Durex Polen zeigt schwules Paar in Werbespot&#8220; &#8212; Mannschaft Magazin\" src=\"https:\/\/mannschaft.com\/2020\/06\/08\/durex-polen-zeigt-schwules-paar-in-werbespot\/embed\/#?secret=TWWf6DUoIc\" data-secret=\"TWWf6DUoIc\" width=\"600\" height=\"338\" frameborder=\"0\" marginwidth=\"0\" marginheight=\"0\" scrolling=\"no\"><\/iframe><\/p>\n<p>In einem Tweet schrieb Gmyz als Antwort auf einen anderen Tweet mit dem Hinweis, dass Nationalsozialisten zwischen 1933 und 1945 5000 bis 15.000 Homosexuelle ins Auschwitz geschickt hatten, folgendes:<\/p>\n<p>\u00abViele Homosexuelle in den Konzentrationslagern waren aussergew\u00f6hnliche Degenerierte und Vergewaltiger. Zudem weise ich auf ein Buch von Roman Frister hin, der in \u00abAutoportr\u00e4t mit einer Narbe\u00bb beschreibt, wie er Opfer einer analen Vergewaltigung war.\u00bb<\/p>\n<blockquote class=\"twitter-tweet lazyload\" data-expand=\"600\" data-script=\"https:\/\/platform.twitter.com\/widgets.js\"  data-width=\"550\" data-dnt=\"true\">\n<p lang=\"pl\" dir=\"ltr\">Wielu homoseksualist\u00f3w w obozach koncentracyjnych z by\u0142o wyj\u0105tkowymi zwyrodnialcami i gwa\u0142cicielami. Odsy\u0142am te\u017c do ksi\u0105\u017cki Romana Fristera, kt\u00f3ry \u201eAutoportrecie z blizn\u0105\u201d opisuje jak sam w Auschwitz pad\u0142 ofiar\u0105 gwa\u0142tu analnego <a href=\"https:\/\/t.co\/ZbW6zzYR2q\">https:\/\/t.co\/ZbW6zzYR2q<\/a> <a href=\"https:\/\/t.co\/vncXp8UMmn\">pic.twitter.com\/vncXp8UMmn<\/a><\/p>\n<p>&mdash; Cezary \u201eTrotyl\u201d Gmyz #AnnoDomini2020 (@cezarygmyz) <a href=\"https:\/\/twitter.com\/cezarygmyz\/status\/1272468029385969664?ref_src=twsrc%5Etfw\">June 15, 2020<\/a><\/p><\/blockquote>\n<p>Die Berliner Staatsanwaltschaft pr\u00fcfe derzeit den Fall. Zudem werde Schauws an den Verein der Ausl\u00e4ndischen Presse in Deutschland e. V. appellieren, Herr Gmyz wegen seiner \u00c4usserung aus dem Verein auszuschliessen. \u00abEs gibt Grenzen des Sagbaren.\u00bb<\/p>\n<p>Ende Juni finden in Polen Pr\u00e4sidentschaftswahlen statt. Pr\u00e4sident Andrzej Duda, der wiedergew\u00e4hlt werden will, verglich den Kampf f\u00fcr LGBTIQ-Menschenrechte mit \u00abNeo-Bolschewismus\u00bb. Die Vizepr\u00e4sidentin der EU-Kommission brachte das Streichen von F\u00f6rdergeldern ins Gespr\u00e4ch <a href=\"https:\/\/mannschaft.com\/2020\/06\/16\/duda-sprecher-praesident-hat-keine-homophoben-ansichten\/\" target=\"_blank\" rel=\"noopener noreferrer\">(MANNSCHAFT berichtete) <\/a>Vergangene Woche hatte Duda die Anti-LGBT-Familiencharta unterzeichnet\u00a0<a href=\"https:\/\/mannschaft.com\/2020\/06\/10\/andrzej-duda-will-polen-praesident-nur-fuer-heteros-bleiben\/\" target=\"_blank\" rel=\"noopener noreferrer\">(MANNSCHAFT berichtete)<\/a><a href=\"https:\/\/mannschaft.com\/2020\/06\/16\/duda-sprecher-praesident-hat-keine-homophoben-ansichten\/\" target=\"_blank\" rel=\"noopener noreferrer\">.\u00a0<\/a><\/p>\n<p>Der polnische \u00f6ffentlich-rechtliche Sender <a href=\"https:\/\/www.tvp.pl\/\" target=\"_blank\" rel=\"noopener noreferrer\">TVP<\/a> war 2019 f\u00fcr die Anti-LGBTIQ-Doku \u00abInwazja\u00bb (dt: Invasion) verantwortlich. Die muss nach einem Gerichtsurteil von YouTube entfernen werden <a href=\"https:\/\/mannschaft.com\/2020\/06\/08\/polnisches-gericht-oeffentliches-tv-muss-anti-lgbtiq-doku-entfernen\/\" target=\"_blank\" rel=\"noopener noreferrer\">(MANNSCHAFT berichtete)<\/a>.<\/p>\n","protected":false},"excerpt":{"rendered":"<p>Manchmal fehlen einem die Worte\u2026, erkl\u00e4rte Ulle Schauws, Sprecherin f\u00fcr Queerpolitik der GR\u00dcNEN Bundestagsfraktion am Donnerstag: Sie zeigte den polnischen Journalisten Cezary Gmyz wegen homofeindlicher Hetze an. <a class=\"g1-link g1-link-more\" href=\"https:\/\/alte.mannschaft.lgbt\/bimber\/homofeindliche-hetze-anzeige-gegen-tvp-korrespondenten\/\">Weiterlesen<\/a><\/p>\n","protected":false},"author":1,"featured_media":47727,"comment_status":"closed","ping_status":"closed","sticky":false,"template":"","format":"standard","meta":[],"categories":[2],"tags":[106,5544,5461],"wps_subtitle":"Cezary Gmyz nannte Homosexuelle in den Konzentrationslagern \u00abaussergew\u00f6hnliche Degenerierte und Vergewaltiger\u00bb","_links":{"self":[{"href":"https:\/\/alte.mannschaft.lgbt\/bimber\/wp-json\/wp\/v2\/posts\/81717"}],"collection":[{"href":"https:\/\/alte.mannschaft.lgbt\/bimber\/wp-json\/wp\/v2\/posts"}],"about":[{"href":"https:\/\/alte.mannschaft.lgbt\/bimber\/wp-json\/wp\/v2\/types\/post"}],"author":[{"embeddable":true,"href":"https:\/\/alte.mannschaft.lgbt\/bimber\/wp-json\/wp\/v2\/users\/1"}],"replies":[{"embeddable":true,"href":"https:\/\/alte.mannschaft.lgbt\/bimber\/wp-json\/wp\/v2\/comments?post=81717"}],"version-history":[{"count":0,"href":"https:\/\/alte.mannschaft.lgbt\/bimber\/wp-json\/wp\/v2\/posts\/81717\/revisions"}],"wp:featuredmedia":[{"embeddable":true,"href":"https:\/\/alte.mannschaft.lgbt\/bimber\/wp-json\/wp\/v2\/media\/47727"}],"wp:attachment":[{"href":"https:\/\/alte.mannschaft.lgbt\/bimber\/wp-json\/wp\/v2\/media?parent=81717"}],"wp:term":[{"taxonomy":"category","embeddable":true,"href":"https:\/\/alte.mannschaft.lgbt\/bimber\/wp-json\/wp\/v2\/categories?post=81717"},{"taxonomy":"post_tag","embeddable":true,"href":"https:\/\/alte.mannschaft.lgbt\/bimber\/wp-json\/wp\/v2\/tags?post=81717"}],"curies":[{"name":"wp","href":"https:\/\/api.w.org\/{rel}","templated":true}]}}