{"id":81646,"date":"2020-06-18T11:56:18","date_gmt":"2020-06-18T09:56:18","guid":{"rendered":"https:\/\/mannschaft.com\/?p=81646"},"modified":"2020-06-21T16:35:14","modified_gmt":"2020-06-21T14:35:14","slug":"spanischer-superstar-pablo-alboran-outet-sich-als-schwul","status":"publish","type":"post","link":"https:\/\/alte.mannschaft.lgbt\/bimber\/spanischer-superstar-pablo-alboran-outet-sich-als-schwul\/","title":{"rendered":"Spanischer Superstar Pablo Albor\u00e1n outet sich als schwul"},"content":{"rendered":"<h3>Er gilt als erfolgreichster Musiker Spaniens der Gegenwart, nun feiert er auf Instagram sein Coming-out. Jetzt freut sich Pablo Albor\u00e1n darauf, \u00abein bisschen gl\u00fccklicher\u00bb zu werden.<strong>\u00a0<\/strong><\/h3>\n<p>Mit den Worten \u00abIch muss euch etwas sagen\u00bb wandte sich Pablo Albor\u00e1n am 17. Juni via Instagram an seine Fans. \u00abHeute m\u00f6chte ich, dass meine Stimme lauter ist, mehr Wert hat und ins Gewicht f\u00e4llt\u00bb, sagte der 31-J\u00e4hrige. \u00abIch bin hier, um euch zu sagen, dass ich homosexuell bin und das okay ist. Das Leben geht weiter und alles bleibt beim Alten \u2013 ausser, dass ich ein bisschen gl\u00fccklicher sein werde, als ich es jetzt schon bin.\u00bb<\/p>\n<p>Die Corona-Pandemie sei eine schwierige Zeit gewesen und habe eine entscheidende Rolle bei seinem \u00f6ffentlichen Coming-out gespielt. \u00abWir vergessen oft, dass die Liebe uns verbindet, und st\u00e4rkere, bessere Menschen aus uns macht\u00bb, sagte er.<\/p>\n<p>Er lobte seine Eltern, die ihn unterst\u00fctzten und ihm die Freiheit gaben, sich selbst zu sein. \u00abVon meiner Arbeit, meinem Label und meinen Freund*innen habe ich nie Hass, Diskriminierung oder den Eindruck erfahren, dass ich jemanden entt\u00e4uschen w\u00fcrde, wenn ich mich selbst sein w\u00fcrde\u00bb, sagte er. \u00abLeider gibt es viele Menschen, die nicht dieselben Erfahrungen machen durften. Aus diesem Grund hoffe ich heute \u2013 ohne Angst \u2013, dass ich mit meiner Botschaft den Weg f\u00fcr einen anderen Menschen leichter machen kann. Aber vor allem tue ich das f\u00fcr mich.\u00bb<\/p>\n<blockquote class=\"instagram-media\" style=\"background: #FFF; border: 0; border-radius: 3px; box-shadow: 0 0 1px 0 rgba(0,0,0,0.5),0 1px 10px 0 rgba(0,0,0,0.15); margin: 1px; max-width: 540px; min-width: 326px; padding: 0; width: calc(100% - 2px);\" data-instgrm-captioned=\"\" data-instgrm-permalink=\"https:\/\/www.instagram.com\/tv\/CBiNdEEo1pz\/?utm_source=ig_embed&amp;utm_campaign=loading\" data-instgrm-version=\"12\">\n<div style=\"padding: 16px;\">\n<p>&nbsp;<\/p>\n<div style=\"display: flex; flex-direction: row; align-items: center;\">\n<div style=\"background-color: #f4f4f4; border-radius: 50%; flex-grow: 0; height: 40px; margin-right: 14px; width: 40px;\"><\/div>\n<div style=\"display: flex; flex-direction: column; flex-grow: 1; justify-content: center;\">\n<div style=\"background-color: #f4f4f4; border-radius: 4px; flex-grow: 0; height: 14px; margin-bottom: 6px; width: 100px;\"><\/div>\n<div style=\"background-color: #f4f4f4; border-radius: 4px; flex-grow: 0; height: 14px; width: 60px;\"><\/div>\n<\/div>\n<\/div>\n<div style=\"padding: 19% 0;\"><\/div>\n<div style=\"display: block; height: 50px; margin: 0 auto 12px; width: 50px;\"><\/div>\n<div style=\"padding-top: 8px;\">\n<div style=\"color: #3897f0; font-family: Arial,sans-serif; font-size: 14px; font-style: normal; font-weight: 550; line-height: 18px;\">Sieh dir diesen Beitrag auf Instagram an<\/div>\n<\/div>\n<div style=\"padding: 12.5% 0;\"><\/div>\n<div style=\"display: flex; flex-direction: row; margin-bottom: 14px; align-items: center;\">\n<div>\n<div style=\"background-color: #f4f4f4; border-radius: 50%; height: 12.5px; width: 12.5px; transform: translateX(0px) translateY(7px);\"><\/div>\n<div style=\"background-color: #f4f4f4; height: 12.5px; transform: rotate(-45deg) translateX(3px) translateY(1px); width: 12.5px; flex-grow: 0; margin-right: 14px; margin-left: 2px;\"><\/div>\n<div style=\"background-color: #f4f4f4; border-radius: 50%; height: 12.5px; width: 12.5px; transform: translateX(9px) translateY(-18px);\"><\/div>\n<\/div>\n<div style=\"margin-left: 8px;\">\n<div style=\"background-color: #f4f4f4; border-radius: 50%; flex-grow: 0; height: 20px; width: 20px;\"><\/div>\n<div style=\"width: 0; height: 0; border-top: 2px solid transparent; border-left: 6px solid #f4f4f4; border-bottom: 2px solid transparent; transform: translateX(16px) translateY(-4px) rotate(30deg);\"><\/div>\n<\/div>\n<div style=\"margin-left: auto;\">\n<div style=\"width: 0px; border-top: 8px solid #F4F4F4; border-right: 8px solid transparent; transform: translateY(16px);\"><\/div>\n<div style=\"background-color: #f4f4f4; flex-grow: 0; height: 12px; width: 16px; transform: translateY(-4px);\"><\/div>\n<div style=\"width: 0; height: 0; border-top: 8px solid #F4F4F4; border-left: 8px solid transparent; transform: translateY(-4px) translateX(8px);\"><\/div>\n<\/div>\n<\/div>\n<p>&nbsp;<\/p>\n<p style=\"margin: 8px 0 0 0; padding: 0 4px;\"><a style=\"color: #000; font-family: Arial,sans-serif; font-size: 14px; font-style: normal; font-weight: normal; line-height: 17px; text-decoration: none; word-wrap: break-word;\" href=\"https:\/\/www.instagram.com\/tv\/CBiNdEEo1pz\/?utm_source=ig_embed&amp;utm_campaign=loading\" target=\"_blank\" rel=\"noopener noreferrer\">\ud83d\ude42<\/a><\/p>\n<p style=\"color: #c9c8cd; font-family: Arial,sans-serif; font-size: 14px; line-height: 17px; margin-bottom: 0; margin-top: 8px; overflow: hidden; padding: 8px 0 7px; text-align: center; text-overflow: ellipsis; white-space: nowrap;\">Ein Beitrag geteilt von <a style=\"color: #c9c8cd; font-family: Arial,sans-serif; font-size: 14px; font-style: normal; font-weight: normal; line-height: 17px;\" href=\"https:\/\/www.instagram.com\/pabloalboran\/?utm_source=ig_embed&amp;utm_campaign=loading\" target=\"_blank\" rel=\"noopener noreferrer\"> Pablo Albor\u00e1n<\/a> (@pabloalboran) am <time style=\"font-family: Arial,sans-serif; font-size: 14px; line-height: 17px;\" datetime=\"2020-06-17T11:30:19+00:00\">Jun 17, 2020 um 4:30 PDT<\/time><\/p>\n<\/div>\n<\/blockquote>\n<p><script async src=\"\/\/www.instagram.com\/embed.js\"><\/script><\/p>\n<p>Binnen 24 Stunden erzielte das Video \u00fcber sechs Millionen Aufrufe und \u00fcber eine Million Likes. Unter den Gratulant*innen befindet sich unter anderem der Popstar Ricky Martin, der ihn f\u00fcr seinen Mut lobte.<\/p>\n<blockquote class=\"wp-embedded-content\" data-secret=\"vGIKgbStTK\"><p><a href=\"https:\/\/mannschaft.com\/2020\/05\/24\/der-fruehere-zweite-ist-jetzt-der-erste-mr-gay-world\/\">Der fr\u00fchere Zweite ist jetzt der Erste: Mr. Gay World!<\/a><\/p><\/blockquote>\n<p><iframe class=\"wp-embedded-content\" sandbox=\"allow-scripts\" security=\"restricted\" style=\"position: absolute; clip: rect(1px, 1px, 1px, 1px);\" title=\"&#8222;Der fr\u00fchere Zweite ist jetzt der Erste: Mr. Gay World!&#8220; &#8212; Mannschaft Magazin\" src=\"https:\/\/mannschaft.com\/2020\/05\/24\/der-fruehere-zweite-ist-jetzt-der-erste-mr-gay-world\/embed\/#?secret=vGIKgbStTK\" data-secret=\"vGIKgbStTK\" width=\"600\" height=\"338\" frameborder=\"0\" marginwidth=\"0\" marginheight=\"0\" scrolling=\"no\"><\/iframe><\/p>\n<p>\u00abViele Seelen gehen durch dieses Leben, ohne dass sie ihre Natur akzeptieren k\u00f6nnen \u2013 und das ist traurig\u00bb, schrieb Martin. \u00abDu hast diesen Kampf bereits gewonnen. Was f\u00fcr ein Gl\u00fcck du hast!\u00bb Albor\u00e1n habe keine Ahnung, wie vielen M\u00e4nnern und Frauen er mit seiner Botschaft geholfen habe.<\/p>\n<p>Pablo Albor\u00e1n ist der aktuell erfolgreichste Singer-Songerwriter Spaniens. Sein gleichnamiges Deb\u00fctalbum kletterte 2011 dreimal auf die Spitze der spanischen Charts und wurde sechsfach mit Platin ausgezeichnet.<\/p>\n<p>Mit der Liveversion seines ersten Albums und des darauffolgenden zweiten Albums \u00abTanto\u00bb \u00fcbertraf er seinen fulminanten Karrierestart. Der Nachfolger schaffte es zwei Jahre hintereinander auf Platz eins der Jahrescharts, was in Spanien noch niemand zuvor geschafft hatte. Seine drei Platten belegten dort 2012 sogar die Pl\u00e4tze eins, drei und f\u00fcnf. Sein drittes Studioalbum \u00abTerral\u00bb toppte die Charts w\u00e4hrend 27 Wochen und wurde zehnmal mit Platin ausgezeichnet. In Spanien wird es als erfolgreichstes Album der letzten 25 Jahre gehandelt.<\/p>\n<p>Mit Ava Max ver\u00f6ffentlichte er Ende 2019 den Song \u00abTab\u00fa\u00bb.<\/p>\n<blockquote class=\"wp-embedded-content\" data-secret=\"NIHlAooxRz\"><p><a href=\"https:\/\/mannschaft.com\/2020\/03\/20\/spanischer-pianist-geht-viral-mit-balkon-konzert\/\">Oben-ohne-Pianist geht viral mit Balkon-Konzert<\/a><\/p><\/blockquote>\n<p><iframe class=\"wp-embedded-content\" sandbox=\"allow-scripts\" security=\"restricted\" style=\"position: absolute; clip: rect(1px, 1px, 1px, 1px);\" title=\"&#8222;Oben-ohne-Pianist geht viral mit Balkon-Konzert&#8220; &#8212; Mannschaft Magazin\" src=\"https:\/\/mannschaft.com\/2020\/03\/20\/spanischer-pianist-geht-viral-mit-balkon-konzert\/embed\/#?secret=NIHlAooxRz\" data-secret=\"NIHlAooxRz\" width=\"600\" height=\"338\" frameborder=\"0\" marginwidth=\"0\" marginheight=\"0\" scrolling=\"no\"><\/iframe><\/p>\n<p>&nbsp;<\/p>\n<p>&nbsp;<\/p>\n","protected":false},"excerpt":{"rendered":"<p>Er gilt als erfolgreichster Musiker Spaniens der Gegenwart, nun feiert er auf Instagram sein Coming-out. Nun freut sich Pablo Albor\u00e1n darauf, \u00abein bisschen gl\u00fccklicher\u00bb zu werden.\u00a0 <a class=\"g1-link g1-link-more\" href=\"https:\/\/alte.mannschaft.lgbt\/bimber\/spanischer-superstar-pablo-alboran-outet-sich-als-schwul\/\">Weiterlesen<\/a><\/p>\n","protected":false},"author":2,"featured_media":81658,"comment_status":"closed","ping_status":"closed","sticky":false,"template":"","format":"standard","meta":[],"categories":[2],"tags":[5442,5546,193],"wps_subtitle":"Gl\u00fcckw\u00fcnsche gab es von Kollege Ricky Martin","_links":{"self":[{"href":"https:\/\/alte.mannschaft.lgbt\/bimber\/wp-json\/wp\/v2\/posts\/81646"}],"collection":[{"href":"https:\/\/alte.mannschaft.lgbt\/bimber\/wp-json\/wp\/v2\/posts"}],"about":[{"href":"https:\/\/alte.mannschaft.lgbt\/bimber\/wp-json\/wp\/v2\/types\/post"}],"author":[{"embeddable":true,"href":"https:\/\/alte.mannschaft.lgbt\/bimber\/wp-json\/wp\/v2\/users\/2"}],"replies":[{"embeddable":true,"href":"https:\/\/alte.mannschaft.lgbt\/bimber\/wp-json\/wp\/v2\/comments?post=81646"}],"version-history":[{"count":0,"href":"https:\/\/alte.mannschaft.lgbt\/bimber\/wp-json\/wp\/v2\/posts\/81646\/revisions"}],"wp:featuredmedia":[{"embeddable":true,"href":"https:\/\/alte.mannschaft.lgbt\/bimber\/wp-json\/wp\/v2\/media\/81658"}],"wp:attachment":[{"href":"https:\/\/alte.mannschaft.lgbt\/bimber\/wp-json\/wp\/v2\/media?parent=81646"}],"wp:term":[{"taxonomy":"category","embeddable":true,"href":"https:\/\/alte.mannschaft.lgbt\/bimber\/wp-json\/wp\/v2\/categories?post=81646"},{"taxonomy":"post_tag","embeddable":true,"href":"https:\/\/alte.mannschaft.lgbt\/bimber\/wp-json\/wp\/v2\/tags?post=81646"}],"curies":[{"name":"wp","href":"https:\/\/api.w.org\/{rel}","templated":true}]}}