{"id":81570,"date":"2020-06-18T06:51:11","date_gmt":"2020-06-18T04:51:11","guid":{"rendered":"https:\/\/mannschaft.com\/?p=81570"},"modified":"2020-06-19T14:07:23","modified_gmt":"2020-06-19T12:07:23","slug":"kein-inter-in-urkunden-strafanzeige-gegen-innenminister-karl-nehammer","status":"publish","type":"post","link":"https:\/\/alte.mannschaft.lgbt\/bimber\/kein-inter-in-urkunden-strafanzeige-gegen-innenminister-karl-nehammer\/","title":{"rendered":"Kein \u00abinter\u00bb-Eintrag &#8211; Strafanzeige gegen Innenminister Nehammer"},"content":{"rendered":"<h3>Innenminister Karl Nehammer (\u00d6VP), sein Vorg\u00e4nger Herbert Kickl (FP\u00d6) und der B\u00fcrgermeister von Steyr, Gerald Hackl (SP\u00d6), sehen sich mit einer Strafanzeige bei der Wirtschafts- und Korruptionsstaatsanwaltschaft (WKStA) wegen Amtsmissbrauchs konfrontiert, auf Grund ihrer Weigerung, rechtskr\u00e4ftigen Gerichtsentscheidungen zum Dritten Geschlecht nachzukommen.<\/h3>\n<p>Das Rechtskomitee LAMBDA (RKL), \u00d6sterreichs LGBTI-B\u00fcrgerrechtsorganisation, hofft, dass dem Rechtsstaat nach der bereits zwei Jahre dauernden offenen Rechtsverweigerung nun endlich zum Durchbruch verholfen wird. Das teilten Yannick Shetty (NEOS) und Helmut Graupner vom RKL am Mittwoch mit.<\/p>\n<p><iframe loading=\"lazy\" style=\"border: none; overflow: hidden;\" src=\"https:\/\/www.facebook.com\/plugins\/video.php?href=https%3A%2F%2Fwww.facebook.com%2Fyannickshetty%2Fvideos%2F2607319376182344%2F&amp;show_text=0&amp;width=268\" width=\"268\" height=\"476\" frameborder=\"0\" scrolling=\"no\" allowfullscreen=\"allowfullscreen\"><\/iframe><\/p>\n<p>Im Juni 2018 hat der Verfassungsgerichtshof auf Beschwerde von Alex J\u00fcrgen entschieden, dass inter Personen ein Grundrecht darauf haben, dass ihr Geschlecht im Zentralen Personenstandsregister und in Urkunden nicht als m\u00e4nnlich oder weiblich eingetragen wird und die Geschlechtsbezeichnung <em>inter<\/em> als ausdr\u00fccklich zul\u00e4ssig erkl\u00e4rt. Das ober\u00f6sterreichische Landesverwaltungsgericht hat daraufhin am 3. Juli 2018 geurteilt, dass das Geschlecht von Alex J\u00fcrgen im Zentralen Personenstandsregister, wie beantragt, mit <em>inter<\/em>\u00a0einzutragen ist.<\/p>\n<p>Die physischen Geschlechtsmerkmale von Alex J\u00fcrgen waren bei der Geburt uneindeutig und entsprachen bereits zum Zeitpunkt der Geburt weder dem m\u00e4nnlichen noch weiblichen Geschlecht.<strong><br \/>\n<\/strong>Im Laufe der folgenden Jahre wurden die ambivalenten k\u00f6rperlichen Geschlechtsmerkmale zum Teil entfernt, um Alex J\u00fcrgens K\u00f6rper optisch dem eines\u00a0 M\u00e4dchens anzupassen. Doch das konstruierte Geschlecht entsprach nicht Alex J\u00fcrgens Identifikation. Seit 12 Jahren lebt Alex J\u00fcrgen offen als intergeschlechtliche Person, 2016 hatte er die Eintragung eines dritten Geschlechtseintrags beim Standesamt beantragt <a href=\"https:\/\/mannschaft.com\/2019\/05\/14\/intergeschlechtlich-oesterreich-erste-anerkennung-fuer-alex-juergen\/\" target=\"_blank\" rel=\"noopener noreferrer\">(MANNSCHAFT berichtete)<\/a><\/p>\n<blockquote class=\"wp-embedded-content\" data-secret=\"q5AA8B5uFa\"><p><a href=\"https:\/\/mannschaft.com\/2020\/05\/08\/lgbtiq-news-wir-feiern-100-ausgaben-und-10-jahre-mannschaft\/\">Cybersex, Cuba &#038; Corona &#8211; das bringt die 100. MANNSCHAFT-Ausgabe<\/a><\/p><\/blockquote>\n<p><iframe class=\"wp-embedded-content\" sandbox=\"allow-scripts\" security=\"restricted\" style=\"position: absolute; clip: rect(1px, 1px, 1px, 1px);\" title=\"&#8222;Cybersex, Cuba &#038; Corona &#8211; das bringt die 100. MANNSCHAFT-Ausgabe&#8220; &#8212; Mannschaft Magazin\" src=\"https:\/\/mannschaft.com\/2020\/05\/08\/lgbtiq-news-wir-feiern-100-ausgaben-und-10-jahre-mannschaft\/embed\/#?secret=q5AA8B5uFa\" data-secret=\"q5AA8B5uFa\" width=\"600\" height=\"338\" frameborder=\"0\" marginwidth=\"0\" marginheight=\"0\" scrolling=\"no\"><\/iframe><\/p>\n<p>Seit diesem 3. Juli 2018, also seit nun zwei Jahren, ist der B\u00fcrgermeister von Steyr verpflichtet, dem Urteil des Landesverwaltungsgerichtes nachzukommen und <em>inter<\/em> einzutragen. Bis heute ist das nicht geschehen, teilte das RKL mit.<\/p>\n<p>Innenminister Kickl hatte sich gegen das Erkenntnis des ober\u00f6sterreichischen Landesverwaltungsgerichtes an den Verwaltungsgerichtshof gewandt und aufschiebende Wirkung beantragt. Der Verwaltungsgerichtshof hat weder die aufschiebende Wirkung bewilligt noch Kickl recht gegeben. Am 14. Dezember 2018 hat er das Erkenntnis des ober\u00f6sterreichischen Landesverwaltungsgerichts best\u00e4tigt. Wie bereits der Verfassungsgerichtshof geurteilt hat, sei <em>inter<\/em> ausdr\u00fccklich zul\u00e4ssig, so das H\u00f6chstgericht.<\/p>\n<p>Sechs Tage danach hat Innenminister Kickl dennoch die B\u00fcrgermeister (Standes\u00e4mter) angewiesen, als dritten Geschlechteintrag nur <em>divers<\/em>\u00a0zuzulassen. Die Software, die dem Zentralen Personenstandsregister zu Grunde liegt, hat er so ge\u00e4ndert, dass nur <em>m\u00e4nnlich<\/em>, <em>weiblich<\/em> und <em>divers<\/em>\u00a0eingetragen werden kann, nicht aber das gerichtlich angeordnete <em>inter<\/em>.<\/p>\n<p>Im Februar 2020 hat das ober\u00f6sterreichische Landesverwaltungsgericht best\u00e4tigt, dass der B\u00fcrgermeister von Steyr seit Juli 2018 verpflichtet ist, den Geschechtseintrag von Alex J\u00fcrgen im Personenstandsregister auf <em>inter<\/em> zu berichtigen. Des Weiteren ist eine Geburtsurkunde mit <em>inter<\/em> auszustellen. Auch auf diese wartet Alex J\u00fcrgen bis heute.<\/p>\n<blockquote class=\"wp-embedded-content\" data-secret=\"0HXBX4hzcz\"><p><a href=\"https:\/\/mannschaft.com\/2020\/05\/19\/ungarn-versagt-trans-und-inter-menschen-rechtliche-anerkennung\/\">Ungarn streicht trans und inter Menschen rechtliche Anerkennung<\/a><\/p><\/blockquote>\n<p><iframe class=\"wp-embedded-content\" sandbox=\"allow-scripts\" security=\"restricted\" style=\"position: absolute; clip: rect(1px, 1px, 1px, 1px);\" title=\"&#8222;Ungarn streicht trans und inter Menschen rechtliche Anerkennung&#8220; &#8212; Mannschaft Magazin\" src=\"https:\/\/mannschaft.com\/2020\/05\/19\/ungarn-versagt-trans-und-inter-menschen-rechtliche-anerkennung\/embed\/#?secret=0HXBX4hzcz\" data-secret=\"0HXBX4hzcz\" width=\"600\" height=\"338\" frameborder=\"0\" marginwidth=\"0\" marginheight=\"0\" scrolling=\"no\"><\/iframe><\/p>\n<p>Trotz der rechtskr\u00e4ftigen Urteile beider H\u00f6chstgerichte, des Verfassungsgerichtshofs und des Verwaltungsgerichtshofs, sowie zweier rechtskr\u00e4ftiger Entscheidungen des ober\u00f6sterreichischen Landesverwaltungsgerichts weigern sich Innenminister Nehammer und der B\u00fcrgermeister von Steyr hartn\u00e4ckig, den Geschlechtseintrag von Alex J\u00fcrgen in das gerichtlich angeordnete <em>inter<\/em>\u00a0zu berichtigen.<\/p>\n<p>Innenminister Nehammer hat am 10. April 2020 in Beantwortung einer Anfrage des NEOS-Abgeordneten <a href=\"https:\/\/mannschaft.com\/2020\/01\/08\/yannick-shetty-in-oesterreich-wurde-nach-der-nazi-zeit-vieles-totgeschwiegen\/\" target=\"_blank\" rel=\"noopener noreferrer\">Yannick Shetty<\/a> erkl\u00e4rt, am Kickl-Erlass festzuhalten, weil dieser Erlass \u00abden im Sinne des H\u00f6chstgerichts verfassungskonformen, bundesweit einheitlichen Vollzug des Personenstandsrechts in diesem Bereich\u00bb gew\u00e4hrleiste.<\/p>\n<p>\u00abNach zwei Jahren offener Rechtsverweigerung bleibt kein anderer Weg mehr als die Strafanzeige gegen die verantwortlichen Amtsinhaber\u00bb, so Helmut Graupner, Pr\u00e4sident des Rechtskomitees LAMBDA (RKL) und Anwalt von Alex J\u00fcrgen, \u00abWir hoffen sehr, dass die Strafjustiz dem Rechtsstaat nun endlich zum Durchbruch verhelfen wird.\u00bb<\/p>\n","protected":false},"excerpt":{"rendered":"<p>Innenminister Karl Nehammer, sein Vorg\u00e4nger Herbert Kickl und der B\u00fcrgermeister von Steyr, Gerald Hackl, sehen sich mit einer Strafanzeige bei der Wirtschafts- und Korruptionsstaatsanwaltschaft (WKStA) wegen Amtsmissbrauchs konfrontiert, auf Grund ihrer Weigerung, rechtskr\u00e4ftigen Gerichtsentscheidungen zum Dritten Geschlecht nachzukommen. <a class=\"g1-link g1-link-more\" href=\"https:\/\/alte.mannschaft.lgbt\/bimber\/kein-inter-in-urkunden-strafanzeige-gegen-innenminister-karl-nehammer\/\">Weiterlesen<\/a><\/p>\n","protected":false},"author":1,"featured_media":55083,"comment_status":"closed","ping_status":"closed","sticky":false,"template":"","format":"standard","meta":[],"categories":[2527],"tags":[],"wps_subtitle":"Er und weitere Politiker weigern sich, rechtskr\u00e4ftigen Gerichtsentscheidungen zum Dritten Geschlecht nachzukommen","_links":{"self":[{"href":"https:\/\/alte.mannschaft.lgbt\/bimber\/wp-json\/wp\/v2\/posts\/81570"}],"collection":[{"href":"https:\/\/alte.mannschaft.lgbt\/bimber\/wp-json\/wp\/v2\/posts"}],"about":[{"href":"https:\/\/alte.mannschaft.lgbt\/bimber\/wp-json\/wp\/v2\/types\/post"}],"author":[{"embeddable":true,"href":"https:\/\/alte.mannschaft.lgbt\/bimber\/wp-json\/wp\/v2\/users\/1"}],"replies":[{"embeddable":true,"href":"https:\/\/alte.mannschaft.lgbt\/bimber\/wp-json\/wp\/v2\/comments?post=81570"}],"version-history":[{"count":0,"href":"https:\/\/alte.mannschaft.lgbt\/bimber\/wp-json\/wp\/v2\/posts\/81570\/revisions"}],"wp:featuredmedia":[{"embeddable":true,"href":"https:\/\/alte.mannschaft.lgbt\/bimber\/wp-json\/wp\/v2\/media\/55083"}],"wp:attachment":[{"href":"https:\/\/alte.mannschaft.lgbt\/bimber\/wp-json\/wp\/v2\/media?parent=81570"}],"wp:term":[{"taxonomy":"category","embeddable":true,"href":"https:\/\/alte.mannschaft.lgbt\/bimber\/wp-json\/wp\/v2\/categories?post=81570"},{"taxonomy":"post_tag","embeddable":true,"href":"https:\/\/alte.mannschaft.lgbt\/bimber\/wp-json\/wp\/v2\/tags?post=81570"}],"curies":[{"name":"wp","href":"https:\/\/api.w.org\/{rel}","templated":true}]}}