{"id":81451,"date":"2020-06-16T14:49:10","date_gmt":"2020-06-16T12:49:10","guid":{"rendered":"https:\/\/mannschaft.com\/?p=81451"},"modified":"2020-06-16T14:50:20","modified_gmt":"2020-06-16T12:50:20","slug":"dritte-option-kommt-erneut-vors-bundesverfassungsgericht","status":"publish","type":"post","link":"https:\/\/alte.mannschaft.lgbt\/bimber\/dritte-option-kommt-erneut-vors-bundesverfassungsgericht\/","title":{"rendered":"\u00abDritte Option\u00bb kommt erneut vors Bundesverfassungsgericht"},"content":{"rendered":"<h3>Am 22. April 2020 beschloss der Bundesgerichtshof die \u00abdritte Option\u00bb beim Personenstand (<a href=\"https:\/\/mannschaft.com\/2020\/05\/25\/schockierendes-urteil-am-bgh-empfundene-intersexualitaet-reicht-nicht\/\" target=\"_blank\" rel=\"noopener noreferrer\">MANNSCHAFT berichtete<\/a>). Dabei geht er allerdings ausschliesslich auf inter Personen ein und ignoriert die \u00abempfundene Intersexualit\u00e4t\u00bb. Nun wurde eine Verfassungsbeschwerde eingereicht.<\/h3>\n<p>Der Bundesgerichtshof (BGH) verweigerte einer Person den gew\u00fcnschten Geschlechtseintrag nach \u00a745b PStG, so dass die Anwendung und Formulierung dieses erst k\u00fcrzlich verabschiedeten Gesetzes erneut vom Bundesverfassungsgericht \u00fcberpr\u00fcft werden muss. Bereits im Gesetzgebungsverfahren wurde auf Missst\u00e4nde hingewiesen, dass Ungleichbehandlungen vermieden werden sollen. Das Gesetz stand von Beginn an als Minimall\u00f6sung in der Kritik.<\/p>\n<blockquote class=\"wp-embedded-content\" data-secret=\"Cvj3pyavwg\"><p><a href=\"https:\/\/mannschaft.com\/2020\/06\/15\/usa-supreme-court-staerkt-rechte-von-lgbtiq-arbeitnehmerinnen\/\">USA: Supreme Court st\u00e4rkt Rechte von LGBTIQ-Arbeitnehmer*innen<\/a><\/p><\/blockquote>\n<p><iframe class=\"wp-embedded-content\" sandbox=\"allow-scripts\" security=\"restricted\" style=\"position: absolute; clip: rect(1px, 1px, 1px, 1px);\" title=\"&#8222;USA: Supreme Court st\u00e4rkt Rechte von LGBTIQ-Arbeitnehmer*innen&#8220; &#8212; Mannschaft Magazin\" src=\"https:\/\/mannschaft.com\/2020\/06\/15\/usa-supreme-court-staerkt-rechte-von-lgbtiq-arbeitnehmerinnen\/embed\/#?secret=Cvj3pyavwg\" data-secret=\"Cvj3pyavwg\" width=\"600\" height=\"338\" frameborder=\"0\" marginwidth=\"0\" marginheight=\"0\" scrolling=\"no\"><\/iframe><\/p>\n<p>Die Professorin Dr. Anna Katharina Mangold und die Rechtsanw\u00e4ltinnen Friederike Boll und Katrin Niedenthal reichten am 15. Juni die Verfassungsbeschwerde ein. Unterst\u00fctzt wurden sie dabei von der Gesellschaft f\u00fcr Freiheitsrechte e.V.<\/p>\n<p>Kritisiert wird dabei der <a href=\"http:\/\/ea.newscpt.com\/_la.php?&amp;nid=4349370&amp;sid=415323949&amp;lid=18883065&amp;enc=687474703a2f2f6a757269732e62756e6465736765726963687473686f662e6465&amp;tg=cgi-bin\/rechtsprechung\/document.py?Gericht=bgh&amp;Art=en&amp;az=XII%20ZB%20383\/19&amp;nr=106062\" target=\"_blank\" rel=\"noopener noreferrer\">Beschluss des Bundesgerichtshofs vom 22. April<\/a>.\u00a0Dieser versagt einer Person, ihren Geschlechtseintrag nach dem Personenstandsgesetz zu streichen, so der Lesben- und Schwulenverband (LSVD) in einer gemeinsamen Pressemitteilung mit dem Bundesverband Trans* (BVT*), der Gesellschaft f\u00fcr Freiheitsrechte (GFF) und der dgti.<\/p>\n<blockquote class=\"wp-embedded-content\" data-secret=\"8MLRMfsJnE\"><p><a href=\"https:\/\/mannschaft.com\/2020\/06\/11\/trans-inter-vereinfachte-aenderung-des-geschlechtseintrages-angenommen\/\">Geschlechtseintrag \u00e4ndern wird einfacher, nur nicht f\u00fcr Minderj\u00e4hrige<\/a><\/p><\/blockquote>\n<p><iframe class=\"wp-embedded-content\" sandbox=\"allow-scripts\" security=\"restricted\" style=\"position: absolute; clip: rect(1px, 1px, 1px, 1px);\" title=\"&#8222;Geschlechtseintrag \u00e4ndern wird einfacher, nur nicht f\u00fcr Minderj\u00e4hrige&#8220; &#8212; Mannschaft Magazin\" src=\"https:\/\/mannschaft.com\/2020\/06\/11\/trans-inter-vereinfachte-aenderung-des-geschlechtseintrages-angenommen\/embed\/#?secret=8MLRMfsJnE\" data-secret=\"8MLRMfsJnE\" width=\"600\" height=\"338\" frameborder=\"0\" marginwidth=\"0\" marginheight=\"0\" scrolling=\"no\"><\/iframe><\/p>\n<p>Bei seiner Entscheidung gehe der Bundesgerichtshof ausdr\u00fccklich davon aus, dass der Geschlechtsbegriff im Personenstandsgesetz an das biologische Gesetzt einer Person gekoppelt sei. Somit schr\u00e4nke es den Anwendungsbereich f\u00fcr \u00c4nderungen des Geschlechtseintrages auf bestimmte intergeschlechtliche Personen ein.<\/p>\n<p>Der Beschluss widerspreche damit der langj\u00e4hrigen gefestigten Rechtsprechung des Bundesverfassungsgerichts, welches wiederholt das subjektive Selbstverst\u00e4ndnis von Geschlecht gesch\u00fctzt hat. Der Bundesgerichtshofs-Beschluss verstosse gegen Grund- und Menschenrechte und d\u00fcrfe keinen Bestand haben.<\/p>\n<div class=\"page\" title=\"Page 1\">\n<div class=\"layoutArea\">\n<div class=\"column\">\n<p>Das Bundesverfassungsgericht hat am 17.10.2017 erkannt, dass es verfassungswidrig ist, wenn das bin\u00e4re Geschlechtssystem dazu zwingt zwischen weiblich und m\u00e4nnlich w\u00e4hlen zu m\u00fcssen. Dem Gesetzgeber wurde aufgetragen bis Ende 2018 einen weiteren positiven Geschlechtseintrag zu schaffen. Trotz der Hinweise auf Folgeprobleme wurde eine stark kritisierte \u00abMinimall\u00f6sung\u00bb verabschiedet (<a href=\"https:\/\/mannschaft.com\/2018\/12\/14\/bundestag-beschliesst-dritte-option-divers-attestpflicht-bleibt\/\" target=\"_blank\" rel=\"noopener noreferrer\">MANNSCHAFT berichtete<\/a>).<\/p>\n<p>Die Gr\u00fcne begr\u00fcssen die Klage. \u00abViel zu lange schon werden Menschen mit dem bestehenden Gutachtenzwang pathologisiert und in ihrer Selbstbestimmung beschnitten\u00bb, erkl\u00e4rte Sven Lehmann,\u00a0 Sprecher f\u00fcr Queerpolitik der Gr\u00fcnen Bundestagsfraktion, am Dienstag.<\/p>\n<p>\u00abSeit Jahren dr\u00fcckt sich die Bundesregierung vor einer Beendigung dieser Diskriminierung und der Abschaffung der uns\u00e4glichen Regelungen im Transsexuellengesetz. Dazu hat sie das Selbstbestimmungsrecht intergeschlechtlichen Menschen ebenfalls von einem wissenschaftlich unhaltbaren &#8222;\u00e4rztlichen Attest&#8220; abh\u00e4ngig gemacht. Wir haben immer wieder davor gewarnt, in einen unsicheren Rechtszustand zu laufen, CDUCSU und SPD haben das aber ignoriert.\u00bb<\/p>\n<blockquote class=\"wp-embedded-content\" data-secret=\"SVR1XsYZtk\"><p><a href=\"https:\/\/mannschaft.com\/2020\/05\/08\/lgbtiq-news-wir-feiern-100-ausgaben-und-10-jahre-mannschaft\/\">Cybersex, Cuba &#038; Corona &#8211; das bringt die 100. MANNSCHAFT-Ausgabe<\/a><\/p><\/blockquote>\n<p><iframe class=\"wp-embedded-content\" sandbox=\"allow-scripts\" security=\"restricted\" style=\"position: absolute; clip: rect(1px, 1px, 1px, 1px);\" title=\"&#8222;Cybersex, Cuba &#038; Corona &#8211; das bringt die 100. MANNSCHAFT-Ausgabe&#8220; &#8212; Mannschaft Magazin\" src=\"https:\/\/mannschaft.com\/2020\/05\/08\/lgbtiq-news-wir-feiern-100-ausgaben-und-10-jahre-mannschaft\/embed\/#?secret=SVR1XsYZtk\" data-secret=\"SVR1XsYZtk\" width=\"600\" height=\"338\" frameborder=\"0\" marginwidth=\"0\" marginheight=\"0\" scrolling=\"no\"><\/iframe><\/p>\n<p>Es gebe keinen einzigen sachlichen Grund f\u00fcr das Festhalten an einer staatlichen Reglementierung eines Geschlechtseintrages. Allein jeder Mensch selber k\u00f6nne \u00fcber seine geschlechtliche Identit\u00e4t Auskunft geben &#8211; das habe das Bundesverfassungsgericht sehr deutlich gemacht.<\/p>\n<p>Die Gr\u00fcne Bundestagsfraktion werde am Freitag in der ersten Lesung einen Gesetzentwurf f\u00fcr ein Selbstbestimmungsgesetz in den Bundestag einbringen, das das Transsexuellengesetz endlich abl\u00f6sen soll. Dieser Gesetzentwurf schaffe Rechtsklarheit und setze das Recht jedes Menschen auf Selbstbestimmung und freie Entfaltung seiner Pers\u00f6nlichkeit um.<\/p>\n<p>\u00abDie Bundesregierung kann sich dem anschliessen oder erneut eine Schlappe vor dem Bundesverfassungsgericht kassieren. Es w\u00e4re ein starkes Signal, wenn sich die demokratischen Fraktionen im Sinne der Wahrung der Grundrechte aller Menschen auf der Grundlage dieses Gesetzentwurfs noch in dieser Legislaturperiode einigen\u00bb, so Lehmann.<\/p>\n<\/div>\n<\/div>\n<\/div>\n","protected":false},"excerpt":{"rendered":"<p>Am 22. April 2020 beschloss der Bundesgerichtshof die \u00abdritte Option\u00bb beim Personenstand. Dabei geht er allerdings ausschliesslich auf inter Personen ein; \u00abempfundene Intersexualit\u00e4t\u00bb wird ignoriert. Nun wurde eine Verfassungsbeschwerde eingereicht. <a class=\"g1-link g1-link-more\" href=\"https:\/\/alte.mannschaft.lgbt\/bimber\/dritte-option-kommt-erneut-vors-bundesverfassungsgericht\/\">Weiterlesen<\/a><\/p>\n","protected":false},"author":1,"featured_media":38684,"comment_status":"closed","ping_status":"closed","sticky":false,"template":"","format":"standard","meta":[],"categories":[3],"tags":[5545],"wps_subtitle":"Der bisherige Beschluss ignoriere die selbstbestimmte Geschlechtsidentit\u00e4t, so die Gesellschaft f\u00fcr Freiheitsrechte","_links":{"self":[{"href":"https:\/\/alte.mannschaft.lgbt\/bimber\/wp-json\/wp\/v2\/posts\/81451"}],"collection":[{"href":"https:\/\/alte.mannschaft.lgbt\/bimber\/wp-json\/wp\/v2\/posts"}],"about":[{"href":"https:\/\/alte.mannschaft.lgbt\/bimber\/wp-json\/wp\/v2\/types\/post"}],"author":[{"embeddable":true,"href":"https:\/\/alte.mannschaft.lgbt\/bimber\/wp-json\/wp\/v2\/users\/1"}],"replies":[{"embeddable":true,"href":"https:\/\/alte.mannschaft.lgbt\/bimber\/wp-json\/wp\/v2\/comments?post=81451"}],"version-history":[{"count":0,"href":"https:\/\/alte.mannschaft.lgbt\/bimber\/wp-json\/wp\/v2\/posts\/81451\/revisions"}],"wp:featuredmedia":[{"embeddable":true,"href":"https:\/\/alte.mannschaft.lgbt\/bimber\/wp-json\/wp\/v2\/media\/38684"}],"wp:attachment":[{"href":"https:\/\/alte.mannschaft.lgbt\/bimber\/wp-json\/wp\/v2\/media?parent=81451"}],"wp:term":[{"taxonomy":"category","embeddable":true,"href":"https:\/\/alte.mannschaft.lgbt\/bimber\/wp-json\/wp\/v2\/categories?post=81451"},{"taxonomy":"post_tag","embeddable":true,"href":"https:\/\/alte.mannschaft.lgbt\/bimber\/wp-json\/wp\/v2\/tags?post=81451"}],"curies":[{"name":"wp","href":"https:\/\/api.w.org\/{rel}","templated":true}]}}