{"id":80197,"date":"2020-06-03T09:50:01","date_gmt":"2020-06-03T07:50:01","guid":{"rendered":"https:\/\/mannschaft.com\/?p=80197"},"modified":"2020-06-03T11:15:46","modified_gmt":"2020-06-03T09:15:46","slug":"richard-grenell-ist-nicht-mehr-us-botschafter","status":"publish","type":"post","link":"https:\/\/alte.mannschaft.lgbt\/bimber\/richard-grenell-ist-nicht-mehr-us-botschafter\/","title":{"rendered":"Richard Grenell ist nicht mehr US-Botschafter"},"content":{"rendered":"<h3>Richard Grenell ist als Botschafter in Berlin zur\u00fcckgetreten. Seinen Posten habe vor\u00fcbergehend die Stellvertreterin Robin Quinville \u00fcbernommen, sagte ein Botschaftssprecher der dpa. Schon vor einigen Wochen war bekannt geworden, dass Grenell seinen Botschafterposten r\u00e4umen will.<\/h3>\n<p>Eine Sprecherin des US-Botschafters Richard Grenell hatte zun\u00e4chst einen Bericht der Deutschen Presse Agentur zur\u00fcckgewiesen, wonach bereits entschieden sei, dass Grenell innerhalb der n\u00e4chsten Wochen als US-Botschafter abtreten werde.<\/p>\n<blockquote class=\"wp-embedded-content\" data-secret=\"3rdojoOgJP\"><p><a href=\"https:\/\/mannschaft.com\/2020\/05\/22\/irland-feiert-5-jahre-eheoeffnung\/\">Inklusion und Hoffnung &#8211; Irland feiert 5 Jahre Ehe\u00f6ffnung<\/a><\/p><\/blockquote>\n<p><iframe title=\"&#8222;Inklusion und Hoffnung &#8211; Irland feiert 5 Jahre Ehe\u00f6ffnung&#8220; &#8212; Mannschaft Magazin\" class=\"wp-embedded-content\" sandbox=\"allow-scripts\" security=\"restricted\" style=\"position: absolute; clip: rect(1px, 1px, 1px, 1px);\" src=\"https:\/\/mannschaft.com\/2020\/05\/22\/irland-feiert-5-jahre-eheoeffnung\/embed\/#?secret=3rdojoOgJP\" data-secret=\"3rdojoOgJP\" width=\"600\" height=\"338\" frameborder=\"0\" marginwidth=\"0\" marginheight=\"0\" scrolling=\"no\"><\/iframe><\/p>\n<p>\u00abDie Berichterstattung der dpa kann ich aktuell nicht best\u00e4tigen\u00bb, sagte Grenells Sprecherin gegen\u00fcber der <em>Rheinischen Post<\/em>. Es sei Richtlinie der US-Botschaft, keine Kommentare zu Reisen oder Zeitpl\u00e4nen abzugeben. \u00abAber Botschafter Grenell hat sich weiterhin aktiv an den Priorit\u00e4ten der Verwaltung f\u00fcr Deutschland beteiligt, w\u00e4hrend er als amtierender Geheimdienstkoordinator t\u00e4tig war\u00bb, sagte die Sprecherin.<\/p>\n<p>Grenell war der h\u00f6chstrangige offen schwule Vertreter der Trump-Regierung.\u00a0Der Pr\u00e4sident lobte seinen Botschafter k\u00fcrzlich noch \u00fcberschw\u00e4nglich f\u00fcr dessen Arbeit als kommissarischer Geheimdienstkoordinator. \u00abRichard Grenell ist ein Superstar\u00bb, so Trump in einem US-Fernsehinterview. Was er f\u00fcr das Land getan habe, sei unglaublich. \u00abEr hat einen der besten Jobs gemacht, den ich je gesehen habe.\u00bb<\/p>\n<blockquote class=\"wp-embedded-content\" data-secret=\"vUvbbX58IK\"><p><a href=\"https:\/\/mannschaft.com\/2020\/05\/08\/lgbtiq-news-wir-feiern-100-ausgaben-und-10-jahre-mannschaft\/\">Cybersex, Cuba &#038; Corona &#8211; das bringt die 100. MANNSCHAFT-Ausgabe<\/a><\/p><\/blockquote>\n<p><iframe title=\"&#8222;Cybersex, Cuba &#038; Corona &#8211; das bringt die 100. MANNSCHAFT-Ausgabe&#8220; &#8212; Mannschaft Magazin\" class=\"wp-embedded-content\" sandbox=\"allow-scripts\" security=\"restricted\" style=\"position: absolute; clip: rect(1px, 1px, 1px, 1px);\" src=\"https:\/\/mannschaft.com\/2020\/05\/08\/lgbtiq-news-wir-feiern-100-ausgaben-und-10-jahre-mannschaft\/embed\/#?secret=vUvbbX58IK\" data-secret=\"vUvbbX58IK\" width=\"600\" height=\"338\" frameborder=\"0\" marginwidth=\"0\" marginheight=\"0\" scrolling=\"no\"><\/iframe><\/p>\n<p>Grenell war im Februar \u00fcberraschend von US-Pr\u00e4sident Trump nach Washington berufen worden, um kommissarisch den Posten des Geheimdienstkoordinators zu \u00fcbernehmen. Hintergrund war, dass der bis dahin gesch\u00e4ftsf\u00fchrende Koordinator Joseph Maguire bei Trump in Ungnade gefallen war und zur\u00fccktrat, weswegen eine schnelle Zwischenl\u00f6sung gefunden werden musste. Nun ist aber ein neuer, permanenter Koordinator f\u00fcr die 17 Geheimdienste gefunden: Am Donnerstag wurde der Kongressabgeordnete John Ratcliffe vom Senat best\u00e4tigt.<\/p>\n<p>Damit endet eine dreimonatige Amtszeit Grenells. Dass er nun auch seinen Botschafterposten abgibt, kommt nicht ganz \u00fcberraschend. Zwar hatte Grenell im Februar noch erkl\u00e4ren lassen, dass er Botschafter bleiben wolle. Zwei Wochen sp\u00e4ter berichtete aber das US-Online-Magazin <em>The Daily Wire,<\/em> Grenell habe dem Weissen Haus seine R\u00fccktrittsabsicht mitgeteilt.<\/p>\n<p>Im Februar 2019 hatte die Trump-Administration in Berlin eine weltweite Kampagne f\u00fcr die Rechte von Homosexuellen gestartet &#8211; mit Richard Grenell an der Speerspitze <a href=\"https:\/\/mannschaft.com\/2019\/02\/20\/trump-regierung-startet-weltweite-kampagne-zur-entkriminalisierung-von-homosexualitaet\/\" target=\"_blank\" rel=\"noopener noreferrer\">(MANNSCHAFT berichtete)<\/a>. Was daraus geworden ist, ist allerdings unklar.<\/p>\n<p>In der LGBTIQ-Zeitschrift\u00a0<a href=\"https:\/\/www.them.us\/story\/trump-administration-decriminalize-homosexuality#intcid=recommendations_default-popular_d16a2352-e8dc-474a-8dd8-33787ca892e0_cral-top2-3\" target=\"_blank\" rel=\"noopener noreferrer\">them.us<\/a> schrieb der US-Aktivist Matt Baume damals: \u00abDie neuen Pl\u00e4ne sind sehr vage, und sie kommen nach zwei Jahren, in denen die Trump-Regierung intensiv daran gearbeitet hat, LGBTIQ-Menschen zu unterdr\u00fccken.\u00bb<\/p>\n<p>Baume fragte Jeremy Kadden von der Organisation\u00a0<a href=\"https:\/\/www.hrc.org\/hrc-story\/staff\/jeremy-kadden\" target=\"_blank\" rel=\"noopener noreferrer\">Human Rights Campaign<\/a>, wer eigentlich bei dem Strategiegespr\u00e4ch in Berlin dabei sei. Kadden antwortete: \u00abWir haben keine Ahnung. Uns hat niemand gefragt.\u00bb<\/p>\n<blockquote class=\"wp-embedded-content\" data-secret=\"FTOQuwYe0U\"><p><a href=\"https:\/\/mannschaft.com\/2020\/03\/27\/trumps-bibelbuddy-coronavirus-ist-gottes-strafe-fuer-lgbtiq\/\">Trumps Bibelbuddy: Coronavirus ist Gottes Strafe f\u00fcr LGBTIQ<\/a><\/p><\/blockquote>\n<p><iframe title=\"&#8222;Trumps Bibelbuddy: Coronavirus ist Gottes Strafe f\u00fcr LGBTIQ&#8220; &#8212; Mannschaft Magazin\" class=\"wp-embedded-content\" sandbox=\"allow-scripts\" security=\"restricted\" style=\"position: absolute; clip: rect(1px, 1px, 1px, 1px);\" src=\"https:\/\/mannschaft.com\/2020\/03\/27\/trumps-bibelbuddy-coronavirus-ist-gottes-strafe-fuer-lgbtiq\/embed\/#?secret=FTOQuwYe0U\" data-secret=\"FTOQuwYe0U\" width=\"600\" height=\"338\" frameborder=\"0\" marginwidth=\"0\" marginheight=\"0\" scrolling=\"no\"><\/iframe><\/p>\n<p>Die Berliner LGBTIQ-Community wird Grenell wohl nicht vermissen. Er sorgte schon f\u00fcr reichlich Unmut. So hatte der gesch\u00e4ftsf\u00fchrender Vorstand der Bundesstiftung Magnus Hirschfeld J\u00f6rg Litwinschuh-Barthel im Sommer 2018 ein Foto ver\u00f6ffentlicht, das ihn Arm in Arm mit Grenell auf dessen CSD-Empfang zeigte. Es hagelte Kritik aus der Community und vom Stadtmagazin <em>Siegess\u00e4ule<\/em>. Deren Kolumnist Dirk Ludigs sprach von einem naiven \u00abUmgang der neuen amerikanischen Rechten\u00bb, Johannes Kram vom <a href=\"https:\/\/mannschaft.com\/2019\/05\/29\/johannes-kram-feiert-10-jahre-nollendorfblog\/\" target=\"_blank\" rel=\"noopener noreferrer\"><em>Nollendorfblog<\/em><\/a> sah in dem Foto einen \u00abErfolg der Anf\u00fchrer der Gegen-Emanzipation\u00bb. Litwinschuh-Barthel entschuldigte sich schliesslich auf Facebook.<\/p>\n<p>Er habe aus pers\u00f6nlicher Eitelkeit bei dem Foto sein eigentliches Anliegen konterkariert, mit dem damaligen Botschafter in einen kritischen und selbstbewussten Dialog eintreten zu wollen. Dies bedauere er. \u00abDen Dialog mit dem Botschafter und weiteren konservativen Kr\u00e4ften setze ich fort.\u00bb<\/p>\n<blockquote class=\"wp-embedded-content\" data-secret=\"jsW26E8v3o\"><p><a href=\"https:\/\/mannschaft.com\/2020\/06\/03\/ein-politisches-statement-salomes-heirat-in-deutschland-salome-zimmermann\/\">Ein politisches Statement: Salomes Heirat in Deutschland<\/a><\/p><\/blockquote>\n<p><iframe title=\"&#8222;Ein politisches Statement: Salomes Heirat in Deutschland&#8220; &#8212; Mannschaft Magazin\" class=\"wp-embedded-content\" sandbox=\"allow-scripts\" security=\"restricted\" style=\"position: absolute; clip: rect(1px, 1px, 1px, 1px);\" src=\"https:\/\/mannschaft.com\/2020\/06\/03\/ein-politisches-statement-salomes-heirat-in-deutschland-salome-zimmermann\/embed\/#?secret=jsW26E8v3o\" data-secret=\"jsW26E8v3o\" width=\"600\" height=\"338\" frameborder=\"0\" marginwidth=\"0\" marginheight=\"0\" scrolling=\"no\"><\/iframe><\/p>\n<p>Auch im politischen Berlin habe sich Richard Grenell kaum Freunde gemacht, schreibt der <em>Spiegel.<\/em> Sein bester Kontakt in die Bundesregierung sei der ebenfalls offen schwule Gesundheitsminister Jens Spahn (CDU).<\/p>\n","protected":false},"excerpt":{"rendered":"<p>Nach seiner Abl\u00f6sung als Geheimdienstkoordinator der US-Regierung hat Richard Grenell auch seinen Posten als Botschafter in Berlin ger\u00e4umt. <a class=\"g1-link g1-link-more\" href=\"https:\/\/alte.mannschaft.lgbt\/bimber\/richard-grenell-ist-nicht-mehr-us-botschafter\/\">Weiterlesen<\/a><\/p>\n","protected":false},"author":1,"featured_media":30047,"comment_status":"closed","ping_status":"closed","sticky":false,"template":"","format":"standard","meta":[],"categories":[2],"tags":[128,62,3118,145],"wps_subtitle":"Es war der h\u00f6chstrangige offen schwule Vertreter der US-Regierung \u2013 Trump nannte ihn \u00abSuperstar\u00bb","_links":{"self":[{"href":"https:\/\/alte.mannschaft.lgbt\/bimber\/wp-json\/wp\/v2\/posts\/80197"}],"collection":[{"href":"https:\/\/alte.mannschaft.lgbt\/bimber\/wp-json\/wp\/v2\/posts"}],"about":[{"href":"https:\/\/alte.mannschaft.lgbt\/bimber\/wp-json\/wp\/v2\/types\/post"}],"author":[{"embeddable":true,"href":"https:\/\/alte.mannschaft.lgbt\/bimber\/wp-json\/wp\/v2\/users\/1"}],"replies":[{"embeddable":true,"href":"https:\/\/alte.mannschaft.lgbt\/bimber\/wp-json\/wp\/v2\/comments?post=80197"}],"version-history":[{"count":0,"href":"https:\/\/alte.mannschaft.lgbt\/bimber\/wp-json\/wp\/v2\/posts\/80197\/revisions"}],"wp:featuredmedia":[{"embeddable":true,"href":"https:\/\/alte.mannschaft.lgbt\/bimber\/wp-json\/wp\/v2\/media\/30047"}],"wp:attachment":[{"href":"https:\/\/alte.mannschaft.lgbt\/bimber\/wp-json\/wp\/v2\/media?parent=80197"}],"wp:term":[{"taxonomy":"category","embeddable":true,"href":"https:\/\/alte.mannschaft.lgbt\/bimber\/wp-json\/wp\/v2\/categories?post=80197"},{"taxonomy":"post_tag","embeddable":true,"href":"https:\/\/alte.mannschaft.lgbt\/bimber\/wp-json\/wp\/v2\/tags?post=80197"}],"curies":[{"name":"wp","href":"https:\/\/api.w.org\/{rel}","templated":true}]}}